{"id":142072,"date":"2025-05-31T16:43:12","date_gmt":"2025-05-31T16:43:12","guid":{"rendered":"https:\/\/www.europesays.com\/fr\/142072\/"},"modified":"2025-05-31T16:43:12","modified_gmt":"2025-05-31T16:43:12","slug":"les-chaines-changent-de-numero-liberation","status":"publish","type":"post","link":"https:\/\/www.europesays.com\/fr\/142072\/","title":{"rendered":"les cha\u00eenes changent de num\u00e9ro \u2013 Lib\u00e9ration"},"content":{"rendered":"<p class=\"sc-ksZaOG ehjQrN text-element\">C\u2019est un bouleversement in\u00e9dit depuis vingt ans dans l\u2019univers de la t\u00e9l\u00e9vision : \u00e0 partir de vendredi prochain, le 6 juin, de nombreuses cha\u00eenes changent de num\u00e9ro, \u2013 dont celles d\u2019information en continu, regroup\u00e9es de 13 \u00e0 16 \u2013, <a href=\"https:\/\/www.liberation.fr\/economie\/medias\/lanimateur-laurent-ruquier-rejoint-t18-nouvelle-chaine-de-la-tnt-20250406_63AUYAKSNJG6XD4WEPRXICRLJE\/\" target=\"_blank\" rel=\"nofollow noopener\" title=\"https:\/\/www.liberation.fr\/economie\/medias\/lanimateur-laurent-ruquier-rejoint-t18-nouvelle-chaine-de-la-tnt-20250406_63AUYAKSNJG6XD4WEPRXICRLJE\/\">et une autre fait son arriv\u00e9e, T18<\/a>. La grande majorit\u00e9 des t\u00e9l\u00e9viseurs effectueront automatiquement la mise \u00e0 jour de la num\u00e9rotation dans la nuit de jeudi \u00e0 vendredi, ou la proposeront \u00e0 l\u2019allumage le jour J. Dans de rares cas, il faudra proc\u00e9der manuellement \u00e0 une recherche automatique.<\/p>\n<p class=\"sc-ksZaOG ehjQrN text-element\">Ce sont surtout de nouvelles habitudes \u00e0 prendre pour les t\u00e9l\u00e9spectateurs, que les cha\u00eenes ont anticip\u00e9es par des campagnes d\u2019information ces derni\u00e8res semaines. Cette grande bascule d\u00e9coule <a href=\"https:\/\/www.liberation.fr\/economie\/medias\/apres-larret-des-chaines-c8-et-nrj12-que-va-t-il-se-passer-20250227_E44EHDZODBEFNPWPFJ7EGPHTBI\/\" target=\"_blank\" rel=\"nofollow noopener\" title=\"https:\/\/www.liberation.fr\/economie\/medias\/apres-larret-des-chaines-c8-et-nrj12-que-va-t-il-se-passer-20250227_E44EHDZODBEFNPWPFJ7EGPHTBI\/\">de l\u2019arr\u00eat fin f\u00e9vrier sur la t\u00e9l\u00e9vision num\u00e9rique terrestre (TNT) des cha\u00eenes C8 et NRJ12<\/a>. Cela a ouvert la possibilit\u00e9 d\u2019une remise en ordre plus logique des canaux, d\u00e9cid\u00e9e par l\u2019Arcom, le r\u00e9gulateur de l\u2019audiovisuel.<\/p>\n<p class=\"sc-ksZaOG ehjQrN text-element\">Les cha\u00eenes dites historiques ne sont cependant pas touch\u00e9es. La modification la plus spectaculaire est la constitution d\u2019un bloc d\u00e9di\u00e9 \u00e0 l\u2019information en continu : les leaders BFM TV et CNews, jusqu\u2019alors num\u00e9ros 15 et 16, vont avancer en 13 et 14. LCI (canal 26) et France Info (27) vont prendre les places 15 et 16. Une concurrence accrue se profile sur ce champ de l\u2019information, qui ne fait pas que des heureux, en particulier BFMTV qui perd sa position \u00e9tablie et a d\u00e9j\u00e0 \u00e9t\u00e9 d\u00e9tr\u00f4n\u00e9e ces derniers mois en audience par CNews.<\/p>\n<p class=\"sc-ksZaOG ehjQrN text-element\">L\u2019\u00e9volution de ces quatre num\u00e9ros est possible car les cha\u00eenes publiques LCP et Public S\u00e9nat, qui se partagent actuellement le canal 13, vont faire un bond jusqu\u2019au num\u00e9ro 8. Et France 4, cha\u00eene jeunesse et culturelle de France T\u00e9l\u00e9visions, va quitter le num\u00e9ro 14 pour remplacer Canal + sur le 4. Ainsi France 2, France 3, France 4 et France 5 vont se suivre sur la zappette.<\/p>\n<p class=\"sc-ksZaOG ehjQrN text-element\">Les logos de France 2, France 3, France 4 et France 5 dispara\u00eetront cependant de l\u2019antenne \u00e0 partir du 6 juin et seront remplac\u00e9s par la \u00abmarque m\u00e9dia unique\u00bb france.tv, <a href=\"https:\/\/www.liberation.fr\/economie\/medias\/france-televisions-avec-delphine-ernotte-cunci-on-ne-change-pas-des-programmes-qui-marchent-20250511_HWXSRUJIJZAU3GYOWQAIMLB76Y\/\" target=\"_blank\" rel=\"nofollow noopener\" title=\"https:\/\/www.liberation.fr\/economie\/medias\/france-televisions-avec-delphine-ernotte-cunci-on-ne-change-pas-des-programmes-qui-marchent-20250511_HWXSRUJIJZAU3GYOWQAIMLB76Y\/\">a annonc\u00e9 la pr\u00e9sidente du groupe public, Delphine Ernotte Cunci<\/a>. Canal a d\u00e9cid\u00e9 de retirer ses quatre cha\u00eenes payantes de la TNT (Canal +, Canal + Cin\u00e9ma, Canal + Sport, Plan\u00e8te), en r\u00e9action notamment au non-renouvellement de la fr\u00e9quence de C8, qui lui appartenait.<\/p>\n<p class=\"sc-ksZaOG ehjQrN text-element\">Gulli, la cha\u00eene pour enfants du groupe M6, va pour sa part troquer le num\u00e9ro 18 contre le 12, laiss\u00e9 vacant par NRJ12. En d\u00e9cembre, l\u2019Arcom avait \u00e9cart\u00e9 C8 et NRJ12, et s\u00e9lectionn\u00e9 deux nouvelles cha\u00eenes : l\u2019une cr\u00e9\u00e9e par le groupe CMI France, du milliardaire tch\u00e8que Daniel Kretinsky, l\u2019autre par Ouest-France.<\/p>\n<p class=\"sc-ksZaOG ehjQrN text-element\">La premi\u00e8re, baptis\u00e9e T18, sera lanc\u00e9e en fanfare le 6 juin sur le canal 18, la seconde, NOVO19, sur le 19 \u00e0 partir du 1er septembre. Dirig\u00e9e par Christopher Baldelli, T18 va appuyer sur le bouton on \u00e0 19 h 45 vendredi avec l\u2019ex-star de France 2 Laurent Ruquier, qui pr\u00e9sentera la grille. La nouvelle cha\u00eene promet d\u2019\u00eatre \u00abla t\u00e9l\u00e9 qui s\u2019amuse \u00e0 r\u00e9fl\u00e9chir\u00bb.<\/p>\n<p class=\"sc-ksZaOG ehjQrN text-element\">Plusieurs autres antennes ont \u00e9t\u00e9 amen\u00e9es \u00e0 repenser leur offre, notamment France 4, qui veut davantage se tourner vers les familles. Ce changement g\u00e9n\u00e9ral constitue une premi\u00e8re depuis la cr\u00e9ation de la TNT en 2005 car, jusque-l\u00e0, les derniers arriv\u00e9s prenaient les derniers num\u00e9ros. L\u2019Arcom a men\u00e9 des consultations avec les cha\u00eenes sur ce sujet, qui reste crucial malgr\u00e9 un visionnage croissant des programmes via les plateformes. Etre dans les premiers est consid\u00e9r\u00e9 comme un avantage pour l\u2019audience : plus un num\u00e9ro est bas, plus vite on tombe dessus sur la t\u00e9l\u00e9commande. Les premi\u00e8res vagues de mesures d\u2019audience seront donc scrut\u00e9es de pr\u00e8s.<\/p>\n<p class=\"sc-ksZaOG ehjQrN text-element\">C8, qui \u00e9tait la cha\u00eene de l\u2019animateur controvers\u00e9 <a href=\"https:\/\/www.liberation.fr\/economie\/medias\/le-travail-a-officiellement-commence-hanouna-a-debarque-chez-m6-et-prepare-la-rentree-de-septembre-20250415_ZWIGV7Z7WVERJMPEHBP7SLGKXQ\/\" target=\"_blank\" rel=\"nofollow noopener\" title=\"https:\/\/www.liberation.fr\/economie\/medias\/le-travail-a-officiellement-commence-hanouna-a-debarque-chez-m6-et-prepare-la-rentree-de-septembre-20250415_ZWIGV7Z7WVERJMPEHBP7SLGKXQ\/\">Cyril Hanouna<\/a>, ainsi que NRJ12, avaient contest\u00e9 leur exclusion de la TNT devant le Conseil d\u2019Etat, en vain. Propri\u00e9t\u00e9 du groupe Canal +, dans le giron du milliardaire conservateur Vincent Bollor\u00e9, C8 avait cumul\u00e9 7,6 millions d\u2019euros d\u2019amende en raison des d\u00e9rapages du chef de file de l\u2019\u00e9mission TPMP. Cyril Hanouna animera \u00e0 partir du 1er septembre deux nouvelles \u00e9missions quotidiennes ax\u00e9es sur le divertissement, Tout beau tout 9 sur W9, et Tout beau tout Fun sur Fun Radio.<\/p>\n<p class=\"sc-ksZaOG ehjQrN text-element\">19 : Novo 19 (\u00e0 compter du 1er septembre 2025)<\/p>\n","protected":false},"excerpt":{"rendered":"C\u2019est un bouleversement in\u00e9dit depuis vingt ans dans l\u2019univers de la t\u00e9l\u00e9vision : \u00e0 partir de vendredi prochain,&hellip;\n","protected":false},"author":2,"featured_media":142073,"comment_status":"","ping_status":"","sticky":false,"template":"","format":"standard","meta":{"footnotes":""},"categories":[1356],"tags":[4690,58,59,1011,27,252,1364],"class_list":{"0":"post-142072","1":"post","2":"type-post","3":"status-publish","4":"format-standard","5":"has-post-thumbnail","7":"category-television","8":"tag-arcom","9":"tag-divertissement","10":"tag-entertainment","11":"tag-fr","12":"tag-france","13":"tag-television","14":"tag-tv"},"share_on_mastodon":{"url":"https:\/\/pubeurope.com\/@fr\/114603452285938504","error":""},"_links":{"self":[{"href":"https:\/\/www.europesays.com\/fr\/wp-json\/wp\/v2\/posts\/142072","targetHints":{"allow":["GET"]}}],"collection":[{"href":"https:\/\/www.europesays.com\/fr\/wp-json\/wp\/v2\/posts"}],"about":[{"href":"https:\/\/www.europesays.com\/fr\/wp-json\/wp\/v2\/types\/post"}],"author":[{"embeddable":true,"href":"https:\/\/www.europesays.com\/fr\/wp-json\/wp\/v2\/users\/2"}],"replies":[{"embeddable":true,"href":"https:\/\/www.europesays.com\/fr\/wp-json\/wp\/v2\/comments?post=142072"}],"version-history":[{"count":0,"href":"https:\/\/www.europesays.com\/fr\/wp-json\/wp\/v2\/posts\/142072\/revisions"}],"wp:featuredmedia":[{"embeddable":true,"href":"https:\/\/www.europesays.com\/fr\/wp-json\/wp\/v2\/media\/142073"}],"wp:attachment":[{"href":"https:\/\/www.europesays.com\/fr\/wp-json\/wp\/v2\/media?parent=142072"}],"wp:term":[{"taxonomy":"category","embeddable":true,"href":"https:\/\/www.europesays.com\/fr\/wp-json\/wp\/v2\/categories?post=142072"},{"taxonomy":"post_tag","embeddable":true,"href":"https:\/\/www.europesays.com\/fr\/wp-json\/wp\/v2\/tags?post=142072"}],"curies":[{"name":"wp","href":"https:\/\/api.w.org\/{rel}","templated":true}]}}