{"id":142078,"date":"2025-05-31T16:46:09","date_gmt":"2025-05-31T16:46:09","guid":{"rendered":"https:\/\/www.europesays.com\/fr\/142078\/"},"modified":"2025-05-31T16:46:09","modified_gmt":"2025-05-31T16:46:09","slug":"bronzer-sans-taches-sans-rides-et-sans-danger-tout-pour-haler-bien","status":"publish","type":"post","link":"https:\/\/www.europesays.com\/fr\/142078\/","title":{"rendered":"Bronzer sans taches, sans rides et sans danger : tout pour h\u00e2ler bien"},"content":{"rendered":"<p>Prendre soin de sa peau en bronzant en m\u00eame temps\u00a0? Facile mais pas sans bon sens, sans conscience ni sans grands \u00e9crans.<\/p>\n<p class=\"fig-paragraph\">Irr\u00e9ductibles Fran\u00e7ais\u00a0! Qui \u00e0 v\u00e9lo ignorent les feux et en \u00e9t\u00e9 narguent les UV. Bien s\u00fbr, il y a du mieux, mais les cancers de la\u00a0<a href=\"https:\/\/madame.lefigaro.fr\/tag\/peau\" target=\"_blank\" rel=\"noopener nofollow\" data-gtm-custom-categorie=\"navigation\" data-gtm-custom-action=\"crossclick\" data-gtm-custom-label=\"Contextuel\" data-gtm-event=\"customEventSPE\">peau<\/a>\u00a0ont tripl\u00e9 entre\u00a01990 et\u00a02023, d\u00fbs dans plus de 85\u200a% des cas \u00e0 une exposition excessive au soleil. Selon une \u00e9tude OpinionWay r\u00e9alis\u00e9e en 2024 pour la F\u00e9d\u00e9ration des entreprises de la beaut\u00e9, 84\u200a% des personnes interrog\u00e9es d\u00e9clarent utiliser une cr\u00e8me solaire \u00e0 la plage ou \u00e0 la piscine, mais seulement 31\u200a% en remettent toutes les deux heures comme le recommandent les dermatologues. Et 30\u200a% des parents laissent encore gambader leurs enfants sans protection. Enfin, on sous-estime largement les expositions du quotidien en terrasse et en balade qui, avec le r\u00e9chauffement climatique, augmentent aussi les risques. Pourquoi tant de r\u00e9sistance\u00a0? 59\u200a% invoquent la crainte de l\u2019impact des filtres sur leur sant\u00e9 et sur les oc\u00e9ans.<\/p>\n<p>Marques engag\u00e9es<\/p>\n<p class=\"fig-paragraph\"><strong>\u00ab<\/strong>Tous les filtres autoris\u00e9s par la r\u00e9glementation, qu\u2019ils soient chimiques ou min\u00e9raux, sont s\u00fbrs pour la\u00a0<a href=\"https:\/\/madame.lefigaro.fr\/tag\/sante\" target=\"_blank\" rel=\"noopener nofollow\" data-gtm-custom-categorie=\"navigation\" data-gtm-custom-action=\"crossclick\" data-gtm-custom-label=\"Contextuel\" data-gtm-event=\"customEventSPE\">sant\u00e9<\/a>\u00a0humaine\u00bb, rappelle la toxicologue Clarisse Bavoux. Que pr\u00e9f\u00e9rez-vous\u00a0? Un \u00e9cran solaire trois mois par an et qu\u2019on peut rincer le soir, ou bien des taches, des rides, voire un m\u00e9lanome\u00a0? Reste le probl\u00e8me \u00e9cologique. Oui, les filtres solaires peuvent se retrouver dans la mer ou les rivi\u00e8res. D\u2019ailleurs, la nouvelle directive europ\u00e9enne interdit sur les emballages toute all\u00e9gation de b\u00e9n\u00e9fice environnemental, de pictogrammes ou logos de d\u00e9veloppement durable. Une raison de plus pour choisir les marques les plus engag\u00e9es dans la protection des \u00e9cosyst\u00e8mes aquatiques.<\/p>\n<p class=\"fig-paragraph\">En tout cas, toutes se surpassent pour nous plaire avec des produits pratiques, sensoriels, \u00e0 tous les prix. Formules blind\u00e9es d\u2019actifs soin, textures ultral\u00e9g\u00e8res, formats nomades ou familiaux, parfums enchanteurs\u2026 Le vrai probl\u00e8me aujourd\u2019hui, c\u2019est le choix. Sinon, v\u00eatements, lunettes, chapeau et ombre restent efficaces et sans danger.<\/p>\n<p>\u00c0 la plage avec des super sprays<\/p>\n<p class=\"fig-paragraph\">Eaux, laits, huiles\u2026 \u00c0 indice \u00e9gal, tous prot\u00e8gent autant, \u00e0 condition de privil\u00e9gier les formules waterproof (qui ont en plus l\u2019avantage de moins se diluer dans l\u2019eau pendant la baignade), d\u2019en appliquer g\u00e9n\u00e9reusement et d\u2019en remettre souvent. La corv\u00e9e devient plaisir avec&#8230; L\u2019Huile Solaire Or SPF 50, Nuxe. L\u2019Huile Invisible Protection Cellulaire visage, corps, cheveux, SPF 30, Vichy. Eau Solaire Corps SPF 50, Sun Beauty,\u00a0<a href=\"https:\/\/madame.lefigaro.fr\/tag\/lancaster\" target=\"_blank\" rel=\"noopener nofollow\" data-gtm-custom-categorie=\"navigation\" data-gtm-custom-action=\"crossclick\" data-gtm-custom-label=\"Contextuel\" data-gtm-event=\"customEventSPE\">Lancaster<\/a>. Lait Solaire Protection et Hydratation 50+, Biotherm.<\/p>\n","protected":false},"excerpt":{"rendered":"Prendre soin de sa peau en bronzant en m\u00eame temps\u00a0? Facile mais pas sans bon sens, sans conscience&hellip;\n","protected":false},"author":2,"featured_media":142079,"comment_status":"","ping_status":"","sticky":false,"template":"","format":"standard","meta":{"footnotes":""},"categories":[10],"tags":[2424,4983,6731,27009,6729,6728,2883,1295,1294,638,4988,1011,27,72,4933,977,6726,6727,2298,9854,71,4984,4904,517,6730],"class_list":{"0":"post-142078","1":"post","2":"type-post","3":"status-publish","4":"format-standard","5":"has-post-thumbnail","7":"category-sante","8":"tag-beaute","9":"tag-bien-etre","10":"tag-bien-fait","11":"tag-bronzage","12":"tag-coiffure","13":"tag-coupe-de-cheveux","14":"tag-ete","15":"tag-feminin","16":"tag-femme","17":"tag-figaro","18":"tag-forme","19":"tag-fr","20":"tag-france","21":"tag-health","22":"tag-homme","23":"tag-madame","24":"tag-make-up","25":"tag-maquillage","26":"tag-parfum","27":"tag-peau","28":"tag-sante","29":"tag-soins","30":"tag-soleil","31":"tag-sport","32":"tag-vernis"},"share_on_mastodon":{"url":"https:\/\/pubeurope.com\/@fr\/114603464040464994","error":""},"_links":{"self":[{"href":"https:\/\/www.europesays.com\/fr\/wp-json\/wp\/v2\/posts\/142078","targetHints":{"allow":["GET"]}}],"collection":[{"href":"https:\/\/www.europesays.com\/fr\/wp-json\/wp\/v2\/posts"}],"about":[{"href":"https:\/\/www.europesays.com\/fr\/wp-json\/wp\/v2\/types\/post"}],"author":[{"embeddable":true,"href":"https:\/\/www.europesays.com\/fr\/wp-json\/wp\/v2\/users\/2"}],"replies":[{"embeddable":true,"href":"https:\/\/www.europesays.com\/fr\/wp-json\/wp\/v2\/comments?post=142078"}],"version-history":[{"count":0,"href":"https:\/\/www.europesays.com\/fr\/wp-json\/wp\/v2\/posts\/142078\/revisions"}],"wp:featuredmedia":[{"embeddable":true,"href":"https:\/\/www.europesays.com\/fr\/wp-json\/wp\/v2\/media\/142079"}],"wp:attachment":[{"href":"https:\/\/www.europesays.com\/fr\/wp-json\/wp\/v2\/media?parent=142078"}],"wp:term":[{"taxonomy":"category","embeddable":true,"href":"https:\/\/www.europesays.com\/fr\/wp-json\/wp\/v2\/categories?post=142078"},{"taxonomy":"post_tag","embeddable":true,"href":"https:\/\/www.europesays.com\/fr\/wp-json\/wp\/v2\/tags?post=142078"}],"curies":[{"name":"wp","href":"https:\/\/api.w.org\/{rel}","templated":true}]}}