{"id":14208,"date":"2025-04-10T04:52:16","date_gmt":"2025-04-10T04:52:16","guid":{"rendered":"https:\/\/www.europesays.com\/fr\/14208\/"},"modified":"2025-04-10T04:52:16","modified_gmt":"2025-04-10T04:52:16","slug":"depopulation-du-saumon-chateaulin-etait-une-des-meilleures-rivieres-de-france","status":"publish","type":"post","link":"https:\/\/www.europesays.com\/fr\/14208\/","title":{"rendered":"D\u00e9population du saumon\u00a0: \u00ab\u00a0Ch\u00e2teaulin \u00e9tait une des meilleures rivi\u00e8res de France\u00a0\u00bb"},"content":{"rendered":"<p>La p\u00eache, Emmanuel Adam est tomb\u00e9 dedans quand il \u00e9tait tout petit. \u00c0 cinq ans, il p\u00eachait d\u00e9j\u00e0 sur les bords de l\u2019Eure, dans sa Normandie natale. \u00c0 sept ans, pendant des vacances \u00e0 Audierne, il d\u00e9couvre la p\u00eache du bar en mer. Le petit gar\u00e7on est d\u00e9finitivement mordu. \u00ab\u00a0Depuis, je n\u2019ai pas rat\u00e9 une saison\u00a0!\u00a0\u00bb, raconte le cadre commercial de 53 ans. La p\u00eache a aussi orient\u00e9 une partie de sa vie, puisque c\u2019est elle qui l\u2019a amen\u00e9 \u00e0 Ch\u00e2teaulin, un beau jour de 1995.<\/p>\n<p>\u00ab Je crois qu\u2019il se prenait plus de 800 poissons \u00e0 la canne\u2026\u00a0\u00bb<\/p>\n<p>\u00ab\u00a0J\u2019avais des clients qui venaient p\u00eacher le saumon \u00e0 Ch\u00e2teaulin pendant deux ou trois semaines, ils m\u2019en parlaient comme de quelque chose d\u2019exceptionnel\ufeff\u00a0\u00bb, retrace l\u2019ancien directeur de magasin de Mondial P\u00eache. \u00ab\u00a0Mon premier jour de p\u00eache ici, je fais un saumon de 10 livres sous le viaduc, j\u2019\u00e9tais ravi\u00a0!\u00a0\u00bb. Emmanuel Adam d\u00e9couvre l\u2019exaltation sur les quais et une ambiance tr\u00e8s chaleureuse. \u00ab\u00a0Je crois qu\u2019il se prenait plus de 800 poissons \u00e0 la canne. Il n\u2019y avait pas de quotas et il y avait beaucoup de saumons, on les voyait bouger\u00a0\u00bb. Les p\u00eacheurs viennent de loin, de Suisse, de Belgique, de r\u00e9gion parisienne\u2026 \u00ab\u00a0C\u2019est simple, il n\u2019y avait plus de logement \u00e0 louer aux alentours. C\u2019\u00e9tait blind\u00e9, blind\u00e9\u00a0\u00bb, se souvient le Haut Normand, qui n\u2019avait trouv\u00e9 \u00e0 se loger qu\u2019\u00e0 Plomodiern. \u00ab\u00a0Ch\u00e2teaulin \u00e9tait r\u00e9put\u00e9e comme une des meilleures rivi\u00e8res de France pour le saumon. Les anciens disaient que l\u2019on attrapait la \u00ab\u00a0saumonite aigu\u00eb\u00a0\u00bb\u00a0!\u00a0\u00bb.<\/p>\n<p>Poisson noble par excellence, le saumon se m\u00e9rite. \u00ab\u00a0Il a une d\u00e9fense exceptionnelle, il part tr\u00e8s vite dans le courant. C\u2019est un poisson tr\u00e8s profil\u00e9, tout en muscles, tr\u00e8s combatif, qui ne se rend jamais\u00a0\u00bb, appr\u00e9cie Emmanuel Adam qui ne tarit pas d\u2019\u00e9loges sur ce \u00ab\u00a0magnifique poisson blanc argent\u00e9\u00a0\u00bb. D\u2019autant que r\u00e9ussir \u00e0 d\u00e9clencher une touche est presque aussi rare qu\u2019un ticket de loterie gagnant. \u00ab\u00a0Quand le saumon remonte pour se reproduire, il ne mange plus, il va juste attaquer par agressivit\u00e9. Cette p\u00eache est difficile et tr\u00e8s al\u00e9atoire, on peut y passer des jours et des jours sans rien avoir\u00a0\u00bb.<\/p>\n<p>\u00ab\u00a0Une photo et on le remet \u00e0 l\u2019eau\u00a0\u00bb<\/p>\n<p>Cette passion du saumon et de la p\u00eache en g\u00e9n\u00e9ral, va amener Emmanuel Adam \u00e0 s\u2019installer \u00e0 Ch\u00e2teaulin, o\u00f9 il reprendra la boutique chasse et p\u00eache de Mme Blaize. \u00ab\u00a0C\u2019\u00e9tait comme une \u00e9vidence de venir ici, j\u2019adorais p\u00eacher le saumon de printemps\u00a0\u00bb. Emmanuel Adam situe le d\u00e9but du d\u00e9clin dans les ann\u00e9es 2000. \u00ab\u00a0On a bien vu le nombre de p\u00eacheurs diminuer\u2026\u00a0\u00bb. Son dernier saumon p\u00each\u00e9\u00a0? \u00ab\u00a0C\u2019\u00e9tait il y a deux ans, derri\u00e8re le camping de Ch\u00e2teaulin. Un beau poisson que j\u2019ai rel\u00e2ch\u00e9\u00a0\u00bb. Il craint aujourd\u2019hui que cette p\u00eache ne rouvre jamais. Pour le quinquag\u00e9naire, la solution serait le \u00ab\u00a0no-kill\u00a0\u00bb (NDLR\u00a0: pas de mise \u00e0 mort, le poisson attrap\u00e9 est rel\u00e2ch\u00e9) pour le saumon. \u00ab\u00a0On le prend, on fait une photo ou une petite vid\u00e9o et on le remet \u00e0 l\u2019eau\u2026\u00a0\u00bb.<\/p>\n","protected":false},"excerpt":{"rendered":"La p\u00eache, Emmanuel Adam est tomb\u00e9 dedans quand il \u00e9tait tout petit. \u00c0 cinq ans, il p\u00eachait d\u00e9j\u00e0&hellip;\n","protected":false},"author":2,"featured_media":14209,"comment_status":"","ping_status":"","sticky":false,"template":"","format":"standard","meta":{"footnotes":""},"categories":[4],"tags":[11,6206,436,5154,3321,1011,27,12,4838,25],"class_list":{"0":"post-14208","1":"post","2":"type-post","3":"status-publish","4":"format-standard","5":"has-post-thumbnail","7":"category-france","8":"tag-actualites","9":"tag-chateaulin","10":"tag-environnement","11":"tag-faune","12":"tag-finistere","13":"tag-fr","14":"tag-france","15":"tag-news","16":"tag-peche","17":"tag-republique-francaise"},"share_on_mastodon":{"url":"https:\/\/pubeurope.com\/@fr\/114311878586774347","error":""},"_links":{"self":[{"href":"https:\/\/www.europesays.com\/fr\/wp-json\/wp\/v2\/posts\/14208","targetHints":{"allow":["GET"]}}],"collection":[{"href":"https:\/\/www.europesays.com\/fr\/wp-json\/wp\/v2\/posts"}],"about":[{"href":"https:\/\/www.europesays.com\/fr\/wp-json\/wp\/v2\/types\/post"}],"author":[{"embeddable":true,"href":"https:\/\/www.europesays.com\/fr\/wp-json\/wp\/v2\/users\/2"}],"replies":[{"embeddable":true,"href":"https:\/\/www.europesays.com\/fr\/wp-json\/wp\/v2\/comments?post=14208"}],"version-history":[{"count":0,"href":"https:\/\/www.europesays.com\/fr\/wp-json\/wp\/v2\/posts\/14208\/revisions"}],"wp:featuredmedia":[{"embeddable":true,"href":"https:\/\/www.europesays.com\/fr\/wp-json\/wp\/v2\/media\/14209"}],"wp:attachment":[{"href":"https:\/\/www.europesays.com\/fr\/wp-json\/wp\/v2\/media?parent=14208"}],"wp:term":[{"taxonomy":"category","embeddable":true,"href":"https:\/\/www.europesays.com\/fr\/wp-json\/wp\/v2\/categories?post=14208"},{"taxonomy":"post_tag","embeddable":true,"href":"https:\/\/www.europesays.com\/fr\/wp-json\/wp\/v2\/tags?post=14208"}],"curies":[{"name":"wp","href":"https:\/\/api.w.org\/{rel}","templated":true}]}}