{"id":142096,"date":"2025-05-31T16:55:10","date_gmt":"2025-05-31T16:55:10","guid":{"rendered":"https:\/\/www.europesays.com\/fr\/142096\/"},"modified":"2025-05-31T16:55:10","modified_gmt":"2025-05-31T16:55:10","slug":"saint-etienne-grece-tunisie-egypte-les-voyages-a-letranger-sont-prises-pour-les-vacances-dete-2","status":"publish","type":"post","link":"https:\/\/www.europesays.com\/fr\/142096\/","title":{"rendered":"Saint-Etienne. Gr\u00e8ce, Tunisie, \u00c9gypte&#8230; Les voyages \u00e0 l&rsquo;\u00e9tranger sont pris\u00e9s pour les vacances d&rsquo;\u00e9t\u00e9"},"content":{"rendered":"<p>Gr\u00e8ce, Espagne, \u00c9gypte\u2026 \u00c0 l\u2019approche de l\u2019\u00e9t\u00e9, de nombreux St\u00e9phanois r\u00e9servent leurs vacances au soleil.<\/p>\n<p>Circuits, s\u00e9jours festifs ou longs courriers\u00a0: les agences de voyages voient les demandes affluer, souvent \u00e0 la derni\u00e8re minute.<\/p>\n<p>\u00ab\u00a0Cette ann\u00e9e, les St\u00e9phanois veulent se faire plaisir\u00a0\u00bb<\/p>\n<p>\u00ab\u00a0Cette ann\u00e9e, les St\u00e9phanois veulent se faire plaisir\u00a0\u00bb, assure Laur\u00e8ne, conseill\u00e8re chez Promovacances, install\u00e9e \u00e0 deux pas de l\u2019h\u00f4tel de ville. Depuis plusieurs semaines, les demandes se multiplient&#8230;<\/p>\n","protected":false},"excerpt":{"rendered":"Gr\u00e8ce, Espagne, \u00c9gypte\u2026 \u00c0 l\u2019approche de l\u2019\u00e9t\u00e9, de nombreux St\u00e9phanois r\u00e9servent leurs vacances au soleil. Circuits, s\u00e9jours festifs&hellip;\n","protected":false},"author":2,"featured_media":142095,"comment_status":"","ping_status":"","sticky":false,"template":"","format":"standard","meta":{"footnotes":""},"categories":[9653],"tags":[1111,11,2430,33,7539,1777,674,1011,27,3367,12,25,4001,7538,602],"class_list":{"0":"post-142096","1":"post","2":"type-post","3":"status-publish","4":"format-standard","5":"has-post-thumbnail","7":"category-saint-etienne","8":"tag-actu","9":"tag-actualites","10":"tag-auvergne-rhone-alpes","11":"tag-economie","12":"tag-edition-loire-sud","13":"tag-eu","14":"tag-europe","15":"tag-fr","16":"tag-france","17":"tag-loire","18":"tag-news","19":"tag-republique-francaise","20":"tag-saint-etienne","21":"tag-saint-etienne-ville","22":"tag-tourisme"},"share_on_mastodon":{"url":"https:\/\/pubeurope.com\/@fr\/114603499430182004","error":""},"_links":{"self":[{"href":"https:\/\/www.europesays.com\/fr\/wp-json\/wp\/v2\/posts\/142096","targetHints":{"allow":["GET"]}}],"collection":[{"href":"https:\/\/www.europesays.com\/fr\/wp-json\/wp\/v2\/posts"}],"about":[{"href":"https:\/\/www.europesays.com\/fr\/wp-json\/wp\/v2\/types\/post"}],"author":[{"embeddable":true,"href":"https:\/\/www.europesays.com\/fr\/wp-json\/wp\/v2\/users\/2"}],"replies":[{"embeddable":true,"href":"https:\/\/www.europesays.com\/fr\/wp-json\/wp\/v2\/comments?post=142096"}],"version-history":[{"count":0,"href":"https:\/\/www.europesays.com\/fr\/wp-json\/wp\/v2\/posts\/142096\/revisions"}],"wp:featuredmedia":[{"embeddable":true,"href":"https:\/\/www.europesays.com\/fr\/wp-json\/wp\/v2\/media\/142095"}],"wp:attachment":[{"href":"https:\/\/www.europesays.com\/fr\/wp-json\/wp\/v2\/media?parent=142096"}],"wp:term":[{"taxonomy":"category","embeddable":true,"href":"https:\/\/www.europesays.com\/fr\/wp-json\/wp\/v2\/categories?post=142096"},{"taxonomy":"post_tag","embeddable":true,"href":"https:\/\/www.europesays.com\/fr\/wp-json\/wp\/v2\/tags?post=142096"}],"curies":[{"name":"wp","href":"https:\/\/api.w.org\/{rel}","templated":true}]}}