{"id":142097,"date":"2025-05-31T16:56:45","date_gmt":"2025-05-31T16:56:45","guid":{"rendered":"https:\/\/www.europesays.com\/fr\/142097\/"},"modified":"2025-05-31T16:56:45","modified_gmt":"2025-05-31T16:56:45","slug":"photos-a-nancy-le-marche-des-potiers-faconne-les-allees-du-parc-de-la-pepiniere-2","status":"publish","type":"post","link":"https:\/\/www.europesays.com\/fr\/142097\/","title":{"rendered":"Photos. A Nancy, le march\u00e9 des potiers fa\u00e7onne les all\u00e9es du parc de la P\u00e9pini\u00e8re"},"content":{"rendered":"<p>Le march\u00e9 des potiers fait son retour ce week-end dans les all\u00e9es du parc de la P\u00e9pini\u00e8re, \u00e0 Nancy. Cinquante-cinq potiers et c\u00e9ramistes venus de toutes la France, surtout du Grand Est, y exposent leurs cr\u00e9ations : vaiselles, d\u00e9co, luminaires, bijoux, sculptures, objets de jardin&#8230; L&rsquo;occasion id\u00e9ale de fl\u00e2ner, de chiner et de repartir avec des pi\u00e8ces uniques, belles et utiles.\u00a0<\/p>\n","protected":false},"excerpt":{"rendered":"Le march\u00e9 des potiers fait son retour ce week-end dans les all\u00e9es du parc de la P\u00e9pini\u00e8re, \u00e0&hellip;\n","protected":false},"author":2,"featured_media":141875,"comment_status":"","ping_status":"","sticky":false,"template":"","format":"standard","meta":{"footnotes":""},"categories":[9635],"tags":[1111,11,1477,1687,1704,1777,674,1011,27,2798,775,1702,12,25],"class_list":{"0":"post-142097","1":"post","2":"type-post","3":"status-publish","4":"format-standard","5":"has-post-thumbnail","7":"category-nancy","8":"tag-actu","9":"tag-actualites","10":"tag-artisanat","11":"tag-culture-loisirs","12":"tag-edition-nancy-et-agglomeration","13":"tag-eu","14":"tag-europe","15":"tag-fr","16":"tag-france","17":"tag-galerie-photo","18":"tag-grand-est","19":"tag-nancy","20":"tag-news","21":"tag-republique-francaise"},"share_on_mastodon":{"url":"https:\/\/pubeurope.com\/@fr\/114603503392011490","error":""},"_links":{"self":[{"href":"https:\/\/www.europesays.com\/fr\/wp-json\/wp\/v2\/posts\/142097","targetHints":{"allow":["GET"]}}],"collection":[{"href":"https:\/\/www.europesays.com\/fr\/wp-json\/wp\/v2\/posts"}],"about":[{"href":"https:\/\/www.europesays.com\/fr\/wp-json\/wp\/v2\/types\/post"}],"author":[{"embeddable":true,"href":"https:\/\/www.europesays.com\/fr\/wp-json\/wp\/v2\/users\/2"}],"replies":[{"embeddable":true,"href":"https:\/\/www.europesays.com\/fr\/wp-json\/wp\/v2\/comments?post=142097"}],"version-history":[{"count":0,"href":"https:\/\/www.europesays.com\/fr\/wp-json\/wp\/v2\/posts\/142097\/revisions"}],"wp:featuredmedia":[{"embeddable":true,"href":"https:\/\/www.europesays.com\/fr\/wp-json\/wp\/v2\/media\/141875"}],"wp:attachment":[{"href":"https:\/\/www.europesays.com\/fr\/wp-json\/wp\/v2\/media?parent=142097"}],"wp:term":[{"taxonomy":"category","embeddable":true,"href":"https:\/\/www.europesays.com\/fr\/wp-json\/wp\/v2\/categories?post=142097"},{"taxonomy":"post_tag","embeddable":true,"href":"https:\/\/www.europesays.com\/fr\/wp-json\/wp\/v2\/tags?post=142097"}],"curies":[{"name":"wp","href":"https:\/\/api.w.org\/{rel}","templated":true}]}}