{"id":142107,"date":"2025-05-31T17:02:08","date_gmt":"2025-05-31T17:02:08","guid":{"rendered":"https:\/\/www.europesays.com\/fr\/142107\/"},"modified":"2025-05-31T17:02:08","modified_gmt":"2025-05-31T17:02:08","slug":"a-vos-agendas-voici-les-foires-a-tout-en-juin-et-juillet-dans-la-region-de-rouen","status":"publish","type":"post","link":"https:\/\/www.europesays.com\/fr\/142107\/","title":{"rendered":"\u00c0 vos agendas ! Voici les foires \u00e0 tout en juin et juillet dans la r\u00e9gion de Rouen"},"content":{"rendered":"<p>            Par<br \/>\n        <strong><br \/>\n            <a href=\"https:\/\/actu.fr\/auteur\/laredaction\" title=\"Consulter tous les articles de R\u00e9daction Normandie\" rel=\"nofollow noopener\" target=\"_blank\">R\u00e9daction Normandie<\/a><br \/>\n        <\/strong><\/p>\n<p>        Publi\u00e9 le<\/p>\n<p>            31 mai 2025 \u00e0 18h00        <\/p>\n<p><strong>La saison des foires \u00e0 tout bat son plein !<\/strong> Pour vous aider \u00e0 vous y retrouver, voici le calendrier de celles pr\u00e9vues dans la r\u00e9gion de <a href=\"https:\/\/actu.fr\/normandie\/rouen_76540\" rel=\"nofollow noopener\" target=\"_blank\">Rouen<\/a> en juin et juillet 2025.<\/p>\n<p>Dimanche 1er juin<\/p>\n<p class=\" wall-content\"><strong>Beaubec-la-Rosi\u00e8re.<\/strong> Foire \u00e0 tout du Comit\u00e9 de Foire, sur la place de la Presle (place de l\u2019\u00e9glise) et rues adjacentes. 2 euros le m\u00e8tre. Inscriptions au 02 35 90 42 66 ou 06 19 59 11 43.\u00a0<\/p>\n<p class=\" wall-content\"><strong>Fleury-la-For\u00eat (Eure).<\/strong> Foire \u00e0 tout. 3 euros le m\u00e8tre, uniquement pour les particuliers. R\u00e9servations en mairie au 02 32 49 63 40.<\/p>\n<p class=\" wall-content\"><strong>Franqueville-Saint-Pierre.<\/strong> Vide grenier de Anim\u2019Action, au centre commercial des Forri\u00e8res. 10 euros l\u2019emplacement, uniquement pour les particuliers. R\u00e9servations au 06 83 31 13 63.<\/p>\n<p class=\" wall-content\"><strong>Fresne-l\u2019Archev\u00eaque (Eure).<\/strong> Foire \u00e0 tout du comit\u00e9 des f\u00eates, dans la grande rue. 3 euros le m\u00e8tre, 4 euros le m\u00e8tre pour les professionnels. R\u00e9servations au 02 32 69 46 59.<\/p>\n<p class=\" wall-content\"><strong>Petit-Couronne.<\/strong> Vide grenier de l\u2019harmonie R\u00e9veil Couronnais, au stade Maurice Ragot 109 rue du Bel air. R\u00e9servations au 06 12 48 32 29.<\/p>\n<p>Samedi 7 juin<\/p>\n<p class=\" wall-content\"><strong>Alizay (Eure).<\/strong> Brocante du comit\u00e9 des f\u00eates, au gymnase. Sans r\u00e9servation. Renseignements au 06 59 51 28 30.\u00a0<\/p>\n<p class=\" wall-content\"><strong>Oissel.<\/strong> Foire \u00e0 tout de l\u2019association Solinor, place Francisco Ferrer 20 rue Masson. R\u00e9servations au 06 67 18 05 14 ou 06 29 55 65 91.<\/p>\n<p>Dimanche 8 juin<\/p>\n<p class=\" wall-content\"><strong>Cott\u00e9vrard.<\/strong> Foire \u00e0 tout du comit\u00e9 d\u2019animation, \u00e0 l\u2019\u00e9cole Lucie Aubrac et sur le parking de l\u2019\u00e9glise. 2,50 euros le m\u00e8tre. Inscriptions au 06 83 63 54 55.<\/p>\n<p class=\" wall-content\"><strong>Oissel.<\/strong> Foire \u00e0 tout de l\u2019association Solinor, place Francisco Ferrer 20 rue Masson. R\u00e9servations au 06 67 18 05 14 ou 06 29 55 65 91.<\/p>\n<p class=\" wall-content\"><strong>Tourville-la-Rivi\u00e8re.<\/strong> Foire \u00e0 tout, en centre-ville. 5 euros le m\u00e8tre et 4,50 euros le m\u00e8tre pour les habitants, uniquement pour les particuliers. R\u00e9servations au 06 44 31 05 25.<\/p>\n<p>Lundi 9 juin<\/p>\n<p class=\" wall-content\"><strong>Canteleu.<\/strong> Foire \u00e0 tout sans r\u00e9servation de l\u2019association d\u00e9partementale pour la protection des animaux, sur le parking des garages et du centre commercial rue Alexandre Dumas. Renseignements au 07 80 20 78 72.<\/p>\n<p class=\" wall-content\"><strong>Forges-les-Eaux.<\/strong> Foire \u00e0 tout de l\u2019amicale des Sapeurs-pompiers, sur le parking du march\u00e9 aux bestiaux route de Neufch\u00e2tel. 2 euros le m\u00e8tre. Inscriptions au 06 99 72 95 40 ou 06 61 28 87 71.<\/p>\n<p class=\" wall-content\"><strong>Rouen.<\/strong> Foire \u00e0 tout de la 3CR, place Saint-Marc. 5,50 euros le m\u00e8tre par multiple de deux. Inscriptions au 06 31 30 10 84.<\/p>\n<p>Vendredi 13 juin<\/p>\n<p class=\" wall-content\"><strong>Buchy.<\/strong> March\u00e9 nocturne de Phoenix Organisation. Inscriptions au 06 78 07 78 98.<\/p>\n<p>Samedi 14 juin<\/p>\n<p class=\" wall-content\"><strong>Darn\u00e9tal.<\/strong> Foire \u00e0 tout de l\u2019Amicale La\u00efque, rue Louis Pasteur. 4 euros le m\u00e8tre, uniquement pour les particuliers. R\u00e9servations au 06 75 28 46 40.<\/p>\n<p class=\" wall-content\"><strong>Dieppe.<\/strong> Foire aux livres, vinyles, CD, DVD, VHS des Amys du Vieux Dieppe, dans la salle des Cong\u00e8s de 9 h \u00e0 17 h, entr\u00e9e gratuite. Renseignements par mail : <a href=\"https:\/\/actu.fr\/cdn-cgi\/l\/email-protection\" class=\"__cf_email__\" data-cfemail=\"4524283c36332c20303d212c20353520052228242c296b262a28\" rel=\"nofollow noopener\" target=\"_blank\">[email\u00a0protected]<\/a><\/p>\n<p class=\" wall-content\"><strong>Pont-de-l\u2019Arche (Eure).<\/strong> Foire \u00e0 tout, sur les bords de l\u2019Eure. 4 euros le m\u00e8tre. R\u00e9servations au 06 18 37 81 51.\u00a0<\/p>\n<p>Dimanche 15 juin<\/p>\n<p class=\" wall-content\"><strong>Bois-Guilbert.<\/strong> Foire \u00e0 tout, \u00e0 la salle des f\u00eates. 2,50 euros le m\u00e8tre et en int\u00e9rieur 3 euros le m\u00e8tre, uniquement pour les particuliers. R\u00e9servations au 06 17 13 53 47 ou 06 66 97 93 15.<\/p>\n<p class=\" wall-content\"><strong>Boos.<\/strong> Foire \u00e0 tout du Boos Hockey club, place de la poste. Uniquement pour les particuliers. R\u00e9servations au 06 38 52 15 07.<\/p>\n<p class=\" wall-content\"><strong>Critot.<\/strong> Foire \u00e0 tout du comit\u00e9 des f\u00eates, sur le terrain de l\u2019atelier municipal. 2 euros le m\u00e8tre, uniquement pour les particuliers. Inscriptions au 06 19 37 26 10.<\/p>\n<p class=\" wall-content\"><strong>Dieppe.<\/strong> Foire aux livres, vinyles, CD, DVD, VHS des Amys du Vieux Dieppe, dans la salle des Cong\u00e8s de 9 h \u00e0 17 h, entr\u00e9e gratuite. Renseignements par mail : <a href=\"https:\/\/actu.fr\/cdn-cgi\/l\/email-protection\" class=\"__cf_email__\" data-cfemail=\"ccada1b5bfbaa5a9b9b4a8a5a9bcbca98caba1ada5a0e2afa3a1\" rel=\"nofollow noopener\" target=\"_blank\">[email\u00a0protected]<\/a><\/p>\n<p class=\" wall-content\"><strong>Fresquiennes.<\/strong> Foire \u00e0 tout des Greniers de Fresquiennes, sur le stade de foot. 3,50 euros le m\u00e8tre (minimum 4 m\u00e8tres). Inscriptions au 06 75 38 89 64 ou <a href=\"https:\/\/actu.fr\/cdn-cgi\/l\/email-protection\" class=\"__cf_email__\" data-cfemail=\"6c0f03191a091e18191e09010d1e090f040d002c031e0d020b09420a1e\" rel=\"nofollow noopener\" target=\"_blank\">[email\u00a0protected]<\/a><\/p>\n<p class=\" wall-content\"><strong>Grand-Couronne.<\/strong> Foire \u00e0 tout, avenue du G\u00e9n\u00e9ral Leclerc parking Intermarch\u00e9.<\/p>\n<p class=\" wall-content\"><strong>Houppeville.<\/strong> Foire \u00e0 tout de l\u2019association Familles houppevillaises, place du Vivier. R\u00e9servations au 06 66 97 40 81 ou 06 60 11 34 88.<\/p>\n<p class=\" wall-content\"><strong>Mauquenchy.<\/strong> Foire \u00e0 tout \u00e0 l\u2019hippodrome. 2 euros le m\u00e8tre, uniquement pour les particuliers. R\u00e9servations au 06 58 82 44 15.<\/p>\n<p class=\" wall-content\"><strong>Mont-Saint-Aignan.<\/strong> Foire \u00e0 tout du comit\u00e9 de quartier Village Vatine, place Saint-M\u00e9en. 5 euros le m\u00e8tre, uniquement pour les particuliers. R\u00e9servations \u00e0 <a href=\"https:\/\/actu.fr\/cdn-cgi\/l\/email-protection\" class=\"__cf_email__\" data-cfemail=\"ee988782828f898b988f9a87808bae89838f8782c08d8183\" rel=\"nofollow noopener\" target=\"_blank\">[email\u00a0protected]<\/a><\/p>\n<p class=\" wall-content\"><strong>Saint-Martin-Osmonville.<\/strong> Foire \u00e0 tout rue du stade. 2 euros le m\u00e8tre sans r\u00e9servation, uniquement pour les particuliers. Renseignements au 06 72 86 12 17.<\/p>\n<p>Dimanche 22 juin<\/p>\n<p class=\" wall-content\"><strong>Rouen.<\/strong> Foire \u00e0 tout de la 3CR, rue Grand Pont, place de la Cath\u00e9drale, rue Champmesl\u00e9 et place Lelieur. 5,50 euros le m\u00e8tre par multiple de deux. Inscriptions au 06 31 30 10 84.<\/p>\n<p class=\" wall-content\"><strong>Saint-Aubin-Celloville.<\/strong> Foire \u00e0 tout sur le terrain de foot. Uniquement pour les particuliers. R\u00e9servations au 06 21 35 17 92.<\/p>\n<p class=\" wall-content\"><strong>Saint-Georges-sur-Fontaine.<\/strong> Foire \u00e0 tout du comit\u00e9 des f\u00eates, dans le centre du village. Inscriptions : <a href=\"https:\/\/actu.fr\/cdn-cgi\/l\/email-protection\" class=\"__cf_email__\" data-cfemail=\"0d6e626064796869687e6b6879687e237e6a7e6b4d6a606c6461236e6260\" rel=\"nofollow noopener\" target=\"_blank\">[email\u00a0protected]<\/a><\/p>\n<p>Samedi 28 juin<\/p>\n<p class=\" wall-content\"><strong>Buchy.<\/strong> L\u2019association ACPG CATM et les Jeunes Sapeurs-Pompiers organisent une foire \u00e0 tout. 4 euros le m\u00e8tre. Inscriptions au 02 35 34 12 59.<\/p>\n<p class=\" wall-content\"><strong>Forges-les-Eaux.<\/strong> Salon des antiquit\u00e9s et de la brocante de Phoenix Organisation. Inscriptions au 06 78 07 78 98.<\/p>\n<p>Dimanche 29 juin<\/p>\n<p class=\" wall-content\"><strong>Les Authieux-sur-le-Port-Saint-Ouen<\/strong>. Foire \u00e0 tout au ch\u00e2teau, sans r\u00e9servation.\u00a0<\/p>\n<p class=\" wall-content\"><strong>Bellencombre.<\/strong> Foire \u00e0 tout du comit\u00e9 des f\u00eates, sur le terrain de foot. 2 euros le m\u00e8tre. R\u00e9servations au 06 75 96 30 52.\u00a0<\/p>\n<p class=\" wall-content\"><strong>Bois-Guillaume.<\/strong> Foire \u00e0 tout du club de foot FUSCB, au parc des Cosmonautes 441 route de Darn\u00e9tal. R\u00e9servations au 09 77 00 59 47.<\/p>\n<p class=\" wall-content\"><strong>Buchy.<\/strong> L\u2019association ACPG CATM et les Jeunes Sapeurs-Pompiers organisent une foire \u00e0 tout. 4 euros le m\u00e8tre. Inscriptions au 02 35 34 12 59.<\/p>\n<p class=\" wall-content\"><strong>Eslettes.<\/strong> Foire \u00e0 tout du comit\u00e9 d\u2019animation des f\u00eates. 10 euros les 5 m\u00e8tres, uniquement pour les particuliers. R\u00e9servations en mairie au 06 31 52 84 16.\u00a0<\/p>\n<p class=\" wall-content\"><strong>Forges-les-Eaux.<\/strong> Salon des antiquit\u00e9s et de la brocante de Phoenix Organisation. Inscriptions au 06 78 07 78 98.<\/p>\n<p class=\" wall-content\"><strong>H\u00e9ronchelles.<\/strong> Foire \u00e0 tout de l\u2019association H\u00e9ronchelles en f\u00eates, sur l\u2019aire de pique-nique \u00e0 c\u00f4t\u00e9 de l\u2019\u00e9glise et de la salle des f\u00eates. 2 euros le m\u00e8tre, uniquement pour les particuliers. Inscriptions au 06 02 34 02 29.<\/p>\n<p class=\" wall-content\"><strong>Rouen.<\/strong> Vide grenier de l\u2019association Quartier des Bons Enfants, de la rue Jeanne d\u2019Arc au carrefour de la rue de l\u2019ancienne prison. 4 euros le m\u00e8tre. Inscriptions au 07 66 01 04 89.<\/p>\n<p class=\" wall-content\"><strong>Saint-Martin-Osmonville.<\/strong> Foire \u00e0 tout rue du stade. 2 euros le m\u00e8tre sans r\u00e9servation. Renseignements au 06 72 86 12 17.<\/p>\n<p>Dimanche 6 juillet<\/p>\n<p class=\" wall-content\"><strong>Boissay.<\/strong> Foire \u00e0 tout du comit\u00e9 des f\u00eates, sur le terrain communal. Uniquement pour les particuliers. R\u00e9servations au 06 80 32 53 86.<\/p>\n<p class=\" wall-content\"><strong>Charleval (Eure).<\/strong> Foire \u00e0 tout de la maison de retraite Villa St-Michel, \u00e0 Transi\u00e8res Villa St Michel. 2 euros le m\u00e8tre, et 4 euros le m\u00e8tre pour les professionnels. R\u00e9servations au 02 32 49 48 81.\u00a0<\/p>\n<p class=\" wall-content\"><strong>Maromme.<\/strong> Foire \u00e0 tout entre le stade Vauquelin et l\u2019\u00e9cole Th\u00e9r\u00e8se Delbos. Renseignements au 06 44 32 75 67 ou 07 84 84 25 93<\/p>\n<p class=\" wall-content\"><strong>Radepont (Eure).<\/strong> Foire aux greniers de G\u00e9n\u00e9rations Radepont, grande rue. 1 euro le m\u00e8tre. R\u00e9servations au 02 32 49 17 17 ou 06 14 15 91 15.\u00a0<\/p>\n<p class=\" wall-content\"><strong>Rouen.<\/strong> Foire \u00e0 tout de la 3CR, rue Vicomt\u00e9, rue aux Ours, place de la Pucelle. 5,50 euros le m\u00e8tre par multiple de deux. Inscriptions au 06 31 30 10 84.<\/p>\n<p>Dimanche 13 juillet<\/p>\n<p class=\" wall-content\"><strong>Le Houlme.<\/strong> Foire \u00e0 tout sur le parking Leclerc rue du g\u00e9n\u00e9ral de Gaulle. Renseignements au 07 63 63 97 21.<\/p>\n<p>Dimanche 20 juillet<\/p>\n<p class=\" wall-content\"><strong>Amfreville-les-Champs (Eure).<\/strong> Foire \u00e0 tout du comit\u00e9 des f\u00eates sur le terrain de loisirs.<\/p>\n<p class=\" wall-content\"><strong>Mauquenchy.<\/strong> Foire \u00e0 tout du comit\u00e9 des f\u00eates, rue du h\u00eatre. 1,50 euros le m\u00e8tre, uniquement pour les particuliers. R\u00e9servations au 06 62 14 87 37.<\/p>\n<p class=\" wall-content\"><strong>Pommer\u00e9val.<\/strong> Foire \u00e0 tout. Uniquement pour les particuliers. Sans r\u00e9servations. Renseignement en mairie au 02 35 93 09 02.\u00a0<\/p>\n<p class=\" wall-content\"><strong>Rouen.<\/strong> Foire \u00e0 tout de la 3CR, place de la Pucelle, rue de la Vicomt\u00e9 et rue aux Ours. 5,50 euros le m\u00e8tre par multiple de deux. Inscriptions au 06 31 30 10 84.<\/p>\n<p>Samedi 26 juillet<\/p>\n<p class=\" wall-content\"><strong>Pont-de-l\u2019Arche (Eure).<\/strong> Foire \u00e0 tout du comit\u00e9 des f\u00eates, bd de la Marne. 4 euros le m\u00e8tre, uniquement pour les particuliers. Sans r\u00e9servation. Renseignements au 06 34 90 60 53.<\/p>\n<p>Dimanche 27 juillet<\/p>\n<p class=\" wall-content\"><strong>Ernemont-sur-Buchy.<\/strong> Foire \u00e0 tout du comt\u00e9 des f\u00eates, place du four \u00e0 pain. 2,50 euros le m\u00e8tre, uniquement pour les particuliers. Sans r\u00e9servation. Renseignements au 06 81 61 93 88.<\/p>\n<p class=\" wall-content\"><strong>Perriers-sur-Andelle (Eure).<\/strong> Foire \u00e0 tout, au complexe sportif rue de la for\u00eat. R\u00e9servations au 02 32 49 07 31 ou 06 71 14 32 01.\u00a0<\/p>\n<p>Vous souhaitez annoncer un \u00e9v\u00e9nement festif ou associatif, une initiative locale ? Rendez-vous sur notre plateforme <a href=\"https:\/\/www.infolocale.fr\/decouvrir\/actu\/\" rel=\"nofollow noopener\" target=\"_blank\">Infolocale<\/a>.<\/p>\n<p class=\" wall-content\">Suivez toute l\u2019actualit\u00e9 de vos villes et m\u00e9dias favoris en vous inscrivant \u00e0 <a href=\"https:\/\/moncompte.actu.fr\" title=\"D\u00e9couvez Mon Actu\" rel=\"nofollow noopener\" data-trk=\"{&quot;cta&quot;:{&quot;action&quot;:&quot;https:\\\/\\\/moncompte.actu.fr&quot;,&quot;category&quot;:&quot;mon compte&quot;,&quot;from&quot;:&quot;article footer&quot;,&quot;name&quot;:&quot;Mon actu&quot;,&quot;type&quot;:&quot;cta&quot;}}\" target=\"_blank\">Mon Actu<\/a>.<\/p>\n<ul class=\"ac-article-tag wall-content\">\n<li><a href=\"https:\/\/actu.fr\/tag\/foires-a-tout\" data-trk=\"{&quot;cta&quot;:{&quot;action&quot;:&quot;Foires \\u00e0 tout&quot;,&quot;category&quot;:&quot;tag&quot;,&quot;from&quot;:&quot;article footer&quot;,&quot;name&quot;:&quot;Foires \\u00e0 tout&quot;,&quot;type&quot;:&quot;cta&quot;}}\" rel=\"nofollow noopener\" target=\"_blank\">#Foires \u00e0 tout<\/a><\/li>\n<li><a href=\"https:\/\/actu.fr\/tag\/vide-greniers\" data-trk=\"{&quot;cta&quot;:{&quot;action&quot;:&quot;Vide-greniers&quot;,&quot;category&quot;:&quot;tag&quot;,&quot;from&quot;:&quot;article footer&quot;,&quot;name&quot;:&quot;Vide-greniers&quot;,&quot;type&quot;:&quot;cta&quot;}}\" rel=\"nofollow noopener\" target=\"_blank\">#Vide-greniers<\/a><\/li>\n<\/ul>\n","protected":false},"excerpt":{"rendered":"Par R\u00e9daction Normandie Publi\u00e9 le 31 mai 2025 \u00e0 18h00 La saison des foires \u00e0 tout bat son&hellip;\n","protected":false},"author":2,"featured_media":142108,"comment_status":"","ping_status":"","sticky":false,"template":"","format":"standard","meta":{"footnotes":""},"categories":[9587],"tags":[1111,11,1777,674,10087,1011,27,1652,12,5161,25,9590,3365],"class_list":{"0":"post-142107","1":"post","2":"type-post","3":"status-publish","4":"format-standard","5":"has-post-thumbnail","7":"category-rouen","8":"tag-actu","9":"tag-actualites","10":"tag-eu","11":"tag-europe","12":"tag-foires-a-tout","13":"tag-fr","14":"tag-france","15":"tag-loisirs-culture","16":"tag-news","17":"tag-normandie","18":"tag-republique-francaise","19":"tag-rouen","20":"tag-vide-greniers"},"share_on_mastodon":{"url":"https:\/\/pubeurope.com\/@fr\/114603527026934004","error":""},"_links":{"self":[{"href":"https:\/\/www.europesays.com\/fr\/wp-json\/wp\/v2\/posts\/142107","targetHints":{"allow":["GET"]}}],"collection":[{"href":"https:\/\/www.europesays.com\/fr\/wp-json\/wp\/v2\/posts"}],"about":[{"href":"https:\/\/www.europesays.com\/fr\/wp-json\/wp\/v2\/types\/post"}],"author":[{"embeddable":true,"href":"https:\/\/www.europesays.com\/fr\/wp-json\/wp\/v2\/users\/2"}],"replies":[{"embeddable":true,"href":"https:\/\/www.europesays.com\/fr\/wp-json\/wp\/v2\/comments?post=142107"}],"version-history":[{"count":0,"href":"https:\/\/www.europesays.com\/fr\/wp-json\/wp\/v2\/posts\/142107\/revisions"}],"wp:featuredmedia":[{"embeddable":true,"href":"https:\/\/www.europesays.com\/fr\/wp-json\/wp\/v2\/media\/142108"}],"wp:attachment":[{"href":"https:\/\/www.europesays.com\/fr\/wp-json\/wp\/v2\/media?parent=142107"}],"wp:term":[{"taxonomy":"category","embeddable":true,"href":"https:\/\/www.europesays.com\/fr\/wp-json\/wp\/v2\/categories?post=142107"},{"taxonomy":"post_tag","embeddable":true,"href":"https:\/\/www.europesays.com\/fr\/wp-json\/wp\/v2\/tags?post=142107"}],"curies":[{"name":"wp","href":"https:\/\/api.w.org\/{rel}","templated":true}]}}