{"id":142117,"date":"2025-05-31T17:07:08","date_gmt":"2025-05-31T17:07:08","guid":{"rendered":"https:\/\/www.europesays.com\/fr\/142117\/"},"modified":"2025-05-31T17:07:08","modified_gmt":"2025-05-31T17:07:08","slug":"apres-la-mort-dun-chasseur-le-president-de-la-federation-dille-et-vilaine-reagit","status":"publish","type":"post","link":"https:\/\/www.europesays.com\/fr\/142117\/","title":{"rendered":"apr\u00e8s la mort d&rsquo;un chasseur, le pr\u00e9sident de la f\u00e9d\u00e9ration d&rsquo;Ille-et-Vilaine r\u00e9agit"},"content":{"rendered":"<p>            Par<br \/>\n        <strong><br \/>\n            <a href=\"https:\/\/actu.fr\/auteur\/brian-legoff\" title=\"Consulter tous les articles de Brian Le Goff\" target=\"_blank\" rel=\"noopener\">Brian Le Goff<\/a><br \/>\n        <\/strong><\/p>\n<p>        Publi\u00e9 le<\/p>\n<p>            31 mai 2025 \u00e0 14h38        <\/p>\n<p><strong>\u00ab\u00a0C\u2019est un drame qui met deux hommes et leurs familles dans le malheur.\u00a0\u00bb<\/strong> Apr\u00e8s <a href=\"https:\/\/actu.fr\/bretagne\/rennes_35238\/pres-de-rennes-un-chasseur-de-65-ans-est-mort-touche-par-le-coup-de-feu-d-un-autre-chasseur_62711330.html\" target=\"_blank\" rel=\"noopener\">l\u2019accident de chasse qui a co\u00fbt\u00e9 la vie \u00e0 un homme de 65 ans<\/a>, Andr\u00e9 Douard, pr\u00e9sident de la f\u00e9d\u00e9ration d\u00e9partementale des Chasseurs d\u2019Ille-et-Vilaine, r\u00e9agit aupr\u00e8s d\u2019<a href=\"https:\/\/actu.fr\/rennes\/\" target=\"_blank\" rel=\"noopener\">actu Rennes<\/a>.<\/p>\n<p>Une op\u00e9ration\u00a0 de chasse contre des sangliers<\/p>\n<p class=\" wall-content\">En pr\u00e9ambule, il rappelle que des dispositions exceptionnelles ont \u00e9t\u00e9 prises par le pr\u00e9fet pour les mois d\u2019avril et mai, <strong>\u00ab\u00a0p\u00e9riode de reproduction des esp\u00e8ces o\u00f9 l\u2019on ne chasse habituellement pas\u00a0\u00bb<\/strong>, suite \u00e0 la <a href=\"https:\/\/actu.fr\/societe\/ille-et-vilaine-la-colere-de-ces-agriculteurs-contre-les-sangliers_61931782.html\" target=\"_blank\" rel=\"noopener\">pression des agriculteurs, victimes de nombreux d\u00e9g\u00e2ts caus\u00e9s par les sangliers<\/a>.<\/p>\n<p class=\" wall-content\">Dimanche 16 mars, une <a href=\"https:\/\/actu.fr\/bretagne\/tinteniac_35337\/battue-exceptionnelle-en-ille-et-vilaine-des-dizaines-de-sangliers-tues_62384167.html\" target=\"_blank\" rel=\"noopener\">battue exceptionnelle avait \u00e9t\u00e9 autoris\u00e9e en ce sens et n\u00e9cessit\u00e9 la fermeture d\u2019une partie de l\u2019axe Rennes-Saint-Malo<\/a>.<\/p>\n<p class=\" wall-content\">Et c\u2019est dans ce cadre qu\u2019une op\u00e9ration de chasse a donc eu lieu, vendredi 30 mai au soir, <strong>\u00e0 la demande d\u2019un agriculteur,<\/strong> et s\u2019est sold\u00e9e par ce drame.<\/p>\n<p class=\" wall-content\">Pour Andr\u00e9 Douard, cette op\u00e9ration \u00ab\u00a0ne r\u00e9pondait pas \u00e0 un besoin de chasse, mais bien \u00e0 un <strong>besoin de stopper les d\u00e9g\u00e2ts sur des cultures\u00a0\u00bb<\/strong>. Le chasseur de 76 ans aurait confondu l\u2019autre chasseur avec l\u2019animal.<\/p>\n<p>Vid\u00e9os : en ce moment sur Actu\u00ab\u00a0Il faut en tirer des conclusions\u00a0\u00bb<\/p>\n<p class=\" wall-content\"><strong>Quatre chasseurs \u00e9taient pr\u00e9sents<\/strong> autour de la <strong>parcelle de ma\u00efs<\/strong> concern\u00e9e sur laquelle il y avait eu des d\u00e9g\u00e2ts et l\u2019agriculteur pr\u00e9voyait de ressemer tr\u00e8s bient\u00f4t. \u00ab\u00a0Dans les dispositions exceptionnelles accord\u00e9es par la pr\u00e9fecture, il y avait<strong> l\u2019autorisation de chasser jusqu\u2019\u00e0 1h apr\u00e8s le coucher du soleil,<\/strong> c\u2019est donc dans ce d\u00e9lai que le drame a eu lieu\u00a0\u00bb, confirme Andr\u00e9 Douard.<\/p>\n<blockquote class=\"ac-article-quote wall-content\">\n<p>Il faut en tirer des conclusions. On a \u00e9t\u00e9 sollicit\u00e9 pour r\u00e9pondre \u00e0 un probl\u00e8me important que rencontre les agriculteurs. Il faut maintenir les moyens dont on dispose, mais peut-\u00eatre qu&rsquo;il faudrait que nous n&rsquo;allions pas \u00e0 trois ou quatre chasser sur une parcelle. C&rsquo;est une r\u00e9ponse imm\u00e9diate, je ne connais pas toutes les circonstances du drame.<\/p>\n<p>    <strong>Andr\u00e9 Douard<\/strong><br \/>\n        Pr\u00e9sident de la f\u00e9d\u00e9ration des chasseurs d&rsquo;Ille-et-Vilaine    <\/p><\/blockquote>\n<p class=\" wall-content\">Selon le pr\u00e9sident de la f\u00e9d\u00e9ration des chasseurs d\u2019Ille-et-Vilaine, une <strong>reconstitution<\/strong> est d\u2019ores-et-d\u00e9j\u00e0 pr\u00e9vue <strong>cet apr\u00e8s-midi<\/strong>.<\/p>\n<p class=\" wall-content\">Suivez toute l\u2019actualit\u00e9 de vos villes et m\u00e9dias favoris en vous inscrivant \u00e0 <a href=\"https:\/\/moncompte.actu.fr\" title=\"D\u00e9couvez Mon Actu\" rel=\"nofollow noopener\" data-trk=\"{&quot;cta&quot;:{&quot;action&quot;:&quot;https:\\\/\\\/moncompte.actu.fr&quot;,&quot;category&quot;:&quot;mon compte&quot;,&quot;from&quot;:&quot;article footer&quot;,&quot;name&quot;:&quot;Mon actu&quot;,&quot;type&quot;:&quot;cta&quot;}}\" target=\"_blank\">Mon Actu<\/a>.<\/p>\n","protected":false},"excerpt":{"rendered":"Par Brian Le Goff Publi\u00e9 le 31 mai 2025 \u00e0 14h38 \u00ab\u00a0C\u2019est un drame qui met deux hommes&hellip;\n","protected":false},"author":2,"featured_media":142118,"comment_status":"","ping_status":"","sticky":false,"template":"","format":"standard","meta":{"footnotes":""},"categories":[2821],"tags":[119,1111,11,829,4183,1777,674,118,1011,27,12,584,25],"class_list":{"0":"post-142117","1":"post","2":"type-post","3":"status-publish","4":"format-standard","5":"has-post-thumbnail","7":"category-rennes","8":"tag-accident","9":"tag-actu","10":"tag-actualites","11":"tag-bretagne","12":"tag-chasse","13":"tag-eu","14":"tag-europe","15":"tag-faits-divers","16":"tag-fr","17":"tag-france","18":"tag-news","19":"tag-rennes","20":"tag-republique-francaise"},"share_on_mastodon":{"url":"https:\/\/pubeurope.com\/@fr\/114603546618917493","error":""},"_links":{"self":[{"href":"https:\/\/www.europesays.com\/fr\/wp-json\/wp\/v2\/posts\/142117","targetHints":{"allow":["GET"]}}],"collection":[{"href":"https:\/\/www.europesays.com\/fr\/wp-json\/wp\/v2\/posts"}],"about":[{"href":"https:\/\/www.europesays.com\/fr\/wp-json\/wp\/v2\/types\/post"}],"author":[{"embeddable":true,"href":"https:\/\/www.europesays.com\/fr\/wp-json\/wp\/v2\/users\/2"}],"replies":[{"embeddable":true,"href":"https:\/\/www.europesays.com\/fr\/wp-json\/wp\/v2\/comments?post=142117"}],"version-history":[{"count":0,"href":"https:\/\/www.europesays.com\/fr\/wp-json\/wp\/v2\/posts\/142117\/revisions"}],"wp:featuredmedia":[{"embeddable":true,"href":"https:\/\/www.europesays.com\/fr\/wp-json\/wp\/v2\/media\/142118"}],"wp:attachment":[{"href":"https:\/\/www.europesays.com\/fr\/wp-json\/wp\/v2\/media?parent=142117"}],"wp:term":[{"taxonomy":"category","embeddable":true,"href":"https:\/\/www.europesays.com\/fr\/wp-json\/wp\/v2\/categories?post=142117"},{"taxonomy":"post_tag","embeddable":true,"href":"https:\/\/www.europesays.com\/fr\/wp-json\/wp\/v2\/tags?post=142117"}],"curies":[{"name":"wp","href":"https:\/\/api.w.org\/{rel}","templated":true}]}}