{"id":14212,"date":"2025-04-10T04:56:13","date_gmt":"2025-04-10T04:56:13","guid":{"rendered":"https:\/\/www.europesays.com\/fr\/14212\/"},"modified":"2025-04-10T04:56:13","modified_gmt":"2025-04-10T04:56:13","slug":"pronostic-daniil-medvedev-alexandre-muller-atp-monte-carlo","status":"publish","type":"post","link":"https:\/\/www.europesays.com\/fr\/14212\/","title":{"rendered":"Pronostic Daniil Medvedev Alexandre Muller &#8211; ATP Monte Carlo"},"content":{"rendered":"<p class=\"text-xs leading-5 text-gray-400 mb-2\">\n                        Publi\u00e9 le 07\/04\/2025 15:29<br \/>\n                        \u00a0par<br \/>\n                                                            <a href=\"https:\/\/www.sportytrader.com\/auteur\/leo-measson-54\/\" target=\"_blank\" rel=\"noopener\">L\u00e9o Measson<\/a><\/p>\n<p>                                                    |<br \/>\n                            Modifi\u00e9 le<br \/>\n                                07\/04\/2025<br \/>\n                                \u00e0 15:49<\/p>\n<p>                                                                                                            dans<br \/>\n                                <a data-trans=\"tips.published.competition %competition%\" href=\"https:\/\/www.sportytrader.com\/pronostics\/tennis\/atp\/monte-carlo-260\/\" target=\"_blank\" rel=\"noopener\"><br \/>\n                                    Pronostic ATP Monte Carlo<br \/>\n                                <\/a><\/p>\n<p>Les matchs s&rsquo;enchainent au Masters 1000 de Monte-Carlo ! Dans ce 16e de finale, on retrouve le russe et membre du top 15 Daniil Medvedev et le fran\u00e7ais\u00a0Alexandre Muller qui s&rsquo;affrontent pour une place en 8e de finale.<\/p>\n<p>Daniil Medvedev, t\u00eate de s\u00e9rie num\u00e9ro 9, a remport\u00e9 son premier tour face au 25e mondial Karen Khachanov apr\u00e8s un duel serr\u00e9 de 3 sets et de pr\u00e8s de 3h. Une revanche prise sur sa d\u00e9faite de l&rsquo;an dernier en 8e de finale de ce m\u00eame tournoi face au m\u00eame adversaire. Auteur d&rsquo;une tr\u00e8s belle campagne au pr\u00e9c\u00e9dent Masters 1000 d&rsquo;Indian Wells en mars dernier, le russe y a enchain\u00e9 des victoires face \u00e0 Tommy Paul et Arthur Fils, avant de s&rsquo;incliner en demi-finale face \u00e0 Holger Rune. Il devrait \u00eatre d\u00e9termin\u00e9 \u00e0 d\u00e9buter de la meilleure des mani\u00e8res sa saison sur terre battue \u00e0 Monaco en enchainant plusieurs succ\u00e8s cons\u00e9cutifs.<\/p>\n<p>Alexandre Muller a de son c\u00f4t\u00e9 remport\u00e9 son premier tour plus facilement face \u00e0 l&rsquo;argentin\u00a0Camilo Ugo Carabelli en seulement 2 sets. Un succ\u00e8s qui n&rsquo;est en rien surprenant puisque le fran\u00e7ais semble \u00eatre en grande forme dans cette saison 2025. Il a en effet d\u00e9j\u00e0 remport\u00e9 un titre \u00e0 son actif, \u00e0 Hong Kong en tout d\u00e9but d&rsquo;ann\u00e9e, et a \u00e9t\u00e9 finaliste au tournoi de Rio de Janeiro sur terre battue en f\u00e9vrier dernier.<\/p>\n","protected":false},"excerpt":{"rendered":"Publi\u00e9 le 07\/04\/2025 15:29 \u00a0par L\u00e9o Measson | Modifi\u00e9 le 07\/04\/2025 \u00e0 15:49 dans Pronostic ATP Monte Carlo&hellip;\n","protected":false},"author":2,"featured_media":14213,"comment_status":"","ping_status":"","sticky":false,"template":"","format":"standard","meta":{"footnotes":""},"categories":[1415],"tags":[2500,4319,3252,1011,27,1817,1821,60,1467],"class_list":{"0":"post-14212","1":"post","2":"type-post","3":"status-publish","4":"format-standard","5":"has-post-thumbnail","7":"category-tennis","8":"tag-alexandre-muller","9":"tag-atp-monte-carlo","10":"tag-daniil-medvedev","11":"tag-fr","12":"tag-france","13":"tag-pronostic","14":"tag-pronostics","15":"tag-sports","16":"tag-tennis"},"share_on_mastodon":{"url":"https:\/\/pubeurope.com\/@fr\/114311894332064063","error":""},"_links":{"self":[{"href":"https:\/\/www.europesays.com\/fr\/wp-json\/wp\/v2\/posts\/14212","targetHints":{"allow":["GET"]}}],"collection":[{"href":"https:\/\/www.europesays.com\/fr\/wp-json\/wp\/v2\/posts"}],"about":[{"href":"https:\/\/www.europesays.com\/fr\/wp-json\/wp\/v2\/types\/post"}],"author":[{"embeddable":true,"href":"https:\/\/www.europesays.com\/fr\/wp-json\/wp\/v2\/users\/2"}],"replies":[{"embeddable":true,"href":"https:\/\/www.europesays.com\/fr\/wp-json\/wp\/v2\/comments?post=14212"}],"version-history":[{"count":0,"href":"https:\/\/www.europesays.com\/fr\/wp-json\/wp\/v2\/posts\/14212\/revisions"}],"wp:featuredmedia":[{"embeddable":true,"href":"https:\/\/www.europesays.com\/fr\/wp-json\/wp\/v2\/media\/14213"}],"wp:attachment":[{"href":"https:\/\/www.europesays.com\/fr\/wp-json\/wp\/v2\/media?parent=14212"}],"wp:term":[{"taxonomy":"category","embeddable":true,"href":"https:\/\/www.europesays.com\/fr\/wp-json\/wp\/v2\/categories?post=14212"},{"taxonomy":"post_tag","embeddable":true,"href":"https:\/\/www.europesays.com\/fr\/wp-json\/wp\/v2\/tags?post=14212"}],"curies":[{"name":"wp","href":"https:\/\/api.w.org\/{rel}","templated":true}]}}