{"id":142123,"date":"2025-05-31T17:10:09","date_gmt":"2025-05-31T17:10:09","guid":{"rendered":"https:\/\/www.europesays.com\/fr\/142123\/"},"modified":"2025-05-31T17:10:09","modified_gmt":"2025-05-31T17:10:09","slug":"tolerance-zeroserrer-la-vis-redresser-les-jeunes-a-cagnes-sur-mer-la-securite-a-fait-debat-en-reunion-publique","status":"publish","type":"post","link":"https:\/\/www.europesays.com\/fr\/142123\/","title":{"rendered":"\u00ab\u00a0Tol\u00e9rance z\u00e9ro\u00a0\u00bb,\u00a0\u00bbserrer la vis\u00a0\u00bb, \u00ab\u00a0redresser les jeunes\u00a0\u00bb&#8230; \u00c0 Cagnes-sur-Mer, la s\u00e9curit\u00e9 a fait d\u00e9bat en r\u00e9union publique"},"content":{"rendered":"<p>L&rsquo;Objectif? Vulgariser, marteler sa politique en mati\u00e8re de s\u00e9curit\u00e9 lors d\u2019une r\u00e9union publique de deux heures. Face \u00e0 lui, un parterre de pr\u00e8s de 200 personnes.<\/p>\n<p>Preuve que le sujet anime une partie des habitants de la commune o\u00f9 la campagne des municipales 2026 semble avoir bel et bien commenc\u00e9. Et pas de doute\u2005: la th\u00e9matique en sera l\u2019un des sujets phares avec des partisans d\u2019une droite extr\u00eame tr\u00e8s actifs sur les r\u00e9seaux sociaux.<\/p>\n<p>\u00ab\u00a0Serrer la vis\u00a0\u00bb, \u00ab\u00a0redresser les jeunes\u00a0\u00bb, \u00ab\u00a0leur apprendre \u00e0 dire le respect quand certains ne connaissent m\u00eame pas le mot merci\u00a0\u00bb, r\u00e9pression ferme des d\u00e9lits&#8230; L\u2019\u00e9lu a \u00e9grain\u00e9 ses actions\u2005: passeport citoyen dans les \u00e9coles, couvre-feu pour les moins de 13 ans, parc de cam\u00e9ras de vid\u00e9osurveillance \u00ab\u00a0\u00e9toff\u00e9 tous les ans\u00a0\u00bb, recrutement de 5 policiers municipaux de plus, extension du r\u00e9seau de 37 haut-parleurs dissuasifs avec 13 suppl\u00e9mentaires&#8230; \u00ab\u00a0Ici, la philosophie n\u2019a pas boug\u00e9 depuis 1995\u2005: c\u2019est tol\u00e9rance z\u00e9ro\u00a0\u00bb, assure Louis N\u00e8gre, entour\u00e9 des chefs des polices municipale et nationale.<\/p>\n<p><strong>\u00ab\u00a0Le probl\u00e8me, c\u2019est l\u2019individualisme\u00a0\u00bb<\/strong><\/p>\n<p>\u00ab\u00a0Je suis arriv\u00e9 il y a quelques mois et je suis frapp\u00e9 par le nombre consid\u00e9rable d\u2019incivilit\u00e9s\u00a0\u00bb, lance un n\u00e9o-cagnois dans l\u2019assistance, \u00e9num\u00e9rant \u00ab\u00a0des chiens sans laisse agressant des enfants\u00a0\u00bb, \u00ab\u00a0des ados remontant le toboggan du parc des Canebiers\u00a0\u00bb, \u00ab\u00a0des v\u00e9los et trottinettes circulant trop vite au bord de mer\u00a0\u00bb. \u00ab\u00a0Vous ne nous voyez peut-\u00eatre pas toujours mais nous faisons le maximum\u00a0\u00bb, argue Philippe Defachelle, \u00e0 la t\u00eate de la police municipale. \u00ab\u00a0Bande de jeunes chahutant la nuit sur le trottoir\u00a0\u00bb ou \u00ab\u00a0squattant le parc de la rue Bonaparte\u00a0\u00bb, conflit de voisinage, d\u00e9jections canines&#8230; Les plaintes, diverses, ont fus\u00e9. \u00ab\u00a0Les \u00e9cueils de la vie en ville. Si on ne les veut pas, il faut aller vivre dans l\u2019arri\u00e8re-pays\u00a0\u00bb, glisse \u00e0 l\u2019issue de la r\u00e9union Michel, Cagnois depuis 20 ans. Tandis qu\u2019une habitante, victime d\u2019un r\u00e9cent cambriolage, d\u00e9nonce l\u2019impunit\u00e9 de la justice envers les mineurs. Spectatrice en fond de salle, une autre analyse: \u00ab\u00a0Le probl\u00e8me, c\u2019est l\u2019individualisme galopant ici ou ailleurs. Les gens critiquent, mais ce sont les premiers \u00e0 jeter leur m\u00e9got par terre\u00a0\u00bb.<\/p>\n","protected":false},"excerpt":{"rendered":"L&rsquo;Objectif? Vulgariser, marteler sa politique en mati\u00e8re de s\u00e9curit\u00e9 lors d\u2019une r\u00e9union publique de deux heures. Face \u00e0&hellip;\n","protected":false},"author":2,"featured_media":142124,"comment_status":"","ping_status":"","sticky":false,"template":"","format":"standard","meta":{"footnotes":""},"categories":[2819],"tags":[1111,11,1777,674,1011,27,12,2401,882,25,3366],"class_list":{"0":"post-142123","1":"post","2":"type-post","3":"status-publish","4":"format-standard","5":"has-post-thumbnail","7":"category-nice","8":"tag-actu","9":"tag-actualites","10":"tag-eu","11":"tag-europe","12":"tag-fr","13":"tag-france","14":"tag-news","15":"tag-nice","16":"tag-provence-alpes-cote-dazur","17":"tag-republique-francaise","18":"tag-vie-locale"},"share_on_mastodon":{"url":"https:\/\/pubeurope.com\/@fr\/114603558369028851","error":""},"_links":{"self":[{"href":"https:\/\/www.europesays.com\/fr\/wp-json\/wp\/v2\/posts\/142123","targetHints":{"allow":["GET"]}}],"collection":[{"href":"https:\/\/www.europesays.com\/fr\/wp-json\/wp\/v2\/posts"}],"about":[{"href":"https:\/\/www.europesays.com\/fr\/wp-json\/wp\/v2\/types\/post"}],"author":[{"embeddable":true,"href":"https:\/\/www.europesays.com\/fr\/wp-json\/wp\/v2\/users\/2"}],"replies":[{"embeddable":true,"href":"https:\/\/www.europesays.com\/fr\/wp-json\/wp\/v2\/comments?post=142123"}],"version-history":[{"count":0,"href":"https:\/\/www.europesays.com\/fr\/wp-json\/wp\/v2\/posts\/142123\/revisions"}],"wp:featuredmedia":[{"embeddable":true,"href":"https:\/\/www.europesays.com\/fr\/wp-json\/wp\/v2\/media\/142124"}],"wp:attachment":[{"href":"https:\/\/www.europesays.com\/fr\/wp-json\/wp\/v2\/media?parent=142123"}],"wp:term":[{"taxonomy":"category","embeddable":true,"href":"https:\/\/www.europesays.com\/fr\/wp-json\/wp\/v2\/categories?post=142123"},{"taxonomy":"post_tag","embeddable":true,"href":"https:\/\/www.europesays.com\/fr\/wp-json\/wp\/v2\/tags?post=142123"}],"curies":[{"name":"wp","href":"https:\/\/api.w.org\/{rel}","templated":true}]}}