{"id":142129,"date":"2025-05-31T17:13:14","date_gmt":"2025-05-31T17:13:14","guid":{"rendered":"https:\/\/www.europesays.com\/fr\/142129\/"},"modified":"2025-05-31T17:13:14","modified_gmt":"2025-05-31T17:13:14","slug":"olivier-blondel-ex-ol-se-dirige-vers-brest","status":"publish","type":"post","link":"https:\/\/www.europesays.com\/fr\/142129\/","title":{"rendered":"Olivier Blondel (ex-OL) se dirige vers Brest"},"content":{"rendered":"<p>                            <img width=\"770\" height=\"433\" src=\"https:\/\/www.europesays.com\/fr\/wp-content\/uploads\/2025\/05\/Capture-decran-2024-12-30-171153-770x433.jpg\" class=\"attachment-article size-article wp-post-image\" alt=\"Ahmed Kantari et Olivier Blondel, nouveaux membres du staff de Nantes\" decoding=\"async\" fetchpriority=\"high\"  \/><\/p>\n<p>Ahmed Kantari (\u00e0 gauche) et Olivier Blondel (\u00e0 droite), nouveaux membres du staff de Nantes<\/p>\n<p>@FC Nantes<\/p>\n<p>Entra\u00eeneur des gardiens de l&rsquo;\u00e9quipe r\u00e9serve entre 2021 et 2024, Olivier Blondel op\u00e9rait \u00e0 Nantes depuis le d\u00e9but de l&rsquo;ann\u00e9e. Il devrait \u00e0 pr\u00e9sent signer \u00e0 Brest. <\/p>\n<p>L&rsquo;hiver dernier, alors que le d\u00e9part<a href=\"https:\/\/www.olympique-et-lyonnais.com\/mercato-apres-son-depart-de-lol-lopes-rejoint-le-fc-nantes,347485.html\" target=\"_blank\" rel=\"noopener\"> d&rsquo;Anthony <strong>Lopes <\/strong><\/a>avait fait couler beaucoup d&rsquo;encre, celui d&rsquo;un autre membre de l&rsquo;OL \u00e9tait l\u00e9g\u00e8rement pass\u00e9 sous silence. Officiant depuis juillet 2021 aupr\u00e8s de Gue\u00efda <strong>Fofana <\/strong>avec la r\u00e9serve rhodanienne, Olivier <strong>Blondel <\/strong>avait lui aussi <a href=\"https:\/\/www.olympique-et-lyonnais.com\/ol-mercato-membre-du-staff-de-la-reserve-olivier-blondel-signe-a-nantes,347491.html\" target=\"_blank\" rel=\"noopener\">rejoint le FC Nantes<\/a> en d\u00e9cembre 2024. <\/p>\n<p>Int\u00e9gr\u00e9 au staff d&rsquo;Antoine <strong>Kombouar\u00e9 <\/strong>depuis la fin de l&rsquo;ann\u00e9e derni\u00e8re, il avait sign\u00e9 pour six mois. Comme l&rsquo;entra\u00eeneur, qui n&rsquo;est aujourd&rsquo;hui plus en poste chez les Canaris, le technicien fera \u00e9galement ses valises. Selon L&rsquo;\u00c9quipe, il remplacera Christophe <strong>Revel <\/strong>du c\u00f4t\u00e9 de Brest. <\/p>\n<p>Il exercera sous les consignes d&rsquo;Eric Roy<\/p>\n<p>Dans le Finist\u00e8re, il exercera aux c\u00f4t\u00e9s d&rsquo;Eric <strong>Roy<\/strong>. L&#8217;embl\u00e9matique coach brestois est en poste depuis mars 2023. Il a r\u00e9cemment prolong\u00e9 pour deux ann\u00e9es de plus, soit jusqu&rsquo;en 2027. Un contrat act\u00e9 apr\u00e8s une saison assez exceptionnelle en Ligue des champions, puisque les Brestois ont achev\u00e9 leur parcours en 16es de finale face au PSG. En Ligue 1, ce fut un peu moins glorieux, m\u00eame si les Bretons ont termin\u00e9 \u00e0 la 9e place.<\/p>\n","protected":false},"excerpt":{"rendered":"Ahmed Kantari (\u00e0 gauche) et Olivier Blondel (\u00e0 droite), nouveaux membres du staff de Nantes @FC Nantes Entra\u00eeneur&hellip;\n","protected":false},"author":2,"featured_media":142130,"comment_status":"","ping_status":"","sticky":false,"template":"","format":"standard","meta":{"footnotes":""},"categories":[2818],"tags":[1111,11,3450,1777,674,1011,27,1434,766,12,2636,25],"class_list":{"0":"post-142129","1":"post","2":"type-post","3":"status-publish","4":"format-standard","5":"has-post-thumbnail","7":"category-nantes","8":"tag-actu","9":"tag-actualites","10":"tag-brest","11":"tag-eu","12":"tag-europe","13":"tag-fr","14":"tag-france","15":"tag-mercato","16":"tag-nantes","17":"tag-news","18":"tag-pays-de-la-loire","19":"tag-republique-francaise"},"share_on_mastodon":{"url":"https:\/\/pubeurope.com\/@fr\/114603570343043123","error":""},"_links":{"self":[{"href":"https:\/\/www.europesays.com\/fr\/wp-json\/wp\/v2\/posts\/142129","targetHints":{"allow":["GET"]}}],"collection":[{"href":"https:\/\/www.europesays.com\/fr\/wp-json\/wp\/v2\/posts"}],"about":[{"href":"https:\/\/www.europesays.com\/fr\/wp-json\/wp\/v2\/types\/post"}],"author":[{"embeddable":true,"href":"https:\/\/www.europesays.com\/fr\/wp-json\/wp\/v2\/users\/2"}],"replies":[{"embeddable":true,"href":"https:\/\/www.europesays.com\/fr\/wp-json\/wp\/v2\/comments?post=142129"}],"version-history":[{"count":0,"href":"https:\/\/www.europesays.com\/fr\/wp-json\/wp\/v2\/posts\/142129\/revisions"}],"wp:featuredmedia":[{"embeddable":true,"href":"https:\/\/www.europesays.com\/fr\/wp-json\/wp\/v2\/media\/142130"}],"wp:attachment":[{"href":"https:\/\/www.europesays.com\/fr\/wp-json\/wp\/v2\/media?parent=142129"}],"wp:term":[{"taxonomy":"category","embeddable":true,"href":"https:\/\/www.europesays.com\/fr\/wp-json\/wp\/v2\/categories?post=142129"},{"taxonomy":"post_tag","embeddable":true,"href":"https:\/\/www.europesays.com\/fr\/wp-json\/wp\/v2\/tags?post=142129"}],"curies":[{"name":"wp","href":"https:\/\/api.w.org\/{rel}","templated":true}]}}