{"id":142141,"date":"2025-05-31T17:20:09","date_gmt":"2025-05-31T17:20:09","guid":{"rendered":"https:\/\/www.europesays.com\/fr\/142141\/"},"modified":"2025-05-31T17:20:09","modified_gmt":"2025-05-31T17:20:09","slug":"comment-parcoursup-fait-de-lorientation-un-casse-tete","status":"publish","type":"post","link":"https:\/\/www.europesays.com\/fr\/142141\/","title":{"rendered":"comment Parcoursup fait de l&rsquo;orientation un casse-t\u00eate"},"content":{"rendered":"<p><strong>Parcoursup a \u00e9t\u00e9 mis en place pour remplacer APB. Quelles diff\u00e9rences\u00a0avez-vous constat\u00e9es avec ce nouveau syst\u00e8me\u00a0?<\/strong>&#13;\n<\/p>\n<p>Parcoursup, ce n\u2019est pas simple. C\u2019est quand m\u00eame 24\u00a0000 formations propos\u00e9es de mani\u00e8re g\u00e9n\u00e9rale, 9\u00a0000 formations en alternance,\u00a0etc. C\u2019est tr\u00e8s compliqu\u00e9 pour les lyc\u00e9ens de faire un tri entre formations publiques, priv\u00e9es de qualit\u00e9 et des formations qui sont l\u00e0 \u00e0 but lucratif. M\u00eame les licences sont devenues s\u00e9lectives. <a href=\"https:\/\/www.laprovence.com\/article\/societe\/2546630253686315\/parcoursup-pourquoi-les-profs-parents-et-lyceens-veulent-tout-changer\" target=\"_blank\" rel=\"noopener\">Au-del\u00e0 de Parcoursup,<\/a> s\u2019est rajout\u00e9e la r\u00e9forme du lyc\u00e9e qui a tout boulevers\u00e9 en demandant quelque chose de tr\u00e8s compliqu\u00e9 \u00e0 des \u00e9l\u00e8ves de 14-15\u00a0ans\u00a0: se positionner d\u00e8s la seconde avec le choix des sp\u00e9cialit\u00e9s.<\/p>\n<p><strong>Quel est votre r\u00f4le en tant que conseill\u00e8re d\u2019orientation scolaire ind\u00e9pendante dans l\u2019accompagnement post-bac des \u00e9l\u00e8ves\u00a0?<\/strong>&#13;\n<\/p>\n<p>L\u2019id\u00e9e, c\u2019est de s\u00e9curiser le parcours des \u00e9l\u00e8ves <a href=\"https:\/\/www.laprovence.com\/article\/france-monde\/1357141462097214\/pour-les-lyceens-une-pression-scolaire-toujours-forte-avec-parcoursup\" target=\"_blank\" rel=\"noopener\">au vu du sentiment d\u2019ins\u00e9curit\u00e9 travers\u00e9 par de nombreux lyc\u00e9ens<\/a>, \u00e9tudiants et parents qui ont du mal \u00e0 comprendre les \u00e9volutions r\u00e9centes du syst\u00e8me secondaire. Au travers ma structure, je propose donc des bilans d\u2019orientation, des accompagnements Parcoursup, des accompagnements au master et d\u00e9sormais, une pr\u00e9pa Sciences Po.<\/p>\n","protected":false},"excerpt":{"rendered":"Parcoursup a \u00e9t\u00e9 mis en place pour remplacer APB. Quelles diff\u00e9rences\u00a0avez-vous constat\u00e9es avec ce nouveau syst\u00e8me\u00a0?&#13; Parcoursup, ce&hellip;\n","protected":false},"author":2,"featured_media":142142,"comment_status":"","ping_status":"","sticky":false,"template":"","format":"standard","meta":{"footnotes":""},"categories":[2814],"tags":[17,1111,11,2511,20,10799,27010,1777,674,1011,27,11820,884,12,6015,882,25,104,933],"class_list":{"0":"post-142141","1":"post","2":"type-post","3":"status-publish","4":"format-standard","5":"has-post-thumbnail","7":"category-marseille","8":"tag-17","9":"tag-actu","10":"tag-actualites","11":"tag-cest","12":"tag-comment","13":"tag-complique","14":"tag-emotionnellement","15":"tag-eu","16":"tag-europe","17":"tag-fr","18":"tag-france","19":"tag-gerer","20":"tag-marseille","21":"tag-news","22":"tag-parcoursup","23":"tag-provence-alpes-cote-dazur","24":"tag-republique-francaise","25":"tag-societe","26":"tag-tres"},"share_on_mastodon":{"url":"https:\/\/pubeurope.com\/@fr\/114603597728941994","error":""},"_links":{"self":[{"href":"https:\/\/www.europesays.com\/fr\/wp-json\/wp\/v2\/posts\/142141","targetHints":{"allow":["GET"]}}],"collection":[{"href":"https:\/\/www.europesays.com\/fr\/wp-json\/wp\/v2\/posts"}],"about":[{"href":"https:\/\/www.europesays.com\/fr\/wp-json\/wp\/v2\/types\/post"}],"author":[{"embeddable":true,"href":"https:\/\/www.europesays.com\/fr\/wp-json\/wp\/v2\/users\/2"}],"replies":[{"embeddable":true,"href":"https:\/\/www.europesays.com\/fr\/wp-json\/wp\/v2\/comments?post=142141"}],"version-history":[{"count":0,"href":"https:\/\/www.europesays.com\/fr\/wp-json\/wp\/v2\/posts\/142141\/revisions"}],"wp:featuredmedia":[{"embeddable":true,"href":"https:\/\/www.europesays.com\/fr\/wp-json\/wp\/v2\/media\/142142"}],"wp:attachment":[{"href":"https:\/\/www.europesays.com\/fr\/wp-json\/wp\/v2\/media?parent=142141"}],"wp:term":[{"taxonomy":"category","embeddable":true,"href":"https:\/\/www.europesays.com\/fr\/wp-json\/wp\/v2\/categories?post=142141"},{"taxonomy":"post_tag","embeddable":true,"href":"https:\/\/www.europesays.com\/fr\/wp-json\/wp\/v2\/tags?post=142141"}],"curies":[{"name":"wp","href":"https:\/\/api.w.org\/{rel}","templated":true}]}}