{"id":142158,"date":"2025-05-31T17:30:10","date_gmt":"2025-05-31T17:30:10","guid":{"rendered":"https:\/\/www.europesays.com\/fr\/142158\/"},"modified":"2025-05-31T17:30:10","modified_gmt":"2025-05-31T17:30:10","slug":"un-rapport-leve-le-voile-sur-les-activites-illegales-entre-la-russie-et-la-coree-du-nord","status":"publish","type":"post","link":"https:\/\/www.europesays.com\/fr\/142158\/","title":{"rendered":"Un rapport l\u00e8ve le voile sur les \u00ab\u00a0activit\u00e9s ill\u00e9gales\u00a0\u00bb entre la Russie et la Cor\u00e9e du Nord"},"content":{"rendered":"<p class=\"ap-StoryElement ap-StoryElement--mb js-paywall-target ap-StoryText\">Ainsi, ce premier rapport met en lumi\u00e8re la coop\u00e9ration militaire entre la Cor\u00e9e du Nord et la Russie. On y apprend tout d&rsquo;abord que le r\u00e9gime de Kim Jong-un a fourni plus de 11.000 soldats, au moins 100 missiles balistiques et \u00ab\u00a0jusqu&rsquo;\u00e0 9 millions de cartouches d&rsquo;artillerie mixte et de munitions pour lance-roquettes multiples \u00ab\u00a0en 2024. Il mentionne une \u00ab\u00a0myriade d&rsquo;activit\u00e9s ill\u00e9gales qui ont contribu\u00e9 \u00e0 permettre \u00e0 Moscou d&rsquo;intensifier ses attaques de missiles contre les villes ukrainiennes, y compris des frappes cibl\u00e9es sur des infrastructures civiles critiques\u00a0\u00bb. Si ces chiffres remontent \u00e0 2024, l&rsquo;\u00c9quipe multilat\u00e9rale de surveillance des sanctions indique qu&rsquo;entre janvier et mars 2025, la Cor\u00e9e du Nord a d\u00e9ploy\u00e9 <a href=\"https:\/\/www.dhnet.be\/actu\/monde\/2025\/02\/27\/guerre-en-ukraine-la-coree-du-nord-a-deploye-des-troupes-supplementaires-en-russie-2O5YT4MRUJANLNJ3Z4HK6ECG6Y\/\" target=\"_blank\" rel=\"noopener\">3.000 soldats suppl\u00e9mentaires en Russie<\/a>.<\/p>\n<p><a href=\"https:\/\/www.dhnet.be\/actu\/monde\/2025\/02\/27\/guerre-en-ukraine-la-coree-du-nord-a-deploye-des-troupes-supplementaires-en-russie-2O5YT4MRUJANLNJ3Z4HK6ECG6Y\/\" target=\"_blank\" rel=\"noopener noreferrer\" class=\"ap-StoryInterstitialLink ap-StoryElement ap-StoryElement--mb\">Guerre en Ukraine : la Cor\u00e9e du Nord a d\u00e9ploy\u00e9 des troupes suppl\u00e9mentaires en Russie<\/a>Un soutien russe<\/p>\n<p class=\"ap-StoryElement ap-StoryElement--mb ap-StoryText\">En r\u00e9ponse \u00e0 cette aide nord-cor\u00e9enne, le rapport indique que les Russes soutiennent les programmes de <a href=\"https:\/\/www.dhnet.be\/actu\/monde\/2025\/02\/06\/guerre-en-ukraine-une-evolution-au-sein-des-troupes-nord-coreennes-commence-a-inquieter-F7RCZ2BLIJEH7CGXVQABS4T5HY\/\" target=\"_blank\" rel=\"noopener\">missiles balistiques de Pyongyang<\/a>. La Cor\u00e9e du Nord aurait ainsi re\u00e7u\u00a0\u00bb des \u00e9quipements de d\u00e9fense a\u00e9rienne, des missiles antia\u00e9riens, ainsi que des \u00e9quipements de guerre \u00e9lectronique avanc\u00e9s \u00ab\u00a0de la part du Kremlin. Cela permet au r\u00e9gime de Kim Jong-un d&rsquo;am\u00e9liorer ses performances de guidage des missiles.<\/p>\n<p><a href=\"https:\/\/www.dhnet.be\/actu\/monde\/2025\/02\/28\/je-ne-savais-pas-que-jallais-en-russie-le-temoignage-de-deux-soldats-nord-coreens-envoyes-sur-le-front-et-captures-par-lukraine-7VR2KVCQ45BVPPT2YG4LWVXBQU\/\" target=\"_blank\" rel=\"noopener noreferrer\" class=\"ap-StoryInterstitialLink ap-StoryElement ap-StoryElement--mb\">\u00ab\u00a0Je ne savais pas que j&rsquo;allais en Russie\u00a0\u00bb : le t\u00e9moignage de deux soldats nord-cor\u00e9ens envoy\u00e9s sur le front et captur\u00e9s par l&rsquo;Ukraine<\/a>Des violations des r\u00e9solutions du Conseil de s\u00e9curit\u00e9 des Nations Unies<\/p>\n<p class=\"ap-StoryElement ap-StoryElement--mb ap-StoryText\">Ce nouveau rapport met \u00e9galement en lumi\u00e8re les diff\u00e9rentes violations russes et nord-cor\u00e9ennes des r\u00e9solutions du Conseil de s\u00e9curit\u00e9 des Nations Unies. Ainsi divers points sont relev\u00e9s tels que les transferts d&rsquo;armes, la formation russe des forces nord-cor\u00e9ennes et la fourniture \u00e0 la Cor\u00e9e du Nord de p\u00e9trole raffin\u00e9 au-del\u00e0 des limites du Conseil de s\u00e9curit\u00e9 des Nations Unies. On peut y lire : \u00ab\u00a0Au moins dans un avenir pr\u00e9visible, la Cor\u00e9e du Nord et la Russie ont l&rsquo;intention de poursuivre et d&rsquo;approfondir davantage leur coop\u00e9ration militaire en violation des r\u00e9solutions pertinentes du Conseil de s\u00e9curit\u00e9 de l&rsquo;ONU\u00a0\u00bb.<\/p>\n<p class=\"ap-StoryElement ap-StoryElement--mb ap-StoryText\">En avril dernier, la Cor\u00e9e du Nord<a href=\"https:\/\/www.dhnet.be\/dernieres-depeches\/2025\/04\/28\/invasion-de-lukraine-la-coree-du-nord-confirme-le-deploiement-de-troupes-en-russie-5U4VHGGFUFCDHN4GDESYJZ4YJ4\/\" target=\"_blank\" rel=\"noopener\"> a confirm\u00e9 pour la premi\u00e8re fois <\/a>avoir envoy\u00e9 des troupes en Russie. Le pays a ainsi d\u00e9clar\u00e9 que ses soldats avaient aid\u00e9 Moscou \u00e0 reprendre les zones de la r\u00e9gion russe de Koursk sous contr\u00f4le ukrainien pendant des mois.<\/p>\n","protected":false},"excerpt":{"rendered":"Ainsi, ce premier rapport met en lumi\u00e8re la coop\u00e9ration militaire entre la Cor\u00e9e du Nord et la Russie.&hellip;\n","protected":false},"author":2,"featured_media":142159,"comment_status":"","ping_status":"","sticky":false,"template":"","format":"standard","meta":{"footnotes":""},"categories":[1591],"tags":[11,21332,1887,1227,12,1885,1886,132],"class_list":{"0":"post-142158","1":"post","2":"type-post","3":"status-publish","4":"format-standard","5":"has-post-thumbnail","7":"category-russie","8":"tag-actualites","9":"tag-diplomacy","10":"tag-federation-de-russie","11":"tag-horizontal","12":"tag-news","13":"tag-russia","14":"tag-russian-federation","15":"tag-russie"},"share_on_mastodon":{"url":"https:\/\/pubeurope.com\/@fr\/114603637069414791","error":""},"_links":{"self":[{"href":"https:\/\/www.europesays.com\/fr\/wp-json\/wp\/v2\/posts\/142158","targetHints":{"allow":["GET"]}}],"collection":[{"href":"https:\/\/www.europesays.com\/fr\/wp-json\/wp\/v2\/posts"}],"about":[{"href":"https:\/\/www.europesays.com\/fr\/wp-json\/wp\/v2\/types\/post"}],"author":[{"embeddable":true,"href":"https:\/\/www.europesays.com\/fr\/wp-json\/wp\/v2\/users\/2"}],"replies":[{"embeddable":true,"href":"https:\/\/www.europesays.com\/fr\/wp-json\/wp\/v2\/comments?post=142158"}],"version-history":[{"count":0,"href":"https:\/\/www.europesays.com\/fr\/wp-json\/wp\/v2\/posts\/142158\/revisions"}],"wp:featuredmedia":[{"embeddable":true,"href":"https:\/\/www.europesays.com\/fr\/wp-json\/wp\/v2\/media\/142159"}],"wp:attachment":[{"href":"https:\/\/www.europesays.com\/fr\/wp-json\/wp\/v2\/media?parent=142158"}],"wp:term":[{"taxonomy":"category","embeddable":true,"href":"https:\/\/www.europesays.com\/fr\/wp-json\/wp\/v2\/categories?post=142158"},{"taxonomy":"post_tag","embeddable":true,"href":"https:\/\/www.europesays.com\/fr\/wp-json\/wp\/v2\/tags?post=142158"}],"curies":[{"name":"wp","href":"https:\/\/api.w.org\/{rel}","templated":true}]}}