{"id":142164,"date":"2025-05-31T17:33:14","date_gmt":"2025-05-31T17:33:14","guid":{"rendered":"https:\/\/www.europesays.com\/fr\/142164\/"},"modified":"2025-05-31T17:33:14","modified_gmt":"2025-05-31T17:33:14","slug":"tensions-diplomatiques-entre-le-royaume-uni-et-liran","status":"publish","type":"post","link":"https:\/\/www.europesays.com\/fr\/142164\/","title":{"rendered":"Tensions diplomatiques entre le Royaume-Uni et l&rsquo;Iran"},"content":{"rendered":"<p><strong>Les relations bilat\u00e9rales entre T\u00e9h\u00e9ran et Londres sont affect\u00e9es par l&rsquo;arrestation de trois citoyens dans la capitale britannique, soup\u00e7onn\u00e9s d&rsquo;espionnage et de pr\u00e9paration d&rsquo;actes violents.<\/strong> Les d\u00e9tenus ont \u00e9t\u00e9 pr\u00e9sent\u00e9s samedi 24 mai devant la Cour des magistrats de Westminster et compara\u00eetront \u00e0 nouveau devant la Cour p\u00e9nale d&rsquo;Old Bailey le 6 juin prochain. Cette affaire a suscit\u00e9 des d\u00e9saccords entre les parties en raison de la proc\u00e9dure suivie \u00e0 l&rsquo;encontre des d\u00e9tenus. \u00a0<\/p>\n<p><strong>Les accus\u00e9s, identifi\u00e9s comme \u00e9tant Mostafa Sepahvand, 39 ans, Farhad Javadi Manesh, 44 ans, et Shapoor Qalehali Khani Noori, 55 ans, ont \u00e9t\u00e9 arr\u00eat\u00e9s le 3 mai dernier.<\/strong> Selon les autorit\u00e9s britanniques, les trois hommes seraient impliqu\u00e9s dans des activit\u00e9s de surveillance et de reconnaissance li\u00e9es \u00e0 un projet pr\u00e9sum\u00e9 d&rsquo;attaque contre des journalistes de la cha\u00eene Iran International, un m\u00e9dia persan d&rsquo;opposition bas\u00e9 \u00e0 Londres et consid\u00e9r\u00e9 comme une organisation terroriste par T\u00e9h\u00e9ran.<\/p>\n<p>Le parquet d&rsquo;Angleterre et du Pays de Galles les a inculp\u00e9s en vertu de la loi sur la s\u00e9curit\u00e9 nationale, les accusant d&rsquo;avoir commis des actes \u00ab susceptibles d&rsquo;aider un service de renseignement \u00e9tranger \u00bb entre ao\u00fbt 2024 et f\u00e9vrier 2025. En outre, Sepahvand fait l&rsquo;objet de charges suppl\u00e9mentaires pour avoir effectu\u00e9 des t\u00e2ches de surveillance et de reconnaissance dans l&rsquo;intention de commettre des violences graves contre une personne au Royaume-Uni, tandis que Manesh et Noori font l&rsquo;objet de charges suppl\u00e9mentaires pour avoir particip\u00e9 \u00e0 des activit\u00e9s de surveillance et de reconnaissance afin d&rsquo;aider une autre personne \u00e0 commettre des actes de violence grave.\u00a0<\/p>\n<p><img decoding=\"async\" width=\"1200\" height=\"675\" alt=\"Westminster - PHOTO\/PIXABAY\" src=\"https:\/\/www.europesays.com\/fr\/wp-content\/uploads\/2025\/05\/2025052914522452449.jpg\" loading=\"lazy\"  \/><br \/>\nWestminster &#8211; PHOTO\/PIXABAY<\/p>\n<p>Le chef du commandement antiterroriste de la police m\u00e9tropolitaine, Dominic Murphy, a qualifi\u00e9 ces accusations d&rsquo;<strong>\u00ab extr\u00eamement graves au regard de la loi sur la s\u00e9curit\u00e9 nationale \u00bb<\/strong> et a soulign\u00e9 qu&rsquo;elles avaient \u00e9t\u00e9 retenues \u00e0 l&rsquo;issue d&rsquo;une \u00ab enqu\u00eate rapide mais complexe \u00bb. Selon le gouvernement britannique, les personnes impliqu\u00e9es seraient entr\u00e9es dans le pays de mani\u00e8re irr\u00e9guli\u00e8re entre 2016 et 2022, notamment \u00e0 bord de petites embarcations.\u00a0<\/p>\n<p>\u00c0 la suite de l&rsquo;inculpation officielle des accus\u00e9s, le Royaume-Uni a convoqu\u00e9 l&rsquo;ambassadeur iranien \u00e0 Londres, Seyed Ali Mousavi, le 19 mai dernier. Dans un communiqu\u00e9, le Foreign Office a assur\u00e9 que \u00ab la protection de la s\u00e9curit\u00e9 nationale reste notre priorit\u00e9 absolue et que l&rsquo;Iran doit \u00eatre tenu responsable de ses actes \u00bb.\u00a0<\/p>\n<p>En r\u00e9ponse, <strong>T\u00e9h\u00e9ran a convoqu\u00e9 le charg\u00e9 d&rsquo;affaires britannique \u00e0 son ambassade en Iran pour pr\u00e9senter une protestation officielle.<\/strong> Le ministre iranien des Affaires \u00e9trang\u00e8res, Abas Araqchi, a d\u00e9nonc\u00e9 le caract\u00e8re \u00ab infond\u00e9 \u00bb des arrestations et a accus\u00e9 Londres de refuser l&rsquo;acc\u00e8s consulaire aux personnes arr\u00eat\u00e9es, avertissant que le Royaume-Uni serait \u00ab enti\u00e8rement responsable \u00bb des cons\u00e9quences de ce qu&rsquo;il consid\u00e8re comme des \u00ab actions motiv\u00e9es par des raisons politiques \u00bb. Il rappelle en outre aux autorit\u00e9s britanniques qu&rsquo;elles doivent garantir aux citoyens iraniens d\u00e9tenus une proc\u00e9dure r\u00e9guli\u00e8re, dans une d\u00e9claration reprise par la cha\u00eene de t\u00e9l\u00e9vision iranienne Press TV.<\/p>\n<p>Apr\u00e8s la r\u00e9union entre l&rsquo;ambassadeur iranien, Ali Mousavi, et Dan Jaffers, sous-secr\u00e9taire d&rsquo;\u00c9tat \u00e0 la s\u00e9curit\u00e9 du minist\u00e8re de l&rsquo;Int\u00e9rieur britannique, on pense qu&rsquo;il pourrait s&rsquo;agir d&rsquo;une \u00ab op\u00e9ration sous faux pavillon \u00bb visant \u00e0 d\u00e9t\u00e9riorer les relations bilat\u00e9rales. \u00ab Il existe un historique de tiers d\u00e9termin\u00e9s \u00e0 faire d\u00e9railler la diplomatie et \u00e0 provoquer une escalade, en recourant \u00e0 des mesures d\u00e9sesp\u00e9r\u00e9es, y compris des op\u00e9rations sous faux pavillon \u00bb, a d\u00e9clar\u00e9 le ministre iranien des Affaires \u00e9trang\u00e8res, Abas Araqchi.\u00a0<\/p>\n<p>Cet incident survient dans un climat de tension croissante entre les deux pays. En mars dernier, le Royaume-Uni a inscrit l&rsquo;Iran, ses services de renseignement et les Gardiens de la r\u00e9volution au niveau le plus \u00e9lev\u00e9 du Registre des influences \u00e9trang\u00e8res (FIRS), un programme destin\u00e9 \u00e0 contrer les activit\u00e9s secr\u00e8tes et malveillantes d&rsquo;acteurs \u00e9trangers. Toute personne agissant au nom de gouvernements tels que l&rsquo;Iran ou la Russie devra s&rsquo;enregistrer ou encourir des peines pouvant aller jusqu&rsquo;\u00e0 cinq ans de prison lorsque le dispositif entrera en vigueur en juillet prochain.<\/p>\n<p><img decoding=\"async\" width=\"1200\" height=\"675\" alt=\"Comandantes y miembros del Cuerpo de la Guardia Revolucionaria Isl\u00e1mica se re\u00fanen con el l\u00edder supremo de Ir\u00e1n, el ayatol\u00e1 Ali Khamenei, en Teher\u00e1n, Ir\u00e1n - PHOTO\/WANA via REUTERS\" src=\"https:\/\/www.europesays.com\/fr\/wp-content\/uploads\/2025\/05\/2024072614272142434.jpg\" loading=\"lazy\"  \/><br \/>\nDes commandants et des membres du Corps des gardiens de la r\u00e9volution islamique rencontrent le Guide supr\u00eame iranien, l&rsquo;ayatollah Ali Khamenei, \u00e0 T\u00e9h\u00e9ran (Iran) &#8211; <strong>PHOTO\/WANA via REUTERS<\/strong><\/p>\n<p><strong>Les inqui\u00e9tudes de Londres concernant les menaces provenant d&rsquo;Iran ne sont pas nouvelles. <\/strong>Le chef du MI5, Ken McCallum, a r\u00e9v\u00e9l\u00e9 en octobre dernier que les services de s\u00e9curit\u00e9 britanniques avaient d\u00e9jou\u00e9 au moins 20 attentats \u00ab potentiellement mortels \u00bb li\u00e9s \u00e0 l&rsquo;Iran depuis 2022. Bon nombre de ces plans visaient des dissidents iraniens bas\u00e9s au Royaume-Uni.\u00a0<\/p>\n<p>Dans l&rsquo;un des cas les plus r\u00e9cents, en mars 2024, Pouria Cerati, journaliste \u00e0 Iran International, a \u00e9t\u00e9 poignard\u00e9 devant son domicile \u00e0 Londres. Trois suspects ont \u00e9t\u00e9 arr\u00eat\u00e9s.\u00a0<\/p>\n<p>Frank Ferguson, chef de la division des crimes sp\u00e9ciaux et de la lutte contre le terrorisme du Crown Prosecution Service (CPS), a rappel\u00e9 que les proc\u00e9dures contre les accus\u00e9s sont en cours et que les garanties de la proc\u00e9dure judiciaire doivent \u00eatre respect\u00e9es. \u00ab Ils ont droit \u00e0 un proc\u00e8s \u00e9quitable, et il est essentiel d&rsquo;\u00e9viter tout rapport ou commentaire susceptible de nuire \u00e0 la proc\u00e9dure \u00bb, a-t-il d\u00e9clar\u00e9.\u00a0<\/p>\n<p>Dans l&rsquo;intervalle, les deux parties, repr\u00e9sent\u00e9es par l&rsquo;ambassadeur Mousavi et le sous-secr\u00e9taire britannique \u00e0 la s\u00e9curit\u00e9, Dan Jaffers, ont convenu de maintenir des canaux de communication ouverts afin de dissiper les malentendus. Lors de leur derni\u00e8re r\u00e9union, les deux d\u00e9l\u00e9gations ont convenu de \u00ab l&rsquo;importance d&rsquo;un dialogue fond\u00e9 sur la bonne foi \u00bb et se sont engag\u00e9es \u00e0 poursuivre les discussions diplomatiques.\u00a0<\/p>\n","protected":false},"excerpt":{"rendered":"Les relations bilat\u00e9rales entre T\u00e9h\u00e9ran et Londres sont affect\u00e9es par l&rsquo;arrestation de trois citoyens dans la capitale britannique,&hellip;\n","protected":false},"author":2,"featured_media":142165,"comment_status":"","ping_status":"","sticky":false,"template":"","format":"standard","meta":{"footnotes":""},"categories":[1588],"tags":[11,1777,674,3019,1577,12,13514,473,1853,1851,1850,1852],"class_list":{"0":"post-142164","1":"post","2":"type-post","3":"status-publish","4":"format-standard","5":"has-post-thumbnail","7":"category-royaume-uni","8":"tag-actualites","9":"tag-eu","10":"tag-europe","11":"tag-iran","12":"tag-l","13":"tag-news","14":"tag-reino-unido","15":"tag-royaume-uni","16":"tag-royaume-uni-de-grande-bretagne-et-dirlande-du-nord","17":"tag-uk","18":"tag-united-kingdom","19":"tag-united-kingdom-of-great-britain-and-northern-ireland"},"share_on_mastodon":{"url":"https:\/\/pubeurope.com\/@fr\/114603648922441468","error":""},"_links":{"self":[{"href":"https:\/\/www.europesays.com\/fr\/wp-json\/wp\/v2\/posts\/142164","targetHints":{"allow":["GET"]}}],"collection":[{"href":"https:\/\/www.europesays.com\/fr\/wp-json\/wp\/v2\/posts"}],"about":[{"href":"https:\/\/www.europesays.com\/fr\/wp-json\/wp\/v2\/types\/post"}],"author":[{"embeddable":true,"href":"https:\/\/www.europesays.com\/fr\/wp-json\/wp\/v2\/users\/2"}],"replies":[{"embeddable":true,"href":"https:\/\/www.europesays.com\/fr\/wp-json\/wp\/v2\/comments?post=142164"}],"version-history":[{"count":0,"href":"https:\/\/www.europesays.com\/fr\/wp-json\/wp\/v2\/posts\/142164\/revisions"}],"wp:featuredmedia":[{"embeddable":true,"href":"https:\/\/www.europesays.com\/fr\/wp-json\/wp\/v2\/media\/142165"}],"wp:attachment":[{"href":"https:\/\/www.europesays.com\/fr\/wp-json\/wp\/v2\/media?parent=142164"}],"wp:term":[{"taxonomy":"category","embeddable":true,"href":"https:\/\/www.europesays.com\/fr\/wp-json\/wp\/v2\/categories?post=142164"},{"taxonomy":"post_tag","embeddable":true,"href":"https:\/\/www.europesays.com\/fr\/wp-json\/wp\/v2\/tags?post=142164"}],"curies":[{"name":"wp","href":"https:\/\/api.w.org\/{rel}","templated":true}]}}