{"id":142166,"date":"2025-05-31T17:34:08","date_gmt":"2025-05-31T17:34:08","guid":{"rendered":"https:\/\/www.europesays.com\/fr\/142166\/"},"modified":"2025-05-31T17:34:08","modified_gmt":"2025-05-31T17:34:08","slug":"deux-morts-dans-le-crash-dun-avion-leger","status":"publish","type":"post","link":"https:\/\/www.europesays.com\/fr\/142166\/","title":{"rendered":"deux morts dans le crash d\u2019un avion l\u00e9ger"},"content":{"rendered":"<p>L\u2019accident a gravement endommag\u00e9 le toit d\u2019un immeuble et a provoqu\u00e9 l\u2019incendie d\u2019une partie du b\u00e2timent. La cause n\u2019est pas encore identifi\u00e9e.<\/p>\n<p class=\"fig-paragraph\"><a href=\"http:\/\/www.lefigaro.fr\/flash-actu\/etats-unis-un-accident-d-avion-fait-six-morts-dans-l-etat-de-new-york-20250414\" target=\"_blank\" data-fig-type=\"NewsFlash\" rel=\"noopener nofollow\" data-gtm-custom-categorie=\"navigation\" data-gtm-custom-action=\"crossclick\" data-gtm-custom-label=\"Contextuel\" data-gtm-event=\"customEventSPE\" data-fig-domain=\"LEFIGARO\">L&rsquo;accident d&rsquo;un avion l\u00e9ger<\/a>\u00a0dans l&rsquo;ouest de l&rsquo;Allemagne a fait deux morts, dont la pilote de l&rsquo;appareil, une femme de 71 ans, annonc\u00e9 samedi la police.<\/p>\n<p class=\"fig-paragraph\">Une victime non encore identifi\u00e9e a \u00e9galement \u00e9t\u00e9 tu\u00e9e dans l&rsquo;accident apr\u00e8s que l&rsquo;avion a percut\u00e9 un immeuble r\u00e9sidentiel dans la ville de Kleinenbroich, pr\u00e8s de\u00a0<a href=\"http:\/\/www.lefigaro.fr\/sports\/football\/euro\/euro-2024-les-bleus-zappent-le-car-et-se-rendront-a-duesseldorf-en-avion-20240628\" target=\"_blank\" data-fig-type=\"NewsFlash\" rel=\"noopener nofollow\" data-gtm-custom-categorie=\"navigation\" data-gtm-custom-action=\"crossclick\" data-gtm-custom-label=\"Contextuel\" data-gtm-event=\"customEventSPE\" data-fig-domain=\"LEFIGARO\">D\u00fcsseldorf<\/a>.<\/p>\n<p class=\"fig-paragraph\">L&rsquo;accident a gravement endommag\u00e9 le toit de l&rsquo;immeuble et a provoqu\u00e9 l&rsquo;incendie d&rsquo;une partie du b\u00e2timent. L&rsquo;accident s&rsquo;est produit \u00e0 midi heure locale (10H00 GMT) et sa cause n&rsquo;est pas encore identifi\u00e9e. La pilote a signal\u00e9 des probl\u00e8mes techniques au-dessus de Kleinenbroich peu avant l&rsquo;accident.<\/p>\n<p class=\"fig-paragraph\">La destination finale de l&rsquo;avion \u00e9tait Moenchengladbach, proche de Kleinenbroich. L&rsquo;avion \u00e9tait parti d&rsquo;Alkersleben, dans le centre de l&rsquo;Allemagne. La police enqu\u00eate sur les causes de l&rsquo;accident.<\/p>\n","protected":false},"excerpt":{"rendered":"L\u2019accident a gravement endommag\u00e9 le toit d\u2019un immeuble et a provoqu\u00e9 l\u2019incendie d\u2019une partie du b\u00e2timent. La cause&hellip;\n","protected":false},"author":2,"featured_media":142167,"comment_status":"","ping_status":"","sticky":false,"template":"","format":"standard","meta":{"footnotes":""},"categories":[1587],"tags":[259,11,260,672,37,1804,4098,1805,1803,1777,674,1801,14,261,12,262,1802],"class_list":{"0":"post-142166","1":"post","2":"type-post","3":"status-publish","4":"format-standard","5":"has-post-thumbnail","7":"category-allemagne","8":"tag-actualite-internationale","9":"tag-actualites","10":"tag-affaires-etrangeres","11":"tag-allemagne","12":"tag-avion","13":"tag-bundesrepublik-deutschland","14":"tag-crash","15":"tag-de","16":"tag-deutschland","17":"tag-eu","18":"tag-europe","19":"tag-germany","20":"tag-international","21":"tag-ministere-des-affaires-etrangeres","22":"tag-news","23":"tag-politique-etrangere","24":"tag-republique-federale-dallemagne"},"share_on_mastodon":{"url":"https:\/\/pubeurope.com\/@fr\/114603652902054053","error":""},"_links":{"self":[{"href":"https:\/\/www.europesays.com\/fr\/wp-json\/wp\/v2\/posts\/142166","targetHints":{"allow":["GET"]}}],"collection":[{"href":"https:\/\/www.europesays.com\/fr\/wp-json\/wp\/v2\/posts"}],"about":[{"href":"https:\/\/www.europesays.com\/fr\/wp-json\/wp\/v2\/types\/post"}],"author":[{"embeddable":true,"href":"https:\/\/www.europesays.com\/fr\/wp-json\/wp\/v2\/users\/2"}],"replies":[{"embeddable":true,"href":"https:\/\/www.europesays.com\/fr\/wp-json\/wp\/v2\/comments?post=142166"}],"version-history":[{"count":0,"href":"https:\/\/www.europesays.com\/fr\/wp-json\/wp\/v2\/posts\/142166\/revisions"}],"wp:featuredmedia":[{"embeddable":true,"href":"https:\/\/www.europesays.com\/fr\/wp-json\/wp\/v2\/media\/142167"}],"wp:attachment":[{"href":"https:\/\/www.europesays.com\/fr\/wp-json\/wp\/v2\/media?parent=142166"}],"wp:term":[{"taxonomy":"category","embeddable":true,"href":"https:\/\/www.europesays.com\/fr\/wp-json\/wp\/v2\/categories?post=142166"},{"taxonomy":"post_tag","embeddable":true,"href":"https:\/\/www.europesays.com\/fr\/wp-json\/wp\/v2\/tags?post=142166"}],"curies":[{"name":"wp","href":"https:\/\/api.w.org\/{rel}","templated":true}]}}