{"id":142202,"date":"2025-05-31T17:56:05","date_gmt":"2025-05-31T17:56:05","guid":{"rendered":"https:\/\/www.europesays.com\/fr\/142202\/"},"modified":"2025-05-31T17:56:05","modified_gmt":"2025-05-31T17:56:05","slug":"avec-la-lourde-defaite-du-stade-francais-le-rc-vannes-est-assure-de-jouer-sa-survie-en-top-14-lors-de-lultime-journee","status":"publish","type":"post","link":"https:\/\/www.europesays.com\/fr\/142202\/","title":{"rendered":"Avec la lourde d\u00e9faite du Stade Fran\u00e7ais, le RC Vannes\u00a0est assur\u00e9 de jouer sa survie en Top\u00a014 lors de l\u2019ultime journ\u00e9e"},"content":{"rendered":"<p>Top 14 (25e journ\u00e9e). RC Vannes &#8211; Section Paloise, ce samedi 24 mai (16 h 30)<\/p>\n<p>Le <a href=\"https:\/\/www.letelegramme.fr\/sports\/rugby\/rc-vannes\/\" target=\"_blank\" rel=\"noopener\">RC Vannes<\/a> ne descendra pas en Pro D2 ce samedi, \u00e0 l\u2019issue de la 25e journ\u00e9e de Top 14 !<\/p>\n<p>Ce samedi, les hommes de Jean-No\u00ebl Spitzer <a href=\"https:\/\/www.letelegramme.fr\/sports\/rugby\/rc-vannes\/top-14-les-scenarios-qui-enverraient-le-rc-vannes-en-pro-d2-des-ce-samedi-6827445.php\" target=\"_blank\" rel=\"noopener\">devaient prendre au moins autant de points que leurs concurrents<\/a>, Perpignan et le Stade Fran\u00e7ais, pour continuer d\u2019esp\u00e9rer se maintenir. Et le club parisien s\u2019est lourdement inclin\u00e9 \u00e0 Clermont (55-20) en d\u00e9but d\u2019apr\u00e8s-midi, prenant 0 point. <\/p>\n<p>A quelques points pr\u00e8s<\/p>\n<p>Tout se jouera donc lors de l\u2019ultime journ\u00e9e o\u00f9 Vannes se d\u00e9placera \u00e0 Bordeaux-B\u00e8gles et le Stade Fran\u00e7ais recevra Castres, samedi 7 juin (21 h 05). Dans le m\u00eame temps, Perpignan accueillera Toulouse.<\/p>\n<p>Une lourde d\u00e9faite parisienne qui avantage le RC Vannes. \u00c0 \u00e9galit\u00e9 concernant les \u00ab points-terrain \u00bb, le RCV et le Stade Fran\u00e7ais seront d\u00e9partag\u00e9s au point-average en cas d\u2019\u00e9galit\u00e9. Avant la rencontre des Morbihannais face \u00e0 Pau, il n\u2019y avait que quatre points d\u2019\u00e9cart. Suspense !<\/p>\n","protected":false},"excerpt":{"rendered":"Top 14 (25e journ\u00e9e). RC Vannes &#8211; Section Paloise, ce samedi 24 mai (16 h 30) Le RC&hellip;\n","protected":false},"author":2,"featured_media":142203,"comment_status":"","ping_status":"","sticky":false,"template":"","format":"standard","meta":{"footnotes":""},"categories":[9],"tags":[1011,27,3164,479,60],"class_list":{"0":"post-142202","1":"post","2":"type-post","3":"status-publish","4":"format-standard","5":"has-post-thumbnail","7":"category-sports","8":"tag-fr","9":"tag-france","10":"tag-rc-vannes","11":"tag-rugby","12":"tag-sports"},"share_on_mastodon":{"url":"","error":""},"_links":{"self":[{"href":"https:\/\/www.europesays.com\/fr\/wp-json\/wp\/v2\/posts\/142202","targetHints":{"allow":["GET"]}}],"collection":[{"href":"https:\/\/www.europesays.com\/fr\/wp-json\/wp\/v2\/posts"}],"about":[{"href":"https:\/\/www.europesays.com\/fr\/wp-json\/wp\/v2\/types\/post"}],"author":[{"embeddable":true,"href":"https:\/\/www.europesays.com\/fr\/wp-json\/wp\/v2\/users\/2"}],"replies":[{"embeddable":true,"href":"https:\/\/www.europesays.com\/fr\/wp-json\/wp\/v2\/comments?post=142202"}],"version-history":[{"count":0,"href":"https:\/\/www.europesays.com\/fr\/wp-json\/wp\/v2\/posts\/142202\/revisions"}],"wp:featuredmedia":[{"embeddable":true,"href":"https:\/\/www.europesays.com\/fr\/wp-json\/wp\/v2\/media\/142203"}],"wp:attachment":[{"href":"https:\/\/www.europesays.com\/fr\/wp-json\/wp\/v2\/media?parent=142202"}],"wp:term":[{"taxonomy":"category","embeddable":true,"href":"https:\/\/www.europesays.com\/fr\/wp-json\/wp\/v2\/categories?post=142202"},{"taxonomy":"post_tag","embeddable":true,"href":"https:\/\/www.europesays.com\/fr\/wp-json\/wp\/v2\/tags?post=142202"}],"curies":[{"name":"wp","href":"https:\/\/api.w.org\/{rel}","templated":true}]}}