{"id":142210,"date":"2025-05-31T18:00:12","date_gmt":"2025-05-31T18:00:12","guid":{"rendered":"https:\/\/www.europesays.com\/fr\/142210\/"},"modified":"2025-05-31T18:00:12","modified_gmt":"2025-05-31T18:00:12","slug":"somme-daccepter-la-proposition-de-treve-le-hamas-repond-a-lemissaire-americain","status":"publish","type":"post","link":"https:\/\/www.europesays.com\/fr\/142210\/","title":{"rendered":"somm\u00e9 d\u2019accepter la proposition de tr\u00eave, le Hamas r\u00e9pond \u00e0 l\u2019\u00e9missaire am\u00e9ricain"},"content":{"rendered":"<p>        <img decoding=\"async\" loading=\"lazy\" src=\"https:\/\/www.europesays.com\/fr\/wp-content\/uploads\/2025\/05\/dfddf9d_sirius-fs-upload-1-2wukmk3smx9u-1747507912409-000-473x6ty.jpg\"  width=\"728\" height=\"409\" alt=\"Cette photo prise depuis une position dans le sud d\u2019Isra\u00ebl, montre des volutes de fum\u00e9e dans la bande de Gaza lors d\u2019un bombardement isra\u00e9lien le 17\u00a0mai 2025.\"\/>  <\/p>\n<p>JACK GUEZ \/ AFP<\/p>\n<p>Cette photo prise depuis une position dans le sud d\u2019Isra\u00ebl, montre des volutes de fum\u00e9e dans la bande de Gaza lors d\u2019un bombardement isra\u00e9lien le 17\u00a0mai 2025.<\/p>\n<p class=\"asset asset-text\">GAZA &#8211; \u00ab\u00a0Acceptez ou vous serez an\u00e9anti.\u00a0\u00bb Quelques heures apr\u00e8s qu\u2019<a href=\"https:\/\/www.huffingtonpost.fr\/international\/article\/acceptez-ou-vous-serez-aneanti-israel-somme-le-hamas-de-dire-oui-a-la-proposition-americaine-de-treve_250727.html\" target=\"_blank\" rel=\"noopener\">Isra\u00ebl a lanc\u00e9 un ultimatum au Hamas<\/a>, l\u2019organisation terroriste a d\u00e9voil\u00e9 ce samedi 31\u00a0mai sa r\u00e9ponse \u00e0 la proposition de tr\u00eave formul\u00e9e par l\u2019\u00e9missaire am\u00e9ricain et <a href=\"https:\/\/www.huffingtonpost.fr\/international\/article\/israel-accepte-un-projet-americain-de-cessez-le-feu-a-gaza-le-hamas-pas-satisfait_250681.html\" target=\"_blank\" rel=\"noopener\">d\u00e9j\u00e0 accept\u00e9e par l\u2019\u00c9tat h\u00e9breu<\/a>.<\/p>\n<p class=\"asset asset-text\">\u00ab\u00a0Le Mouvement de r\u00e9sistance islamique (Hamas) a soumis aujourd\u2019hui sa r\u00e9ponse \u00e0 la derni\u00e8re proposition de l\u2019\u00e9missaire am\u00e9ricain, Steve Witkoff, aux parties m\u00e9diatrices\u00a0\u00bb, a indiqu\u00e9 le mouvement islamiste dans un communiqu\u00e9\u00a0; il se dit pr\u00eat \u00e0 lib\u00e9rer 10\u00a0otages toujours vivants et 18\u00a0corps de personnes enlev\u00e9es le 7\u00a0octobre\u00a02023\u00a0en \u00e9change de la lib\u00e9ration d\u2019un certain nombre de d\u00e9tenus palestiniens.<\/p>\n<p class=\"asset asset-text\">Ces lib\u00e9rations se feraient en deux trois phases dans un d\u00e9lai de deux mois\u00a0; le Hamas r\u00e9clame que durant cette p\u00e9riode, des n\u00e9gociations pour un cessez-le-feu permanent soient men\u00e9es, que l\u2019arm\u00e9e isra\u00e9lienne se retire de certains territoires et qu\u2019elle s\u2019engage \u00e0 ne pas relancer les hostilit\u00e9s apr\u00e8s la lib\u00e9rations des otages.<\/p>\n<p class=\"asset asset-text\">La veille depuis la Maison Blanche, Donald Trump faisait part de son optimiste sur la signature d\u2019un accord, m\u00eame provisoire. \u00ab\u00a0Ils sont tr\u00e8s proches d\u2019un accord sur Gaza. (&#8230;) Nous avons des chances d\u2019y parvenir\u00a0\u00bb, avait-il d\u00e9clar\u00e9 <a href=\"https:\/\/www.huffingtonpost.fr\/international\/video\/musk-a-recu-un-cadeau-tres-special-de-trump-et-un-eloge-sans-queue-ni-tete-pour-son-depart-du-gouvernement_250722.html\" target=\"_blank\" rel=\"noopener\">lors d\u2019une conf\u00e9rence de presse avec Elon Musk<\/a>. Mais ni le pr\u00e9sident des \u00c9tats-Unis ni son \u00e9missaire Steve Witkoff n\u2019ont, jusqu\u2019\u00e0 pr\u00e9sent, d\u00e9voil\u00e9 les contours pr\u00e9cis de leur proposition de tr\u00eave.<\/p>\n<p class=\"asset asset-text\">Ce flou permet \u00e0 chaque camp de faire trainer les discussions, Isra\u00ebl accusant d\u00e9sormais le Hamas d\u2019avoir ajout\u00e9 de nouvelles conditions.<\/p>\n","protected":false},"excerpt":{"rendered":"JACK GUEZ \/ AFP Cette photo prise depuis une position dans le sud d\u2019Isra\u00ebl, montre des volutes de&hellip;\n","protected":false},"author":2,"featured_media":142211,"comment_status":"","ping_status":"","sticky":false,"template":"","format":"standard","meta":{"footnotes":""},"categories":[5],"tags":[11,3259,1011,27,665,3519,14,664,12,28],"class_list":{"0":"post-142210","1":"post","2":"type-post","3":"status-publish","4":"format-standard","5":"has-post-thumbnail","7":"category-international","8":"tag-actualites","9":"tag-conflit-israelo-palestinien","10":"tag-fr","11":"tag-france","12":"tag-gaza","13":"tag-hamas","14":"tag-international","15":"tag-israel","16":"tag-news","17":"tag-world"},"share_on_mastodon":{"url":"https:\/\/pubeurope.com\/@fr\/114603755003086618","error":""},"_links":{"self":[{"href":"https:\/\/www.europesays.com\/fr\/wp-json\/wp\/v2\/posts\/142210","targetHints":{"allow":["GET"]}}],"collection":[{"href":"https:\/\/www.europesays.com\/fr\/wp-json\/wp\/v2\/posts"}],"about":[{"href":"https:\/\/www.europesays.com\/fr\/wp-json\/wp\/v2\/types\/post"}],"author":[{"embeddable":true,"href":"https:\/\/www.europesays.com\/fr\/wp-json\/wp\/v2\/users\/2"}],"replies":[{"embeddable":true,"href":"https:\/\/www.europesays.com\/fr\/wp-json\/wp\/v2\/comments?post=142210"}],"version-history":[{"count":0,"href":"https:\/\/www.europesays.com\/fr\/wp-json\/wp\/v2\/posts\/142210\/revisions"}],"wp:featuredmedia":[{"embeddable":true,"href":"https:\/\/www.europesays.com\/fr\/wp-json\/wp\/v2\/media\/142211"}],"wp:attachment":[{"href":"https:\/\/www.europesays.com\/fr\/wp-json\/wp\/v2\/media?parent=142210"}],"wp:term":[{"taxonomy":"category","embeddable":true,"href":"https:\/\/www.europesays.com\/fr\/wp-json\/wp\/v2\/categories?post=142210"},{"taxonomy":"post_tag","embeddable":true,"href":"https:\/\/www.europesays.com\/fr\/wp-json\/wp\/v2\/tags?post=142210"}],"curies":[{"name":"wp","href":"https:\/\/api.w.org\/{rel}","templated":true}]}}