{"id":142214,"date":"2025-05-31T18:02:13","date_gmt":"2025-05-31T18:02:13","guid":{"rendered":"https:\/\/www.europesays.com\/fr\/142214\/"},"modified":"2025-05-31T18:02:13","modified_gmt":"2025-05-31T18:02:13","slug":"lue-regrette-vivement-le-choix-de-donald-trump","status":"publish","type":"post","link":"https:\/\/www.europesays.com\/fr\/142214\/","title":{"rendered":"l&rsquo;UE \u00abregrette vivement\u00bb le choix de Donald Trump"},"content":{"rendered":"<p>Le pr\u00e9sident am\u00e9ricain a annonc\u00e9 vendredi 30 mai que la surtaxe sur l\u2019acier et l\u2019aluminium passerait de 25 \u00e0 50%.<\/p>\n<p class=\"fig-paragraph\"><a href=\"http:\/\/www.lefigaro.fr\/conjoncture\/l-union-europeenne-prete-a-repliquer-a-trump-en-taxant-100-milliards-de-dollars-de-produits-americains-20250507\" target=\"_blank\" data-fig-type=\"Article\" rel=\"noopener\" data-gtm-custom-categorie=\"navigation\" data-gtm-custom-action=\"crossclick\" data-gtm-custom-label=\"Contextuel\" data-gtm-event=\"customEventSPE\" data-fig-domain=\"LEFIGARO\">L&rsquo;Union europ\u00e9enne<\/a>\u00a0\u00abregrette vivement\u00bb les nouvelles taxes de Donald Trump sur l&rsquo;acier et l&rsquo;aluminium, qui \u00absapent les efforts en cours pour parvenir \u00e0 une solution n\u00e9goci\u00e9e\u00bb avec les \u00c9tats-Unis, a r\u00e9agi la Commission europ\u00e9enne samedi. \u00abSi aucune solution mutuellement acceptable n&rsquo;est trouv\u00e9e\u00bb, des \u00abcontre-mesures\u00bb europ\u00e9ennes \u00abprendront automatiquement effet le 14 juillet, voire plus t\u00f4t si les circonstances l&rsquo;exigent\u00bb, a indiqu\u00e9 une porte-parole, soulignant que l&rsquo;UE \u00e9tait \u00abpr\u00eate\u00bb \u00e0 riposter.<\/p>\n<p class=\"fig-paragraph\">L&rsquo;annonce de Donald Trump \u00abajoute une incertitude suppl\u00e9mentaire \u00e0 l&rsquo;\u00e9conomie mondiale et augmente les co\u00fbts pour les consommateurs et les entreprises des deux c\u00f4t\u00e9s de l&rsquo;Atlantique\u00bb, a encore critiqu\u00e9 la Commission europ\u00e9enne. Le pr\u00e9sident am\u00e9ricain a annonc\u00e9 vendredi que la surtaxe sur l&rsquo;acier et l&rsquo;aluminium passerait mercredi prochain \u00e0 50%, une nouvelle escalade dans son offensive protectionniste. Depuis son retour \u00e0 la Maison Blanche, Donald Trump a fait des\u00a0<a href=\"http:\/\/www.lefigaro.fr\/conjoncture\/guerre-commerciale-l-administration-trump-elabore-un-plan-b-pour-imposer-des-droits-de-douane-20250530\" target=\"_blank\" data-fig-type=\"NewsFlash\" rel=\"noopener\" data-gtm-custom-categorie=\"navigation\" data-gtm-custom-action=\"crossclick\" data-gtm-custom-label=\"Contextuel\" data-gtm-event=\"customEventSPE\" data-fig-domain=\"LEFIGARO\">droits de douane<\/a>\u00a0un des points cardinaux de sa politique.<\/p>\n<p class=\"fig-body-link\">\n            \u00c0 lire aussi<br \/>\n        <a class=\"fig-body-link__link fig-premium-mark\" href=\"http:\/\/www.lefigaro.fr\/conjoncture\/etats-democrates-importateur-de-vin-fabricant-de-tuyaux-cette-etrange-coalition-qui-a-fait-bloquer-les-droits-de-douane-de-trump-20250529\" data-fig-type=\"NewsFlash\" data-gtm-custom-categorie=\"navigation\" data-gtm-custom-action=\"crossclick\" data-gtm-custom-label=\"Contextuel\" data-gtm-event=\"customEventSPE\" data-fig-domain=\"LEFIGARO\" target=\"_blank\" rel=\"noopener\">\u00c9tats d\u00e9mocrates, importateur de vin, fabricant de tuyaux&#8230; Cette \u00e9trange coalition qui a fait bloquer les droits de douane de Trump<br \/>\n    <\/a>\n<\/p>\n<p>Des taxes en vigueur tant que la justice am\u00e9ricaine n\u2019a pas tranch\u00e9<\/p>\n<p class=\"fig-paragraph\">Apr\u00e8s une p\u00e9riode de tensions, l&rsquo;Europe esp\u00e9rait un \u00abnouvel \u00e9lan\u00bb dans les n\u00e9gociations depuis un \u00e9change t\u00e9l\u00e9phonique entre Donald Trump et la pr\u00e9sidente de la Commission\u00a0<a href=\"http:\/\/www.lefigaro.fr\/international\/ursula-von-der-leyen-veut-creer-une-pax-europaea-en-matiere-de-securite-20250529\" target=\"_blank\" data-fig-type=\"NewsFlash\" rel=\"noopener\" data-gtm-custom-categorie=\"navigation\" data-gtm-custom-action=\"crossclick\" data-gtm-custom-label=\"Contextuel\" data-gtm-event=\"customEventSPE\" data-fig-domain=\"LEFIGARO\">Ursula von der Leyen<\/a>\u00a0il y a une semaine. Le commissaire europ\u00e9en au Commerce\u00a0<a href=\"https:\/\/www.lefigaro.fr\/conjoncture\/maros-sefcovic-l-avenir-de-l-ue-se-jouera-sur-la-prochaine-decennie-20190704\" target=\"_blank\" data-fig-type=\"Article\" rel=\"noopener\" data-gtm-custom-categorie=\"navigation\" data-gtm-custom-action=\"crossclick\" data-gtm-custom-label=\"Contextuel\" data-gtm-event=\"customEventSPE\" data-fig-domain=\"LEFIGARO\">Maros Sefcovic<\/a>\u00a0et son homologue am\u00e9ricain Howard Lutnick ont \u00e9chang\u00e9 \u00e0 plusieurs reprises ces derniers jours. Et de nouvelles discussions pourraient avoir lieu mardi ou mercredi, en marge d&rsquo;une r\u00e9union minist\u00e9rielle \u00e0 Paris de l&rsquo;OCDE (Organisation de coop\u00e9ration et de d\u00e9veloppement \u00e9conomiques, qui regroupe essentiellement des pays occidentaux).<\/p>\n<p class=\"fig-paragraph\">Au cours des derniers mois, l&rsquo;UE avait d\u00e9j\u00e0 \u00e9t\u00e9 frapp\u00e9e \u00e0 trois reprises par des droits de douane de l&rsquo;administration am\u00e9ricaine\u00a0: 25% sur l&rsquo;acier et l&rsquo;aluminium, annonc\u00e9s mi-mars, 25% sur les automobiles, puis 20% sur tous les autres produits europ\u00e9ens, en avril. Cette derni\u00e8re surtaxe a \u00e9t\u00e9 suspendue jusqu&rsquo;au 9 juillet par l&rsquo;administration Trump pour engager une n\u00e9gociation.<\/p>\n<p class=\"fig-paragraph\">Mais des droits de douane de 10% sont encore cens\u00e9s s&rsquo;appliquer sur la plupart des biens export\u00e9s aux \u00c9tats-Unis par les Vingt-Sept, sauf si la justice am\u00e9ricaine leur barre d\u00e9finitivement la route. Deux tribunaux de premi\u00e8re instance ont en effet consid\u00e9r\u00e9 cette semaine que Donald Trump n&rsquo;avait pas le droit de d\u00e9cr\u00e9ter certains de ces droits de douane. Ceux-ci restent toutefois en vigueur tant que l&rsquo;affaire n&rsquo;est pas tranch\u00e9e d\u00e9finitivement sur le fond.<\/p>\n","protected":false},"excerpt":{"rendered":"Le pr\u00e9sident am\u00e9ricain a annonc\u00e9 vendredi 30 mai que la surtaxe sur l\u2019acier et l\u2019aluminium passerait de 25&hellip;\n","protected":false},"author":2,"featured_media":142215,"comment_status":"","ping_status":"","sticky":false,"template":"","format":"standard","meta":{"footnotes":""},"categories":[2],"tags":[7662,339,11,21999,340,343,345,350,130,344,352,349,75,33,341,313,1011,27,346,342,353,351,347,12,348,2658,354,364],"class_list":{"0":"post-142214","1":"post","2":"type-post","3":"status-publish","4":"format-standard","5":"has-post-thumbnail","7":"category-actualites","8":"tag-acier","9":"tag-actualite-economique","10":"tag-actualites","11":"tag-aluminium","12":"tag-bourse","13":"tag-cac-40","14":"tag-chef-dentreprise","15":"tag-concurrence","16":"tag-consommation","17":"tag-creation-dentreprise","18":"tag-crise","19":"tag-delocalisations","20":"tag-donald-trump","21":"tag-economie","22":"tag-emploi","23":"tag-entreprises","24":"tag-fr","25":"tag-france","26":"tag-grands-patrons","27":"tag-impots","28":"tag-licenciements","29":"tag-monopole","30":"tag-multinationales","31":"tag-news","32":"tag-privatisation","33":"tag-taxes-douanieres","34":"tag-unio","35":"tag-union-europeenne"},"share_on_mastodon":{"url":"https:\/\/pubeurope.com\/@fr\/114603762810895652","error":""},"_links":{"self":[{"href":"https:\/\/www.europesays.com\/fr\/wp-json\/wp\/v2\/posts\/142214","targetHints":{"allow":["GET"]}}],"collection":[{"href":"https:\/\/www.europesays.com\/fr\/wp-json\/wp\/v2\/posts"}],"about":[{"href":"https:\/\/www.europesays.com\/fr\/wp-json\/wp\/v2\/types\/post"}],"author":[{"embeddable":true,"href":"https:\/\/www.europesays.com\/fr\/wp-json\/wp\/v2\/users\/2"}],"replies":[{"embeddable":true,"href":"https:\/\/www.europesays.com\/fr\/wp-json\/wp\/v2\/comments?post=142214"}],"version-history":[{"count":0,"href":"https:\/\/www.europesays.com\/fr\/wp-json\/wp\/v2\/posts\/142214\/revisions"}],"wp:featuredmedia":[{"embeddable":true,"href":"https:\/\/www.europesays.com\/fr\/wp-json\/wp\/v2\/media\/142215"}],"wp:attachment":[{"href":"https:\/\/www.europesays.com\/fr\/wp-json\/wp\/v2\/media?parent=142214"}],"wp:term":[{"taxonomy":"category","embeddable":true,"href":"https:\/\/www.europesays.com\/fr\/wp-json\/wp\/v2\/categories?post=142214"},{"taxonomy":"post_tag","embeddable":true,"href":"https:\/\/www.europesays.com\/fr\/wp-json\/wp\/v2\/tags?post=142214"}],"curies":[{"name":"wp","href":"https:\/\/api.w.org\/{rel}","templated":true}]}}