{"id":142218,"date":"2025-05-31T18:05:11","date_gmt":"2025-05-31T18:05:11","guid":{"rendered":"https:\/\/www.europesays.com\/fr\/142218\/"},"modified":"2025-05-31T18:05:11","modified_gmt":"2025-05-31T18:05:11","slug":"aux-dames-mariage-kassandra-et-adrien","status":"publish","type":"post","link":"https:\/\/www.europesays.com\/fr\/142218\/","title":{"rendered":"aux-Dames | Mariage. Kassandra et Adrien"},"content":{"rendered":"<p>Vendredi 30\u00a0mai\u00a02025, en mairie de Bouxi\u00e8res-aux-Dames, Denis Machado, maire de la commune, a uni par les liens du mariage Kassandra Donnez, agent de service hospitalier, et Adrien Alfano, chef de projet. Les futurs \u00e9poux sont domicili\u00e9s \u00e0 Bouxi\u00e8res-aux-Dames. Le consentement mutuel a \u00e9t\u00e9 \u00e9chang\u00e9 en pr\u00e9sence des t\u00e9moins et de la famille. Nos v\u0153ux de bonheur.<\/p>\n","protected":false},"excerpt":{"rendered":"Vendredi 30\u00a0mai\u00a02025, en mairie de Bouxi\u00e8res-aux-Dames, Denis Machado, maire de la commune, a uni par les liens du&hellip;\n","protected":false},"author":2,"featured_media":142219,"comment_status":"","ping_status":"","sticky":false,"template":"","format":"standard","meta":{"footnotes":""},"categories":[9635],"tags":[1111,11,19709,9223,13561,1704,1777,674,1011,27,775,1930,1702,12,25,104],"class_list":{"0":"post-142218","1":"post","2":"type-post","3":"status-publish","4":"format-standard","5":"has-post-thumbnail","7":"category-nancy","8":"tag-actu","9":"tag-actualites","10":"tag-bouxieres-aux-dames","11":"tag-carnet-du-jour","12":"tag-cc-du-bassin-de-pompey-54b2","13":"tag-edition-nancy-et-agglomeration","14":"tag-eu","15":"tag-europe","16":"tag-fr","17":"tag-france","18":"tag-grand-est","19":"tag-mariage","20":"tag-nancy","21":"tag-news","22":"tag-republique-francaise","23":"tag-societe"},"share_on_mastodon":{"url":"https:\/\/pubeurope.com\/@fr\/114603774654791575","error":""},"_links":{"self":[{"href":"https:\/\/www.europesays.com\/fr\/wp-json\/wp\/v2\/posts\/142218","targetHints":{"allow":["GET"]}}],"collection":[{"href":"https:\/\/www.europesays.com\/fr\/wp-json\/wp\/v2\/posts"}],"about":[{"href":"https:\/\/www.europesays.com\/fr\/wp-json\/wp\/v2\/types\/post"}],"author":[{"embeddable":true,"href":"https:\/\/www.europesays.com\/fr\/wp-json\/wp\/v2\/users\/2"}],"replies":[{"embeddable":true,"href":"https:\/\/www.europesays.com\/fr\/wp-json\/wp\/v2\/comments?post=142218"}],"version-history":[{"count":0,"href":"https:\/\/www.europesays.com\/fr\/wp-json\/wp\/v2\/posts\/142218\/revisions"}],"wp:featuredmedia":[{"embeddable":true,"href":"https:\/\/www.europesays.com\/fr\/wp-json\/wp\/v2\/media\/142219"}],"wp:attachment":[{"href":"https:\/\/www.europesays.com\/fr\/wp-json\/wp\/v2\/media?parent=142218"}],"wp:term":[{"taxonomy":"category","embeddable":true,"href":"https:\/\/www.europesays.com\/fr\/wp-json\/wp\/v2\/categories?post=142218"},{"taxonomy":"post_tag","embeddable":true,"href":"https:\/\/www.europesays.com\/fr\/wp-json\/wp\/v2\/tags?post=142218"}],"curies":[{"name":"wp","href":"https:\/\/api.w.org\/{rel}","templated":true}]}}