{"id":142222,"date":"2025-05-31T18:07:03","date_gmt":"2025-05-31T18:07:03","guid":{"rendered":"https:\/\/www.europesays.com\/fr\/142222\/"},"modified":"2025-05-31T18:07:03","modified_gmt":"2025-05-31T18:07:03","slug":"la-compo-face-a-toulon-actualites-union-bordeaux-begles-ubb-rugby","status":"publish","type":"post","link":"https:\/\/www.europesays.com\/fr\/142222\/","title":{"rendered":"La compo face \u00e0 Toulon &#8211; Actualit\u00e9s &#8211; Union Bordeaux B\u00e8gles (UBB Rugby)"},"content":{"rendered":"<p>                    D\u00e9couvrez la composition de notre \u00e9quipe qui affrontera Toulon\u00a0demain \u00e0 21h05 au stade F\u00e9lix-Mayol, \u00e0 l\u2019occasion de la 25e journ\u00e9e du TOP 14.<\/p>\n<p><strong>Avec pas moins de 13 changements par rapport\u00a0\u00e0 l&rsquo;\u00e9quipe align\u00e9e\u00a0la semaine derni\u00e8re<\/strong>\u00a0en finale d&rsquo;Investec Champions Cup face \u00e0 Northampton. Seuls<strong> Adam Coleman<\/strong> en deuxi\u00e8me ligne et <strong>Yoram Moefana<\/strong> au centre conservent leurs places de titulaires.<\/p>\n<p><strong>En 1ere ligne, Ugo Boniface, Connor Sa et Ben Tameifuna, tous\u00a0finisseurs \u00e0\u00a0<\/strong>Cardiff seront cette fois titulaires.<\/p>\n<p>En seconde ligne, <strong>Jonny Gray retrouve\u00a0une place<\/strong> de titulaire aux c\u00f4t\u00e9s d&rsquo;<strong>Adam Coleman<\/strong> quiencha\u00eene.<\/p>\n<p><strong>Bastien Vergnes-Taillefer sera capitaine et accompagn\u00e9 de Pierre Bochaton et Tevita Tatafu<\/strong>\u00a0en troisi\u00e8me ligne.<\/p>\n<p><strong>Yann Lesgourgues et Joey Carbery<\/strong> formeront la charni\u00e8re.<\/p>\n<p>Au centre du terrain, <strong>Yoram Moefana\u00a0formera la paire avec Rohan Janse Van Rensburg<\/strong>\u00a0rempla\u00e7ant \u00e0 Cardiff.<\/p>\n<p>Le triangle arri\u00e8re sera lui compos\u00e9 d&rsquo;<strong>Enzo Reybier, Pablo Uberti et Jon Echegaray.<\/strong><\/p>\n<p><strong>Du c\u00f4t\u00e9 des finisseurs,<\/strong> on notera les pr\u00e9sences de <strong>Toma Taufa, Romain Latterrade et Zaccharie Affane<\/strong> pour couvrir la premi\u00e8re ligne. Tandis que <strong>Ben Tapuai et Arthur Reti\u00e8re<\/strong>, seuls trois-quarts sur le banc, couvriront les postes de la ligne arri\u00e8re.<\/p>\n<p><img loading=\"lazy\" decoding=\"async\" src=\"https:\/\/www.europesays.com\/fr\/wp-content\/uploads\/2025\/05\/rctubb.png\" alt=\"\" width=\"1200\" height=\"1200\"\/><\/p>\n","protected":false},"excerpt":{"rendered":"D\u00e9couvrez la composition de notre \u00e9quipe qui affrontera Toulon\u00a0demain \u00e0 21h05 au stade F\u00e9lix-Mayol, \u00e0 l\u2019occasion de la&hellip;\n","protected":false},"author":2,"featured_media":142223,"comment_status":"","ping_status":"","sticky":false,"template":"","format":"standard","meta":{"footnotes":""},"categories":[9619],"tags":[1111,47,11,4402,1997,4404,4401,4356,4400,4357,1983,1777,674,1011,27,1987,1114,2947,955,12,4048,882,25,479,517,2858,478,2310,4364,4403,1264],"class_list":{"0":"post-142222","1":"post","2":"type-post","3":"status-publish","4":"format-standard","5":"has-post-thumbnail","7":"category-toulon","8":"tag-actu","9":"tag-actualite","10":"tag-actualites","11":"tag-begles","12":"tag-bordeaux","13":"tag-chaban","14":"tag-challenge-cup","15":"tag-coronavirus","16":"tag-covid","17":"tag-covid-19","18":"tag-essai","19":"tag-eu","20":"tag-europe","21":"tag-fr","22":"tag-france","23":"tag-girondins","24":"tag-infos","25":"tag-lnr","26":"tag-match","27":"tag-news","28":"tag-presse","29":"tag-provence-alpes-cote-dazur","30":"tag-republique-francaise","31":"tag-rugby","32":"tag-sport","33":"tag-stade","34":"tag-top-14","35":"tag-toulon","36":"tag-ubb","37":"tag-union","38":"tag-victoire"},"share_on_mastodon":{"url":"https:\/\/pubeurope.com\/@fr\/114603782639879527","error":""},"_links":{"self":[{"href":"https:\/\/www.europesays.com\/fr\/wp-json\/wp\/v2\/posts\/142222","targetHints":{"allow":["GET"]}}],"collection":[{"href":"https:\/\/www.europesays.com\/fr\/wp-json\/wp\/v2\/posts"}],"about":[{"href":"https:\/\/www.europesays.com\/fr\/wp-json\/wp\/v2\/types\/post"}],"author":[{"embeddable":true,"href":"https:\/\/www.europesays.com\/fr\/wp-json\/wp\/v2\/users\/2"}],"replies":[{"embeddable":true,"href":"https:\/\/www.europesays.com\/fr\/wp-json\/wp\/v2\/comments?post=142222"}],"version-history":[{"count":0,"href":"https:\/\/www.europesays.com\/fr\/wp-json\/wp\/v2\/posts\/142222\/revisions"}],"wp:featuredmedia":[{"embeddable":true,"href":"https:\/\/www.europesays.com\/fr\/wp-json\/wp\/v2\/media\/142223"}],"wp:attachment":[{"href":"https:\/\/www.europesays.com\/fr\/wp-json\/wp\/v2\/media?parent=142222"}],"wp:term":[{"taxonomy":"category","embeddable":true,"href":"https:\/\/www.europesays.com\/fr\/wp-json\/wp\/v2\/categories?post=142222"},{"taxonomy":"post_tag","embeddable":true,"href":"https:\/\/www.europesays.com\/fr\/wp-json\/wp\/v2\/tags?post=142222"}],"curies":[{"name":"wp","href":"https:\/\/api.w.org\/{rel}","templated":true}]}}