{"id":142226,"date":"2025-05-31T18:09:12","date_gmt":"2025-05-31T18:09:12","guid":{"rendered":"https:\/\/www.europesays.com\/fr\/142226\/"},"modified":"2025-05-31T18:09:12","modified_gmt":"2025-05-31T18:09:12","slug":"la-video-dune-harde-de-sangliers-et-de-marcassins-en-goguette-en-plein-jour","status":"publish","type":"post","link":"https:\/\/www.europesays.com\/fr\/142226\/","title":{"rendered":"la vid\u00e9o d&rsquo;une harde de sangliers et de marcassins en goguette en plein jour"},"content":{"rendered":"<p>            Par<br \/>\n        <strong><br \/>\n            <a href=\"https:\/\/actu.fr\/auteur\/jm-aubert\" title=\"Consulter tous les articles de Jean-Marc Aubert\" rel=\"nofollow noopener\" target=\"_blank\">Jean-Marc Aubert<\/a><br \/>\n        <\/strong><\/p>\n<p>        Publi\u00e9 le<\/p>\n<p>            31 mai 2025 \u00e0 19h57        <\/p>\n<p>Les d\u00e9ambulations diurnes et nocturnes de <strong>harde de sangliers avec leurs marcassins<\/strong> n\u2019\u00e9tonnent plus les Montpelli\u00e9rains, comme ceux r\u00e9sidant entre les avenues de Lod\u00e8ve et de la Libert\u00e9, ayant film\u00e9 r\u00e9cemment un solitaire de belle taille.<\/p>\n<p>    <a href=\"https:\/\/www.google.com\/maps\/embed?pb=!1m18!1m12!1m3!1d23102.179929920072!2d3.7776073131747645!3d43.63209395886425!2m3!1f0!2f0!3f0!3m2!1i1024!2i768!4f13.1!3m3!1m2!1s0x12b6ac25a8500dab%3A0xe6cedb4ee2427edb!2sLa%20Mosson%2C%2034080%20Montpellier!5e0!3m2!1sfr!2sfr!4v1748710035507!5m2!1sfr!2sfr\" title=\"Ouvrie le lien\" rel=\"nofollow noopener\" target=\"_blank\">Cliquez ici pour visualiser le contenu<\/a><\/p>\n<p class=\" wall-content\">Ces mammif\u00e8res omnivores ont pris leur quartier en famille dans le quartier de la Mosson, et notamment aux Hauts de Massane, o\u00f9 les habitants les observent r\u00e9guli\u00e8rement leur pr\u00e9sence, autour des containers et autres poubelles \u00e0 la recherche de nourriture. Ainsi, ce jeudi 29 mai 2025, en plein jour, un riverain a immortalis\u00e9 <strong>un couple de sangliers et six marcassins<\/strong> fouinant et remuant tranquillement dans des d\u00e9chets et des bosquets, \u00e0 deux pas d\u2019un vendeur \u00e0 la sauvette qui avait pos\u00e9 ses produits dans la rue.<\/p>\n<p>    <img   decoding=\"async\" loading=\"lazy\" src=\"https:\/\/www.europesays.com\/fr\/wp-content\/uploads\/2025\/05\/0-7-960x640.png\" alt=\"Le couple de sangliers en goguette dans le quartier de la Mosson\" width=\"960\" height=\"640\"\/><br \/>\n    Le couple de sangliers en goguette dans le quartier de la Mosson (\u00a9M\u00e9tropolitain)<\/p>\n<p class=\" wall-content\">Visiblement, ils sont habitu\u00e9s \u00e0 l\u2019homme et c\u2019est en toute qui\u00e9tude que cette petite famille se d\u00e9pla\u00e7ait, jeudi apr\u00e8s-midi, dans cette art\u00e8re de la Mosson, non loin des stations de la ligne 1 de tramway, pour la plus grande joie des parents et des enfants assistant de loin au spectacle, avant de regagner les zones champ\u00eatres plus isol\u00e9es o\u00f9 ils se terrent.<\/p>\n<p>Vid\u00e9os : en ce moment sur Actu<\/p>\n<p class=\" wall-content\">\u00ab\u00a0Le couple a \u00e9t\u00e9 aper\u00e7u r\u00e9cemment en train de manger dans les bois situ\u00e9s le long de la ligne 1 de tram, entre le rond-point du Chateau d\u2019O et Malbosc, c\u2019est s\u00fbrement le m\u00eame puisque ces sangliers \u00e9taient accompagn\u00e9s de plusieurs marcassins qui venaient de na\u00eetre\u00a0\u00bb, t\u00e9moigne un Montpelli\u00e9rain.<\/p>\n<p class=\" wall-content\">Suivez toute l\u2019actualit\u00e9 de vos villes et m\u00e9dias favoris en vous inscrivant \u00e0 <a href=\"https:\/\/moncompte.actu.fr\" title=\"D\u00e9couvez Mon Actu\" rel=\"nofollow noopener\" data-trk=\"{&quot;cta&quot;:{&quot;action&quot;:&quot;https:\\\/\\\/moncompte.actu.fr&quot;,&quot;category&quot;:&quot;mon compte&quot;,&quot;from&quot;:&quot;article footer&quot;,&quot;name&quot;:&quot;Mon actu&quot;,&quot;type&quot;:&quot;cta&quot;}}\" target=\"_blank\">Mon Actu<\/a>.<\/p>\n","protected":false},"excerpt":{"rendered":"Par Jean-Marc Aubert Publi\u00e9 le 31 mai 2025 \u00e0 19h57 Les d\u00e9ambulations diurnes et nocturnes de harde de&hellip;\n","protected":false},"author":2,"featured_media":142227,"comment_status":"","ping_status":"","sticky":false,"template":"","format":"standard","meta":{"footnotes":""},"categories":[9599],"tags":[1111,11,1867,1777,674,1011,27,1757,2208,12,2680,25],"class_list":{"0":"post-142226","1":"post","2":"type-post","3":"status-publish","4":"format-standard","5":"has-post-thumbnail","7":"category-montpellier","8":"tag-actu","9":"tag-actualites","10":"tag-animaux","11":"tag-eu","12":"tag-europe","13":"tag-fr","14":"tag-france","15":"tag-insolite","16":"tag-montpellier","17":"tag-news","18":"tag-occitanie","19":"tag-republique-francaise"},"share_on_mastodon":{"url":"https:\/\/pubeurope.com\/@fr\/114603790609387752","error":""},"_links":{"self":[{"href":"https:\/\/www.europesays.com\/fr\/wp-json\/wp\/v2\/posts\/142226","targetHints":{"allow":["GET"]}}],"collection":[{"href":"https:\/\/www.europesays.com\/fr\/wp-json\/wp\/v2\/posts"}],"about":[{"href":"https:\/\/www.europesays.com\/fr\/wp-json\/wp\/v2\/types\/post"}],"author":[{"embeddable":true,"href":"https:\/\/www.europesays.com\/fr\/wp-json\/wp\/v2\/users\/2"}],"replies":[{"embeddable":true,"href":"https:\/\/www.europesays.com\/fr\/wp-json\/wp\/v2\/comments?post=142226"}],"version-history":[{"count":0,"href":"https:\/\/www.europesays.com\/fr\/wp-json\/wp\/v2\/posts\/142226\/revisions"}],"wp:featuredmedia":[{"embeddable":true,"href":"https:\/\/www.europesays.com\/fr\/wp-json\/wp\/v2\/media\/142227"}],"wp:attachment":[{"href":"https:\/\/www.europesays.com\/fr\/wp-json\/wp\/v2\/media?parent=142226"}],"wp:term":[{"taxonomy":"category","embeddable":true,"href":"https:\/\/www.europesays.com\/fr\/wp-json\/wp\/v2\/categories?post=142226"},{"taxonomy":"post_tag","embeddable":true,"href":"https:\/\/www.europesays.com\/fr\/wp-json\/wp\/v2\/tags?post=142226"}],"curies":[{"name":"wp","href":"https:\/\/api.w.org\/{rel}","templated":true}]}}