{"id":142232,"date":"2025-05-31T18:14:10","date_gmt":"2025-05-31T18:14:10","guid":{"rendered":"https:\/\/www.europesays.com\/fr\/142232\/"},"modified":"2025-05-31T18:14:10","modified_gmt":"2025-05-31T18:14:10","slug":"malo-amblard-gagne-le-tournoi-de-montbonnot-saint-martin","status":"publish","type":"post","link":"https:\/\/www.europesays.com\/fr\/142232\/","title":{"rendered":"Malo Amblard gagne le tournoi de Montbonnot-Saint-Martin"},"content":{"rendered":"<p>Malo Amblard, 9\u00a0ans, jeune joueur du Tennis club livronnais, est vice-champion de la ligue Auvergne-Rh\u00f4ne-Alpes. Ce vendredi 30\u00a0mai, il a remport\u00e9 le tournoi de Montbonnot-Saint-Martin, pr\u00e8s de Grenoble. Malo multiplie les bons r\u00e9sultats depuis le d\u00e9but de l\u2019ann\u00e9e et cette nouvelle coupe vient compl\u00e9ter sa collection. Son coach Rodolphe et les membres du Tennis club sont ravis de ce joli parcours.<\/p>\n","protected":false},"excerpt":{"rendered":"Malo Amblard, 9\u00a0ans, jeune joueur du Tennis club livronnais, est vice-champion de la ligue Auvergne-Rh\u00f4ne-Alpes. Ce vendredi 30\u00a0mai,&hellip;\n","protected":false},"author":2,"featured_media":142233,"comment_status":"","ping_status":"","sticky":false,"template":"","format":"standard","meta":{"footnotes":""},"categories":[9566],"tags":[1111,11,2430,1687,2735,1777,674,1011,27,2731,27019,12,25,27020],"class_list":{"0":"post-142232","1":"post","2":"type-post","3":"status-publish","4":"format-standard","5":"has-post-thumbnail","7":"category-grenoble","8":"tag-actu","9":"tag-actualites","10":"tag-auvergne-rhone-alpes","11":"tag-culture-loisirs","12":"tag-edition-valence-rhone-crussol-vallee-de-la-drome","13":"tag-eu","14":"tag-europe","15":"tag-fr","16":"tag-france","17":"tag-grenoble","18":"tag-livron-sur-drome","19":"tag-news","20":"tag-republique-francaise","21":"tag-vallee-du-rhone"},"share_on_mastodon":{"url":"https:\/\/pubeurope.com\/@fr\/114603810106281444","error":""},"_links":{"self":[{"href":"https:\/\/www.europesays.com\/fr\/wp-json\/wp\/v2\/posts\/142232","targetHints":{"allow":["GET"]}}],"collection":[{"href":"https:\/\/www.europesays.com\/fr\/wp-json\/wp\/v2\/posts"}],"about":[{"href":"https:\/\/www.europesays.com\/fr\/wp-json\/wp\/v2\/types\/post"}],"author":[{"embeddable":true,"href":"https:\/\/www.europesays.com\/fr\/wp-json\/wp\/v2\/users\/2"}],"replies":[{"embeddable":true,"href":"https:\/\/www.europesays.com\/fr\/wp-json\/wp\/v2\/comments?post=142232"}],"version-history":[{"count":0,"href":"https:\/\/www.europesays.com\/fr\/wp-json\/wp\/v2\/posts\/142232\/revisions"}],"wp:featuredmedia":[{"embeddable":true,"href":"https:\/\/www.europesays.com\/fr\/wp-json\/wp\/v2\/media\/142233"}],"wp:attachment":[{"href":"https:\/\/www.europesays.com\/fr\/wp-json\/wp\/v2\/media?parent=142232"}],"wp:term":[{"taxonomy":"category","embeddable":true,"href":"https:\/\/www.europesays.com\/fr\/wp-json\/wp\/v2\/categories?post=142232"},{"taxonomy":"post_tag","embeddable":true,"href":"https:\/\/www.europesays.com\/fr\/wp-json\/wp\/v2\/tags?post=142232"}],"curies":[{"name":"wp","href":"https:\/\/api.w.org\/{rel}","templated":true}]}}