{"id":142235,"date":"2025-05-31T18:16:12","date_gmt":"2025-05-31T18:16:12","guid":{"rendered":"https:\/\/www.europesays.com\/fr\/142235\/"},"modified":"2025-05-31T18:16:12","modified_gmt":"2025-05-31T18:16:12","slug":"faune-et-flore-art-musique-voici-ce-qui-vous-attend-pour-la-deuxieme-edition-du-festival-de-graffitis-styles-an-arvor-pres-de-dinan","status":"publish","type":"post","link":"https:\/\/www.europesays.com\/fr\/142235\/","title":{"rendered":"Faune et flore, art, musique\u2026 Voici ce qui vous attend pour la deuxi\u00e8me \u00e9dition du festival de graffitis Styles an Arvor\u00a0pr\u00e8s de Dinan"},"content":{"rendered":"<p>Pour sa deuxi\u00e8me \u00e9dition, <a href=\"https:\/\/www.letelegramme.fr\/cotes-d-armor\/dinan-22100\/manau-dj-charles-b-pres-de-dinan-la-fete-du-ble-devoile-sa-programmation-6827247.php\" target=\"_blank\" rel=\"nofollow noopener\">le festival<\/a> de graffitis Styles an Arvor revient du samedi 7 au dimanche 8 juin. Cette ann\u00e9e, l\u2019\u00e9v\u00e9nement aura lieu \u00e0 la base de loisirs de B\u00e9tineuc \u00e0 Saint-Andr\u00e9-les-Eaux, pr\u00e8s de Dinan (22).<\/p>\n<p>Un festival itin\u00e9rant<\/p>\n<p>Lors de la pr\u00e9c\u00e9dente \u00e9dition, un conseiller municipal de la commune \u00e9tait venu \u00e0 Qu\u00e9vert, pour soumettre l\u2019id\u00e9e de venir \u00e0 Saint-Andr\u00e9-des-Eaux pour la deuxi\u00e8me. Le site appartenant \u00e0 Dinan Agglom\u00e9ration, un accord \u00e9tait n\u00e9cessaire. L\u2019id\u00e9e a plu et ils ont financ\u00e9 le projet \u00e0 hauteur de 90 %. \u00ab Quand on est venu ici avec Ma\u00ebl Piriou, conseiller municipal, Jean-Louis Nogues, maire de la commune, Olivier Ol\u00e9ron, chef de service des sports de l\u2019agglom\u00e9ration, et les services techniques, ils ont \u00e9t\u00e9 d\u2019accord pour valider le site et financer le mat\u00e9riel \u00bb, indique Julien Cailloux alias Stratoster de son nom d\u2019artiste et organisateur de l\u2019\u00e9v\u00e9nement.<\/p>\n<p>Pour le graffeur, l\u2019id\u00e9e m\u00eame de son m\u00eame est d\u2019amener son art dans diff\u00e9rents coins de l\u2019agglom\u00e9ration : \u00ab J\u2019aimerais que \u00e7a soit un festival itin\u00e9rant sur Dinan Agglom\u00e9ration. Il faut juste que les maires en fassent la demande et qu\u2019il y ait suffisamment de surface de murs \u00e0 graffer. \u00bb<\/p>\n<p>Quinze artistes<\/p>\n<p>Pour cette ann\u00e9e, 400 m2 de murs seront recouverts de graffitis. Cela comprend la base nautique, le local technique au niveau du parking, ainsi que le hangar, du c\u00f4t\u00e9 camping-car et les sanitaires \u00e0 l\u2019entr\u00e9e de la base nautique.<\/p>\n<p>Quinze artistes seront pr\u00e9sents sur les deux jours, venant principalement de Bretagne, mais aussi de Paris, de la Roche-sur-Yon et de Narbonne. Un th\u00e8me couleur sera impos\u00e9 ainsi qu\u2019une orientation la faune et de la flore.<\/p>\n<p>Hip-hop<\/p>\n<p>Nouveaut\u00e9 cette ann\u00e9e, un concert hip-hop se tiendra le samedi soir de 20 h \u00e0 minuit. K8pas, jeune de Saint-Malo, ouvrira les festivit\u00e9s, puis Liaisons Urbaine de Saint-L\u00f4 prendra la suite. Ils seront suivis par Ben Junior de Rennes et c\u2019est Rager Akolyts.<\/p>\n<p>\u00ab Pour finir la soir\u00e9e, je voulais avoir absolument un rappeur qui soit graffeur, et avec Rager Akolits, c\u2019est le cas. Il vient de Marseille et sera sur sc\u00e8ne samedi avec son DJ, et le dimanche, il graffera \u00bb, explique Statoster.<\/p>\n<p>Cette ann\u00e9e Trak, qui a r\u00e9alis\u00e9 l\u2019affiche, sera mis en avant pendant le festival. Il aura la chance de graffer le pignon du hangar c\u00f4t\u00e9 camping-car. Depuis une semaine, le graffeur Stratoster, peint la base des murs du festival, dans un violet sombre afin d\u2018\u00a0uniformiser les murs et que les graffitis ressortent mieux.<\/p>\n","protected":false},"excerpt":{"rendered":"Pour sa deuxi\u00e8me \u00e9dition, le festival de graffitis Styles an Arvor revient du samedi 7 au dimanche 8&hellip;\n","protected":false},"author":2,"featured_media":142236,"comment_status":"","ping_status":"","sticky":false,"template":"","format":"standard","meta":{"footnotes":""},"categories":[2821],"tags":[1111,11,829,3472,1777,674,1011,27,12,584,25],"class_list":{"0":"post-142235","1":"post","2":"type-post","3":"status-publish","4":"format-standard","5":"has-post-thumbnail","7":"category-rennes","8":"tag-actu","9":"tag-actualites","10":"tag-bretagne","11":"tag-dinan","12":"tag-eu","13":"tag-europe","14":"tag-fr","15":"tag-france","16":"tag-news","17":"tag-rennes","18":"tag-republique-francaise"},"share_on_mastodon":{"url":"https:\/\/pubeurope.com\/@fr\/114603817910523590","error":""},"_links":{"self":[{"href":"https:\/\/www.europesays.com\/fr\/wp-json\/wp\/v2\/posts\/142235","targetHints":{"allow":["GET"]}}],"collection":[{"href":"https:\/\/www.europesays.com\/fr\/wp-json\/wp\/v2\/posts"}],"about":[{"href":"https:\/\/www.europesays.com\/fr\/wp-json\/wp\/v2\/types\/post"}],"author":[{"embeddable":true,"href":"https:\/\/www.europesays.com\/fr\/wp-json\/wp\/v2\/users\/2"}],"replies":[{"embeddable":true,"href":"https:\/\/www.europesays.com\/fr\/wp-json\/wp\/v2\/comments?post=142235"}],"version-history":[{"count":0,"href":"https:\/\/www.europesays.com\/fr\/wp-json\/wp\/v2\/posts\/142235\/revisions"}],"wp:featuredmedia":[{"embeddable":true,"href":"https:\/\/www.europesays.com\/fr\/wp-json\/wp\/v2\/media\/142236"}],"wp:attachment":[{"href":"https:\/\/www.europesays.com\/fr\/wp-json\/wp\/v2\/media?parent=142235"}],"wp:term":[{"taxonomy":"category","embeddable":true,"href":"https:\/\/www.europesays.com\/fr\/wp-json\/wp\/v2\/categories?post=142235"},{"taxonomy":"post_tag","embeddable":true,"href":"https:\/\/www.europesays.com\/fr\/wp-json\/wp\/v2\/tags?post=142235"}],"curies":[{"name":"wp","href":"https:\/\/api.w.org\/{rel}","templated":true}]}}