{"id":142237,"date":"2025-05-31T18:17:10","date_gmt":"2025-05-31T18:17:10","guid":{"rendered":"https:\/\/www.europesays.com\/fr\/142237\/"},"modified":"2025-05-31T18:17:10","modified_gmt":"2025-05-31T18:17:10","slug":"accident-de-chasse-pres-de-rennes-il-aurait-pu-etre-evite-temoigne-le-representant-des-chasseurs-de-bretagne","status":"publish","type":"post","link":"https:\/\/www.europesays.com\/fr\/142237\/","title":{"rendered":"Accident de chasse pr\u00e8s de Rennes\u00a0: il \u00ab\u00a0aurait pu \u00eatre \u00e9vit\u00e9\u00a0\u00bb, t\u00e9moigne le repr\u00e9sentant des chasseurs de Bretagne"},"content":{"rendered":"<p>Article r\u00e9serv\u00e9 aux abonn\u00e9s<\/p>\n<p class=\"tlg-author\">\n                Par<br \/>\n                Jean-Fran\u00e7ois Chesnay<\/p>\n<p>Le 31 mai 2025 \u00e0 19h59, modifi\u00e9 le 31 mai 2025 \u00e0 20h12<\/p>\n<p class=\"tlg-h5\">Ce vendredi, un chasseur de 65 ans est d\u00e9c\u00e9d\u00e9 d\u2019un coup de fusil \u00e0 Langou\u00ebt (35), pr\u00e8s de Rennes, lors d\u2019une partie de chasse ponctuelle pour lutter contre les d\u00e9g\u00e2ts agricoles caus\u00e9s par les sangliers. Un accident qui \u00ab\u00a0ne devrait pas arriver\u00a0\u00bb, confie le pr\u00e9sident de la F\u00e9d\u00e9ration des chasseurs de Bretagne.<\/p>\n<p><img fetchpriority=\"high\" decoding=\"async\" src=\"https:\/\/www.europesays.com\/fr\/wp-content\/uploads\/2025\/05\/683b46aaf9d93a2c3d051bf2.1.jpeg\" width=\"960\" height=\"600\" class=\"web_golden_xl\" loading=\"eager\" alt=\"Un homme est d\u00e9c\u00e9d\u00e9 pr\u00e8s de Rennes lors d\u2019une partie de chasse, dans la nuit de vendredi \u00e0 samedi.\"\/>Un homme est d\u00e9c\u00e9d\u00e9 pr\u00e8s de Rennes lors d\u2019une partie de chasse, dans la nuit de vendredi \u00e0 samedi. (Photo d\u2019illustration Vincent Le Guern)<\/p>\n","protected":false},"excerpt":{"rendered":"Article r\u00e9serv\u00e9 aux abonn\u00e9s Par Jean-Fran\u00e7ois Chesnay Le 31 mai 2025 \u00e0 19h59, modifi\u00e9 le 31 mai 2025&hellip;\n","protected":false},"author":2,"featured_media":142238,"comment_status":"","ping_status":"","sticky":false,"template":"","format":"standard","meta":{"footnotes":""},"categories":[2821],"tags":[1111,11,829,4183,765,1777,674,118,1011,27,848,12,584,25],"class_list":{"0":"post-142237","1":"post","2":"type-post","3":"status-publish","4":"format-standard","5":"has-post-thumbnail","7":"category-rennes","8":"tag-actu","9":"tag-actualites","10":"tag-bretagne","11":"tag-chasse","12":"tag-en-continu","13":"tag-eu","14":"tag-europe","15":"tag-faits-divers","16":"tag-fr","17":"tag-france","18":"tag-ille-et-vilaine","19":"tag-news","20":"tag-rennes","21":"tag-republique-francaise"},"share_on_mastodon":{"url":"https:\/\/pubeurope.com\/@fr\/114603821898651217","error":""},"_links":{"self":[{"href":"https:\/\/www.europesays.com\/fr\/wp-json\/wp\/v2\/posts\/142237","targetHints":{"allow":["GET"]}}],"collection":[{"href":"https:\/\/www.europesays.com\/fr\/wp-json\/wp\/v2\/posts"}],"about":[{"href":"https:\/\/www.europesays.com\/fr\/wp-json\/wp\/v2\/types\/post"}],"author":[{"embeddable":true,"href":"https:\/\/www.europesays.com\/fr\/wp-json\/wp\/v2\/users\/2"}],"replies":[{"embeddable":true,"href":"https:\/\/www.europesays.com\/fr\/wp-json\/wp\/v2\/comments?post=142237"}],"version-history":[{"count":0,"href":"https:\/\/www.europesays.com\/fr\/wp-json\/wp\/v2\/posts\/142237\/revisions"}],"wp:featuredmedia":[{"embeddable":true,"href":"https:\/\/www.europesays.com\/fr\/wp-json\/wp\/v2\/media\/142238"}],"wp:attachment":[{"href":"https:\/\/www.europesays.com\/fr\/wp-json\/wp\/v2\/media?parent=142237"}],"wp:term":[{"taxonomy":"category","embeddable":true,"href":"https:\/\/www.europesays.com\/fr\/wp-json\/wp\/v2\/categories?post=142237"},{"taxonomy":"post_tag","embeddable":true,"href":"https:\/\/www.europesays.com\/fr\/wp-json\/wp\/v2\/tags?post=142237"}],"curies":[{"name":"wp","href":"https:\/\/api.w.org\/{rel}","templated":true}]}}