{"id":142241,"date":"2025-05-31T18:19:31","date_gmt":"2025-05-31T18:19:31","guid":{"rendered":"https:\/\/www.europesays.com\/fr\/142241\/"},"modified":"2025-05-31T18:19:31","modified_gmt":"2025-05-31T18:19:31","slug":"10-evenements-festifs-pour-celebrer-le-mois-de-juin-a-strasbourg","status":"publish","type":"post","link":"https:\/\/www.europesays.com\/fr\/142241\/","title":{"rendered":"10 \u00e9v\u00e9nements festifs pour c\u00e9l\u00e9brer le mois de juin \u00e0 Strasbourg"},"content":{"rendered":"<p><b>Apr\u00e8s un joli mois de mai ponctu\u00e9 de nombreux festivals et entrecoup\u00e9 de ses traditionnels ponts annuels, le tout baign\u00e9 de soleil\u2026 Que nous r\u00e9servent ces premi\u00e8res semaines de juin\u00a0? Eh bien\u00a0: toujours plus de festivals, des open-air, des concerts. Des rendez-vous gratuits. Du th\u00e9\u00e2tre, du cirque, une convention et des curiosit\u00e9s. \u00c0 quelques jours de l\u2019\u00e9t\u00e9, il fait bon vivre \u00e0 Strasbourg. (Quant aux rendez-vous strasbourgeois pour le mois des fiert\u00e9s, pas de panique : on t\u2019en retouche un mot tr\u00e8s bient\u00f4t).<\/b><\/p>\n<p>La musique et les teufs<\/p>\n<p>Le Printemps des Bretelles \u00e0 Illkirch<\/p>\n<p>Si tu l\u2019as rat\u00e9 jusque-l\u00e0, on ne te remontera pas les bretelles mais\u2026 Depuis la fin mai et<b> jusqu\u2019au 9 juin, Illkirch vit au rythme du<\/b> <b>Printemps des Bretelles, son festival d\u2019accord\u00e9ons du monde. <\/b>Et le plus grand de France.<\/p>\n<p>Entre <b>bals musette<\/b>, chanson fran\u00e7aise celtiques, et autres sons des Antilles ou d\u2019ailleurs, \u00e0 l\u2019Illiade, sous un chapiteau ou dans les bars et restos\u00a0: Illkirch vibre en musique. Avec du cirque, du th\u00e9\u00e2tre, et de l\u2019humour en bonus. Rejoins la danse, <b>l\u2019entr\u00e9e est libre<\/b>\u00a0!<\/p>\n<p align=\"CENTER\"><b>Quand et o\u00f9\u00a0?<br \/><\/b>Jusqu\u2019au 9 juin<br \/>\u00c0 Illkirch<br \/><a href=\"https:\/\/lilliade.illkirch.eu\/spectacles\/categories\/evenement\/festival-le-printemps-des-bretelles\/\" target=\"_blank\" rel=\"noopener nofollow\">+ d\u2019infos<\/a><\/p>\n<p>    <img width=\"800\" height=\"533\" src=\"https:\/\/www.europesays.com\/fr\/wp-content\/uploads\/2025\/05\/christophe-staudinger-printemps-bretelles-2-e1717009163108-800x533.jpg\" class=\"attachment-image-size-L size-image-size-L\" alt=\"printemps bretelles\" decoding=\"async\" loading=\"lazy\"  \/>         \u00a9 Christophe Staudinger \/ Document remis <\/p>\n<p>Hommage \u00e0 Kurt Cobain avec B\u00e9atrice Dalle et Youv Dee \u00e0 Django<\/p>\n<p>It smells like teen spirit, par ici\u2026 <b>Le jeudi 5 juin, l\u2019Espace Django<\/b> consacre une <b>soir\u00e9e hommage <\/b>\u00e0 celui qui fut l\u2019idole des jeunes (d\u2019hier \u00e0 aujourd\u2019hui)\u00a0: <b>Kurt Cobain<\/b>. Un \u00e9corch\u00e9 vif qui a r\u00e9volutionn\u00e9 la musique, inspir\u00e9 des g\u00e9n\u00e9rations.<\/p>\n<p>Trente ans apr\u00e8s sa mort, c\u2019est au travers de<b> l\u2019actrice B\u00e9atrice Dalle et de Youv Dee<\/b> que les mots du chanteur de Nirvana nous reviendront, le temps d\u2019une soir\u00e9e \u00e0 mi-chemin <b>entre le concert et la lecture po\u00e9tique<\/b>. Dix textes de ses m\u00e9moires lus par l\u2019une, et dix titres de Nirvana jou\u00e9 par l\u2019autre.<\/p>\n<p align=\"CENTER\"><b>Quand et o\u00f9\u00a0?<br \/><\/b>Jeudi 5 juin \u00e0 20h30<br \/>\u00c0 l\u2019Espace Django<br \/><a href=\"https:\/\/fb.me\/e\/5uK8JfUen\" target=\"_blank\" rel=\"noopener nofollow\">L\u2019\u00e9v\u00e9nement Facebook<\/a><\/p>\n<p>Anis et Gazon n\u00b03 : Pastis et Gazon \u00e0 L&rsquo;Or\u00e9e 85<\/p>\n<p>Le lendemain, on change d\u2019ambiance\u2026 <b>Le vendredi 6<\/b>, direction <b>L\u2019Or\u00e9e 85<\/b> pour la <b>garden party<\/b><b> annuelle du collectif Pastis &amp; Gla\u00e7ons<\/b>.<\/p>\n<p>Sous le soleil (on l\u2019esp\u00e8re), sont attendus\u00a0: <b>des concerts live, des DJ sets, <\/b><b>\u00ab\u00a0un tournoi incroyable de p\u00e9tanque\u00a0\u00bb<\/b><b>, un atelier couture et des expos<\/b>, ainsi que des <b>jeux de soci\u00e9t\u00e9<\/b>. Mode farniente estivale activ\u00e9\u00a0!<\/p>\n<p align=\"CENTER\"><b>Quand et o\u00f9\u00a0?<br \/><\/b>Vendredi 6 juin d\u00e8s 17h<br \/>\u00c0 L\u2019Or\u00e9e 85<br \/><a href=\"https:\/\/fb.me\/e\/2yPHL93Nz\" target=\"_blank\" rel=\"noopener nofollow\">L\u2019\u00e9v\u00e9nement Facebook<\/a><\/p>\n<p>    <img width=\"400\" height=\"600\" src=\"https:\/\/www.europesays.com\/fr\/wp-content\/uploads\/2025\/05\/pastis-glacons-soiree-anis-gazon-oree-85-juin-2023-pastis-glacons-e1709145738445-400x600.jpg\" class=\"attachment-image-size-M size-image-size-M\" alt=\"Pastis et Gla\u00e7ons\" decoding=\"async\" loading=\"lazy\"  \/>         Pastis &amp; Gla\u00e7ons (soir\u00e9e Anis &amp; Gazon, \u00e0 l&rsquo;Or\u00e9e 85 en juin 2023) \u00a9 Pastis &amp; Gla\u00e7ons \/ Document remis <\/p>\n<p>Pelouses sonores et \u00e9lectroniques au Jardin des Deux Rives<\/p>\n<p>Toujours dehors et les pieds dans l\u2019herbe\u00a0: les tr\u00e8s attendues<b> Pelouses sonores et \u00e9lectroniques, le rendez-vous du Contre-Temps Festival au Jardin des Deux Rives\u00a0<\/b>! Tr\u00e8s voire trop attendues, puisqu\u2019annul\u00e9es l\u2019an dernier pour cause de mauvaise m\u00e9t\u00e9o. Pour cette ann\u00e9e, on croise m\u00eame les orteils pour un rayon de soleil.<\/p>\n<p>Sur la prog\u2019\u00a0: quasiment les m\u00eames que l\u2019an dernier. <b>Le samedi 7 juin, des DJ sets avec des artistes de la sc\u00e8ne strasbourgeoise\u00a0<\/b>: Pattison (Dodekazz), \u00d8dass, Makar (Clubbin\u2019 House), E-Tronik (Motion Sequence), 1client versus SunpR (Flashball) et Taktik et Steeven B de Subtronic.<\/p>\n<p>Et <b>le dimanche 8\u00a0: des concerts<\/b>. Avec <b>Midva Lofi Ensemble<\/b> (le projet du pianiste et producteur strasbourgeois Nils Boyny, accompagn\u00e9 en live par Jo\u00ebl \u00ab\u00a0Kwame\u00a0\u00bb Brown et du bassiste Nicolas Daguet aka Natsu)\u00a0; <b>Shrizz N Maze<\/b> (de Paris) et La Nefera (B\u00e2le). En bonus\u00a0: un espace bien-\u00eatre avec du massage japonais. Gros chill.<\/p>\n<p align=\"CENTER\"><b>Quand et o\u00f9\u00a0?<br \/><\/b>Samedi 7 et dimanche 8 juin<br \/>Au Jardin des Deux Rives<br \/>Les \u00e9v\u00e9nements Facebook du <a href=\"https:\/\/fb.me\/e\/4VzXrtBie\" target=\"_blank\" rel=\"noopener nofollow\">samedi<\/a> et du <a href=\"https:\/\/fb.me\/e\/inwk2DzNq\" target=\"_blank\" rel=\"noopener nofollow\">dimanche<\/a><\/p>\n<p>                <img width=\"750\" height=\"500\" src=\"https:\/\/www.europesays.com\/fr\/wp-content\/uploads\/2025\/05\/pelouses-electroniques-bubbles-750x500.jpg\" class=\"attachment-gallery size-gallery\" alt=\"Pelouses electroniques + Contre-temps Festival\" data-full-url=\"https:\/\/pokaa.fr\/wp-content\/uploads\/2024\/05\/27\/pelouses-electroniques-bubbles-1500x1000.jpg\" decoding=\"async\" loading=\"lazy\"  \/>            <\/p>\n<p>                <img width=\"333\" height=\"500\" src=\"https:\/\/www.europesays.com\/fr\/wp-content\/uploads\/2025\/05\/pelouses-sonores-jardin-des-2-rives-333x500.jpg\" class=\"attachment-gallery size-gallery\" alt=\"Pelouses Sonores + Contre-temps Festival\" data-full-url=\"https:\/\/pokaa.fr\/wp-content\/uploads\/2024\/05\/27\/pelouses-sonores-jardin-des-2-rives-1500x2250.jpg\" decoding=\"async\" loading=\"lazy\"  \/>            <\/p>\n<p>                    Pelouses \u00c9lectroniques \u00a9 Contre-temps Festival \/ Documents remis<\/p>\n<p>Wom\u00b7xorama au Molodo\u00ef<\/p>\n<p>Apr\u00e8s la f\u00eate au Jardin des Deux-Rives avec Contre-Temps\u2026 <b>La teuf au Molodo\u00ef avec Contre-Temps\u00a0<\/b>! Le festival qui fait son retour ce mois de juin collabore<b> le samedi 7 juin avec l\u2019association Wom\u00b7x <\/b>pour son after des Pelouses \u00e9lectroniques.<\/p>\n<p>Pour l\u2019affiche clubbing du soir\u00a0: <b>un line-up exclusivement f\u00e9minin <\/b>compos\u00e9 d\u2019artistes bien connues de la sc\u00e8ne strasbourgeoises\u2026 Mute, Mariad, Miss Tricky, Chourave, Lea Lindner, Orele, et Chair Claude avec du VJing.<\/p>\n<p align=\"CENTER\"><b>Quand et o\u00f9\u00a0?<br \/><\/b>Samedi 7 juin d\u00e8s 23h<br \/>Au Molodo\u00ef<br \/><a href=\"https:\/\/fb.me\/e\/6kTdiNP6G\" target=\"_blank\" rel=\"noopener nofollow\">L\u2019\u00e9v\u00e9nement Facebook<\/a><\/p>\n<p>    <img width=\"800\" height=\"457\" src=\"https:\/\/www.europesays.com\/fr\/wp-content\/uploads\/2025\/05\/wom-x-ateliers-mix-strasbourg-dj-femme-nonbinaire.jpg\" class=\"attachment-image-size-L size-image-size-L\" alt=\"wom.x DJ mix musique\" decoding=\"async\" loading=\"lazy\"  \/>         Wom\u00b7x \u00a9 Camille Balzinger \/ Pokaa <\/p>\n<p>Itawak Fest \u2013 6e \u00e9dition au Molodo\u00ef<\/p>\n<p>On reste au Molodo\u00ef avec le label strasbourgeois Itawak qui compte bien le mettre \u00e0 feu et \u00e0 sang avec son festival, puisqu\u2019il \u00ab\u00a0aura \u00e0 c\u0153ur d\u2019illustrer ce vieil adage : GUERRE, FEU, VILLAGE\u00a0\u00bb. La messe est dite\u00a0: <b>du 12 au 14 juin, \u00e7a va secouer avec la 6e \u00e9dition de l\u2019Itawak Fest<\/b>.<\/p>\n<p><b>\u00c0 l\u2019affiche\u00a0: 16 groupes de 5 pays diff\u00e9rents<\/b>, entre amateurs\/rices et confirm\u00e9(e)s. Pour l\u2019adage, Itawak explique pour la guerre\u00a0: \u00ab\u00a0le groupe de grind culte <b>Wormrot<\/b> (date unique en France) mais aussi <b>Teigne<\/b>, <b>Mandibula<\/b> ou encore <b>TFB\u00a0<\/b>\u00bb. Pour le feu\u00a0: \u00ab\u00a0le post-rock \u00e0 fleur de peau de <b>Oak<\/b>, la sinc\u00e9rit\u00e9 de <b>Yarostan<\/b>, les m\u00e9lodies visc\u00e9rales de <b>Sure<\/b> [\u2026]\u00a0\u00bb. Et pour le village\u00a0: la brasserie strasbourgeoise Roue Libre, les stands et la bonne ambiance.<\/p>\n<p align=\"CENTER\"><b>Quand et o\u00f9\u00a0?<br \/><\/b>Du jeudi 12 au samedi 14 juin<br \/>Au Molodo\u00ef<br \/><a href=\"https:\/\/fb.me\/e\/65ZImQinF\" target=\"_blank\" rel=\"noopener nofollow\">L\u2019\u00e9v\u00e9nement Facebook<\/a><\/p>\n<p>Ordinaire Open Air au Jardin des Deux Rives<\/p>\n<p>Rien d\u2019ordinaire \u00e0 le voir revenir chaque printemps\u2026 Fort de son succ\u00e8s,<b> l\u2019Ordinaire Open Air signe une nouvelle \u00e9dition, augment\u00e9e d\u2019un jour<\/b>. \u00ab\u00a0On avait dit deux jours puis bon on a craqu\u00e9 sur trois\u00a0\u00bb, qu\u2019on nous dit.<\/p>\n<p>R\u00e9sultat\u00a0: un rendez-vous<b> au Jardin des Deux Rives d\u00e8s le vendredi 13 \u00e0 l\u2019ap\u00e9ro<\/b> avec <b>Suze Ij\u00f3, Fafi Abdel, Nour<\/b>, Kate en B2B avec Nomis, et Vigo. <b>Samedi, combo apr\u00e8s-midi et soir\u00e9e <\/b>avec <b>Fantastic Man, Kamma<\/b>, Liner Notes, Thelau, Big Freak, El Kazed &amp; Rony et Evan Tail.<\/p>\n<p>Et le <b>dimanche, plus chill<\/b> avec des sets de Natalie Robinson, Bouki et Margarita Temp\u00eate, et <b>des live de Joel Kwame Brown et Ben Laxton<\/b>.<\/p>\n<p align=\"CENTER\"><b>Quand et o\u00f9\u00a0?<br \/><\/b>Du vendredi 13 au dimanche 15 juin<br \/>Au Jardin des Deux Rives<br \/><a href=\"https:\/\/fb.me\/e\/5zFOPJ1zF\" target=\"_blank\" rel=\"noopener nofollow\">L\u2019\u00e9v\u00e9nement Facebook<\/a><\/p>\n<p>                <img width=\"333\" height=\"500\" src=\"https:\/\/www.europesays.com\/fr\/wp-content\/uploads\/2025\/05\/valentin-laurent-open-air-ordinaire-records-e1686092114834-333x500.jpg\" class=\"attachment-gallery size-gallery\" alt=\"Ordinaire Records + Open Air 2022\" data-full-url=\"https:\/\/pokaa.fr\/wp-content\/uploads\/2023\/06\/valentin-laurent-open-air-ordinaire-records-e1686092114834.jpg\" decoding=\"async\" loading=\"lazy\"  \/>            <\/p>\n<p>                <img width=\"333\" height=\"500\" src=\"https:\/\/www.europesays.com\/fr\/wp-content\/uploads\/2025\/05\/valentin-laurent-open-air-ordinaire-records-3-e1686092166736-333x500.jpg\" class=\"attachment-gallery size-gallery\" alt=\"\u00a9 Valentin Laurent + Open air + Ordinaire Records 3\" data-full-url=\"https:\/\/pokaa.fr\/wp-content\/uploads\/2023\/06\/valentin-laurent-open-air-ordinaire-records-3-e1686092166736.jpg\" decoding=\"async\" loading=\"lazy\"  \/>            <\/p>\n<p>                <img width=\"750\" height=\"500\" src=\"https:\/\/www.europesays.com\/fr\/wp-content\/uploads\/2025\/05\/valentin-laurent-open-air-ordinaire-records-1-e1686092138491-750x500.jpg\" class=\"attachment-gallery size-gallery\" alt=\"Ordinaire Records + Open Air 2022\" data-full-url=\"https:\/\/pokaa.fr\/wp-content\/uploads\/2023\/06\/valentin-laurent-open-air-ordinaire-records-1-1500x1000.jpg\" decoding=\"async\" loading=\"lazy\"  \/>            <\/p>\n<p>                    Ordinaire Open Air 2022 \u00a9 Valentin Laurent \/ Documents remis<\/p>\n<p>Du show<br \/>\nFestival D\u00e9mostratif sur le campus de l&rsquo;Esplanade<\/p>\n<p align=\"LEFT\">On ne pr\u00e9sente plus <b>D\u00e9mostratif, le festival des sc\u00e8nes \u00e9mergentes <\/b>qui chaque ann\u00e9e installe ses sc\u00e8nes <b>sur le Campus de l\u2019Esplanade<\/b>. Sors ton agenda\u00a0: plus de devoirs mais de curieuses choses \u00e0 voir,<b> du 3 au 7 juin<\/b>.<\/p>\n<p>Pour cette <b>huiti\u00e8me \u00e9dition<\/b>, il invite \u00ab\u00a0pas moins de <b>95 artistes <\/b>[\u2026] autour de <b>26 propositions enti\u00e8rement gratuites<\/b>\u00a0\u00bb. Sur les planches ou sur la pelouse\u00a0: th\u00e9\u00e2tre, musique, danse, performances, lectures, cabaret drag et autres formes \u00ab\u00a0teint\u00e9es de nos psychoses familiales\u00a0\u00bb, le th\u00e8me de cette \u00e9dition.<\/p>\n<p align=\"CENTER\"><b>Quand et o\u00f9\u00a0?<br \/><\/b>Du mardi 3 au samedi 7 juin<br \/>Sur le campus Esplanade \u00e0 Strasbourg<br \/><a href=\"https:\/\/demostratif.fr\/programmation\/\" target=\"_blank\" rel=\"noopener nofollow\">+ d\u2019infos<\/a><\/p>\n<p>                <img width=\"750\" height=\"500\" src=\"https:\/\/www.europesays.com\/fr\/wp-content\/uploads\/2025\/05\/j5-2022-sel-teona-goreci-10-1-750x500.jpg\" class=\"attachment-gallery size-gallery\" alt=\"D\u00e9mostratif\" data-full-url=\"https:\/\/pokaa.fr\/wp-content\/uploads\/2023\/05\/j5-2022-sel-teona-goreci-10-1.jpg\" decoding=\"async\" loading=\"lazy\"  \/>            <\/p>\n<p>                <img width=\"750\" height=\"500\" src=\"https:\/\/www.europesays.com\/fr\/wp-content\/uploads\/2025\/05\/photo-2-ambiance-festival-teona-gorecijpeg-750x500.jpg\" class=\"attachment-gallery size-gallery\" alt=\"D\u00e9mostratif\" data-full-url=\"https:\/\/pokaa.fr\/wp-content\/uploads\/2024\/05\/21\/photo-2-ambiance-festival-teona-gorecijpeg-1500x1000.jpg\" decoding=\"async\" loading=\"lazy\"  \/>            <\/p>\n<p>                <img width=\"750\" height=\"500\" src=\"https:\/\/www.europesays.com\/fr\/wp-content\/uploads\/2025\/05\/photo-ambiance-festival-teona-goreci-750x500.jpeg\" class=\"attachment-gallery size-gallery\" alt=\"D\u00e9mostratif\" data-full-url=\"https:\/\/pokaa.fr\/wp-content\/uploads\/2024\/05\/21\/photo-ambiance-festival-teona-goreci-1500x1000.jpeg\" decoding=\"async\" loading=\"lazy\"  \/>            <\/p>\n<p>                    \u00a9 T\u00e9ona Goreci \/ Documents remis<\/p>\n<p>Festival Cirk&rsquo;&amp;Rock \u00e0 Dorlisheim<\/p>\n<p align=\"LEFT\">On reste dans le th\u00e8me et toujours sous chapiteau \u2013 cette fois sous celui de l\u2019\u00e9cole de cirque Cirk\u2019&amp;Toile \u00e0 <b>Dorlisheim<\/b>\u2026 Avec <b>Cirk\u2019&amp; Rock<\/b>\u00a0! <b>Un festival de cirque moderne qui s\u2019accompagne de concerts<\/b>. Une exp\u00e9rience immersive qui nous promet de nous \u00ab\u00a0transport[er] dans un monde de magie et de folie\u00a0\u00bb.<\/p>\n<p align=\"LEFT\">En sus\u00a0? Des stands d\u2019artisanat, une piste ouverte pour les artistes amateurs\/rices ou confirm\u00e9(e)s.<\/p>\n<p align=\"CENTER\"><b>Quand et o\u00f9?<br \/><\/b>Du jeudi 12 au dimanche 15 juin<br \/>Au chapiteau Cirk\u2019&amp;Toile \u00e0 Dorlisheim<br \/><a href=\"https:\/\/www.cirk-and-rock.com\/\" target=\"_blank\" rel=\"noopener nofollow\">+ d\u2019infos<\/a><\/p>\n<\/p>\n<p>Japan Addict au Parc des Expos au Wacken<\/p>\n<p align=\"LEFT\">Dans un tout autre esprit mais qui ne manquera ni de show ni de grandeur\u00a0: la <b>Japan Addict est de retour le week-end des 7 et 8 juin au Parc des Expos<\/b> (Wacken). Avec<b> un th\u00e8me\u00a0: \u00ab\u00a0Pars en chasse\u00a0\u00bb.<\/b><\/p>\n<p>En chasse de quoi\u00a0? De plein d\u2019animations avec<b> des jeux vid\u00e9os<\/b>, du <b>cosplay<\/b>, des <b>shows de J-pop et K-pop<\/b>, des <b>stands de <\/b><b>goodies<\/b><b> et <\/b><b>fan-art<\/b>. Mais aussi\u00a0: des invit\u00e9(e)s du milieu comme <b>Julie The Adventurer<\/b>,<b> Johnnypen Cosplay <\/b>ou @newtiteuf (Julien Dashow), premier Youtubeur Pok\u00e9mon en France.<\/p>\n<p>En bref\u00a0: une <b>\u00ab\u00a0convention 100% geek\u00a0\u00bb<\/b>, comme la d\u00e9crive son orga, l\u2019association Kakemono. Alors\u00a0: qui part \u00e0 la chasse\u00a0?<\/p>\n<p align=\"CENTER\"><b>Quand et o\u00f9\u00a0?<br \/><\/b>Samedi 7 et dimanche 8 juin<br \/>Au Parc des expos au Wacken<br \/><a href=\"https:\/\/kakemonoevents.com\/japan-addict\" target=\"_blank\" rel=\"noopener nofollow\">+ d\u2019infos<\/a><\/p><\/p>\n","protected":false},"excerpt":{"rendered":"Apr\u00e8s un joli mois de mai ponctu\u00e9 de nombreux festivals et entrecoup\u00e9 de ses traditionnels ponts annuels, le&hellip;\n","protected":false},"author":2,"featured_media":142242,"comment_status":"","ping_status":"","sticky":false,"template":"","format":"standard","meta":{"footnotes":""},"categories":[2820],"tags":[1111,11,1697,12084,2883,1777,674,652,849,1011,27,775,326,12,14813,25,3140,640,27021,1347,4064],"class_list":{"0":"post-142241","1":"post","2":"type-post","3":"status-publish","4":"format-standard","5":"has-post-thumbnail","7":"category-strasbourg","8":"tag-actu","9":"tag-actualites","10":"tag-concert","11":"tag-dj-set","12":"tag-ete","13":"tag-eu","14":"tag-europe","15":"tag-famille","16":"tag-festival","17":"tag-fr","18":"tag-france","19":"tag-grand-est","20":"tag-gratuit","21":"tag-news","22":"tag-open-air","23":"tag-republique-francaise","24":"tag-spectacle","25":"tag-strasbourg","26":"tag-teuf","27":"tag-theatre","28":"tag-week-end"},"share_on_mastodon":{"url":"https:\/\/pubeurope.com\/@fr\/114603830084397129","error":""},"_links":{"self":[{"href":"https:\/\/www.europesays.com\/fr\/wp-json\/wp\/v2\/posts\/142241","targetHints":{"allow":["GET"]}}],"collection":[{"href":"https:\/\/www.europesays.com\/fr\/wp-json\/wp\/v2\/posts"}],"about":[{"href":"https:\/\/www.europesays.com\/fr\/wp-json\/wp\/v2\/types\/post"}],"author":[{"embeddable":true,"href":"https:\/\/www.europesays.com\/fr\/wp-json\/wp\/v2\/users\/2"}],"replies":[{"embeddable":true,"href":"https:\/\/www.europesays.com\/fr\/wp-json\/wp\/v2\/comments?post=142241"}],"version-history":[{"count":0,"href":"https:\/\/www.europesays.com\/fr\/wp-json\/wp\/v2\/posts\/142241\/revisions"}],"wp:featuredmedia":[{"embeddable":true,"href":"https:\/\/www.europesays.com\/fr\/wp-json\/wp\/v2\/media\/142242"}],"wp:attachment":[{"href":"https:\/\/www.europesays.com\/fr\/wp-json\/wp\/v2\/media?parent=142241"}],"wp:term":[{"taxonomy":"category","embeddable":true,"href":"https:\/\/www.europesays.com\/fr\/wp-json\/wp\/v2\/categories?post=142241"},{"taxonomy":"post_tag","embeddable":true,"href":"https:\/\/www.europesays.com\/fr\/wp-json\/wp\/v2\/tags?post=142241"}],"curies":[{"name":"wp","href":"https:\/\/api.w.org\/{rel}","templated":true}]}}