{"id":142259,"date":"2025-05-31T18:28:10","date_gmt":"2025-05-31T18:28:10","guid":{"rendered":"https:\/\/www.europesays.com\/fr\/142259\/"},"modified":"2025-05-31T18:28:10","modified_gmt":"2025-05-31T18:28:10","slug":"un-prisonnier-de-lille-sequedin-ebouillante-par-son-codetenu-acte-volontaire-ou-accidentel","status":"publish","type":"post","link":"https:\/\/www.europesays.com\/fr\/142259\/","title":{"rendered":"Un prisonnier de Lille-Sequedin \u00e9bouillant\u00e9 par son cod\u00e9tenu : acte volontaire ou accidentel\u00a0?"},"content":{"rendered":"<p>            Par<br \/>\n        <strong><br \/>\n            <a href=\"https:\/\/actu.fr\/auteur\/margot-nicodeme\" title=\"Consulter tous les articles de Margot Nicod\u00e8me\" target=\"_blank\" rel=\"noopener\">Margot Nicod\u00e8me<\/a><br \/>\n        <\/strong><\/p>\n<p>        Publi\u00e9 le<\/p>\n<p>            31 mai 2025 \u00e0 18h16        <\/p>\n<p>Le <b>tribunal de<\/b> <a href=\"https:\/\/actu.fr\/hauts-de-france\/lille_59350\/\" target=\"_blank\" rel=\"noopener\">Lille<\/a> a vu passer dans sa salle des <b>comparutions imm\u00e9diates <\/b>une \u00e9pineuse affaire, l\u2019illustre exemple du \u00ab\u00a0parole contre parole\u00a0\u00bb, le 23 mai dernier. Les faits se sont d\u00e9roul\u00e9s dans le cadre on ne peut plus confidentiel <b>d\u2019une cellule <\/b><a href=\"https:\/\/actu.fr\/hauts-de-france\/lille_59350\/faveurs-sexuelles-et-stupefiants-a-annoeullin-le-verdict-est-tombe-pour-la-surveillante-de-prison_62359724.html\" target=\"_blank\" rel=\"noopener\">du centre p\u00e9nitentiaire<\/a><b> de Sequedin (Nord)<\/b>, le 30 avril.<\/p>\n<p class=\" wall-content\">Un prisonnier accuse son cod\u00e9tenu de lui avoir <b>d\u00e9lib\u00e9r\u00e9ment jet\u00e9 dessus une marmite d\u2019eau bouillante<\/b>, en pleine nuit. Br\u00fblures largement \u00e9tendues sur le torse, cicatrices exc\u00e9dant les 20 cm\u2026 Si les blessures constat\u00e9es par un m\u00e9decin ne font aucun doute sur la survenue de l\u2019\u00e9bouillantage, la victime, qui a re\u00e7u un mois d\u2019ITT, dit que c\u2019est son cod\u00e9tenu qui a volontairement commis l\u2019agression. Ce dernier, de son c\u00f4t\u00e9, <b>donne la version d\u2019un accident<\/b>, dans un contexte, il le reconna\u00eet, de tensions extr\u00eames entre les deux hommes qui se vouent une inimiti\u00e9 sans bornes. Le tribunal a d\u00fb trancher.<\/p>\n<p>\u00ab\u00a0Je l\u2019avais d\u00e9j\u00e0 pr\u00e9venu de ne plus toucher \u00e0 mes affaires\u00a0\u00bb<\/p>\n<p class=\" wall-content\">Cela ne faisait que deux semaines, quand les faits se sont produits, que les cod\u00e9tenus partageaient la m\u00eame cellule \u00e0 la prison de Lille-Sequedin. Et d\u00e9j\u00e0, le plaignant avait demand\u00e9 deux fois \u00e0 l\u2019administration de le changer d\u2019endroit, tant les rapports \u00e9taient mauvais entre les deux hommes. Le pr\u00e9venu, Mehdi*, est un solide gaillard, \u00e0 l\u2019allure impressionnante. Il relate aussi avec franchise la r\u00e9alit\u00e9 de la ge\u00f4le. Oui, il s\u2019est montr\u00e9 mena\u00e7ant envers son cod\u00e9tenu, qui avait d\u00e9velopp\u00e9 la f\u00e2cheuse manie de lui \u00ab\u00a0voler ses provisions\u00a0\u00bb.\u00a0<\/p>\n<p class=\" wall-content\">\u00ab\u00a0Je l\u2019avais d\u00e9j\u00e0 pr\u00e9venu de ne plus toucher \u00e0 mes affaires. En prison, je me l\u00e8ve tous les matins \u00e0 5h45 pour me pr\u00e9parer \u00e0 aller travailler en cuisine. Lui, il ne fait rien.\u00a0\u00bb Ce sont les \u00ab\u00a0emprunts\u00a0\u00bb r\u00e9p\u00e9titifs de sa nourriture par son camarade qui l\u2019auraient irrit\u00e9 et ainsi incit\u00e9 \u00e0 mettre les points sur les i. Mais la marmite bouillante d\u00e9vers\u00e9e sur lui, ce n\u2019\u00e9tait qu\u2019un accident, il le maintient devant le pr\u00e9sident du tribunal.\u00a0<\/p>\n<p class=\" wall-content\">Selon lui, dans la nuit du 30 avril, il aurait \u00e0 nouveau vu son cod\u00e9tenu se servir dans ses denr\u00e9es. Du caf\u00e9, pr\u00e9cis\u00e9ment, qui devait justement \u00eatre pr\u00e9par\u00e9 avec l\u2019eau qui bouillait sur le feu.<\/p>\n<p class=\" wall-content\">Furieux de se voir l\u00e9s\u00e9 encore une fois, il aurait voulu reprendre la marmite, pour emp\u00eacher l\u2019autre homme de profiter de son caf\u00e9. Son rival, lui, aurait retenu le r\u00e9cipient et c\u2019est finalement dans les va-et-vient de la chamaillerie que l\u2019eau chaude aurait atterri sur la poitrine du plaignant. Une perte d\u2019\u00e9quilibre, rien de plus.<\/p>\n<p>\u00ab\u00a0C\u2019est vous en fait qui fixez les r\u00e8gles dans la cellule ?\u00a0\u00bb<\/p>\n<p class=\" wall-content\">Pour la victime suppos\u00e9e, \u00e7a ne fait en tout cas aucun doute que le geste visait \u00e0 la blesser. Son avocate, au tribunal, rapporte le r\u00e9cit qu\u2019il fait de son quotidien dans la cellule. Lui et Mehdi vivraient \u00e0 des rythmes d\u00e9cal\u00e9s, ce qui a le don d\u2019enrager ce dernier. Il se serait montr\u00e9 violent, en tout cas verbalement, parce que le plaignant regarde la t\u00e9l\u00e9 \u00e0 des heures de la nuit, alors que lui veut dormir. \u00ab\u00a0Bien s\u00fbr que je veux dormir. Comme je l\u2019ai dit, je me l\u00e8ve \u00e0 5h45 tous les matins, c\u2019est important pour moi de travailler.\u00a0\u00bb\u00a0<\/p>\n<p class=\" wall-content\">L\u2019avocate du plaignant l\u2019apostrophe, \u00e0 l\u2019audience : \u00ab\u00a0C\u2019est vous en fait qui fixez les r\u00e8gles dans la cellule ?\u00a0\u00bb Elle demande 2000 \u20ac de dommages et int\u00e9r\u00eats pour son client. La procureure n\u2019est pas convaincue par la version de Mehdi, qui a un lourd passif de violences contre un policier et une ex-conjointe, notamment.\u00a0<\/p>\n<p class=\" wall-content\">Le tribunal finira pas trancher. Le doute raisonnable profite au pr\u00e9venu, qui est relax\u00e9 de tous les faits contre lui.<\/p>\n<p class=\" wall-content\">*Le pr\u00e9nom a \u00e9t\u00e9 chang\u00e9<\/p>\n<p class=\" wall-content\">Suivez toute l\u2019actualit\u00e9 de vos villes et m\u00e9dias favoris en vous inscrivant \u00e0 <a href=\"https:\/\/moncompte.actu.fr\" title=\"D\u00e9couvez Mon Actu\" rel=\"nofollow noopener\" data-trk=\"{&quot;cta&quot;:{&quot;action&quot;:&quot;https:\\\/\\\/moncompte.actu.fr&quot;,&quot;category&quot;:&quot;mon compte&quot;,&quot;from&quot;:&quot;article footer&quot;,&quot;name&quot;:&quot;Mon actu&quot;,&quot;type&quot;:&quot;cta&quot;}}\" target=\"_blank\">Mon Actu<\/a>.<\/p>\n","protected":false},"excerpt":{"rendered":"Par Margot Nicod\u00e8me Publi\u00e9 le 31 mai 2025 \u00e0 18h16 Le tribunal de Lille a vu passer dans&hellip;\n","protected":false},"author":2,"featured_media":142260,"comment_status":"","ping_status":"","sticky":false,"template":"","format":"standard","meta":{"footnotes":""},"categories":[2815],"tags":[1111,11,1777,674,118,1011,27,811,303,1307,12,899,25],"class_list":{"0":"post-142259","1":"post","2":"type-post","3":"status-publish","4":"format-standard","5":"has-post-thumbnail","7":"category-lille","8":"tag-actu","9":"tag-actualites","10":"tag-eu","11":"tag-europe","12":"tag-faits-divers","13":"tag-fr","14":"tag-france","15":"tag-hauts-de-france","16":"tag-justice","17":"tag-lille","18":"tag-news","19":"tag-prisons","20":"tag-republique-francaise"},"share_on_mastodon":{"url":"https:\/\/pubeurope.com\/@fr\/114603865079796294","error":""},"_links":{"self":[{"href":"https:\/\/www.europesays.com\/fr\/wp-json\/wp\/v2\/posts\/142259","targetHints":{"allow":["GET"]}}],"collection":[{"href":"https:\/\/www.europesays.com\/fr\/wp-json\/wp\/v2\/posts"}],"about":[{"href":"https:\/\/www.europesays.com\/fr\/wp-json\/wp\/v2\/types\/post"}],"author":[{"embeddable":true,"href":"https:\/\/www.europesays.com\/fr\/wp-json\/wp\/v2\/users\/2"}],"replies":[{"embeddable":true,"href":"https:\/\/www.europesays.com\/fr\/wp-json\/wp\/v2\/comments?post=142259"}],"version-history":[{"count":0,"href":"https:\/\/www.europesays.com\/fr\/wp-json\/wp\/v2\/posts\/142259\/revisions"}],"wp:featuredmedia":[{"embeddable":true,"href":"https:\/\/www.europesays.com\/fr\/wp-json\/wp\/v2\/media\/142260"}],"wp:attachment":[{"href":"https:\/\/www.europesays.com\/fr\/wp-json\/wp\/v2\/media?parent=142259"}],"wp:term":[{"taxonomy":"category","embeddable":true,"href":"https:\/\/www.europesays.com\/fr\/wp-json\/wp\/v2\/categories?post=142259"},{"taxonomy":"post_tag","embeddable":true,"href":"https:\/\/www.europesays.com\/fr\/wp-json\/wp\/v2\/tags?post=142259"}],"curies":[{"name":"wp","href":"https:\/\/api.w.org\/{rel}","templated":true}]}}