{"id":142265,"date":"2025-05-31T18:31:09","date_gmt":"2025-05-31T18:31:09","guid":{"rendered":"https:\/\/www.europesays.com\/fr\/142265\/"},"modified":"2025-05-31T18:31:09","modified_gmt":"2025-05-31T18:31:09","slug":"on-a-passe-une-journee-aupres-des-fans-de-springsteen-a-marseille","status":"publish","type":"post","link":"https:\/\/www.europesays.com\/fr\/142265\/","title":{"rendered":"on a pass\u00e9 une journ\u00e9e aupr\u00e8s des fans de Springsteen \u00e0 Marseille"},"content":{"rendered":"<p>Voici des jours d\u00e9j\u00e0 que les rues de <a href=\"https:\/\/www.laprovence.com\/bouches-du-rhone\/marseille-13055\" target=\"_blank\" rel=\"noopener\">Marseille<\/a> \u00e9taient travers\u00e9es par ses plus fervents adorateurs. Reconnaissables pour la plupart \u00e0 leur t-shirt collector, avec Springsteen floqu\u00e9 \u00e0 la place du c\u0153ur, ils avaient fait du V\u00e9lodrome leur nouvelle terre promise. Beaucoup \u00e9taient revenus pour une deuxi\u00e8me session. La bonne, cette fois.<\/p>\n<p><a href=\"https:\/\/www.laprovence.com\/article\/region\/13125114913166\/concert-annule-de-springsteen-au-velodrome-jusquau-bout-le-boss-a-tout-essaye\" target=\"_blank\" rel=\"noopener\">Un an apr\u00e8s le forfait soudain du \u00ab\u00a0Boss\u00a0\u00bb<\/a>, ils pouvaient \u00e0 nouveau donner de la voix, puisque lui avait retrouv\u00e9 la sienne. Ils \u00e9taient tellement empress\u00e9s d\u2019\u00eatre en symbiose avec elle qu\u2019ils avaient ralli\u00e9 le stade <a href=\"https:\/\/www.laprovence.com\/article\/culture-loisirs\/86393111194604\/concert-de-bruce-springsteen-a-marseille-les-fans-deja-prets-a-entrer-au-velodrome\" target=\"_blank\" rel=\"noopener\">depuis plusieurs jours, pour les plus fervents<\/a> &#8211;\u00a0les fameux roll call (appel nominatif)- ou depuis le petit matin pour d\u2019autres.<\/p>\n","protected":false},"excerpt":{"rendered":"Voici des jours d\u00e9j\u00e0 que les rues de Marseille \u00e9taient travers\u00e9es par ses plus fervents adorateurs. Reconnaissables pour&hellip;\n","protected":false},"author":2,"featured_media":142266,"comment_status":"","ping_status":"","sticky":false,"template":"","format":"standard","meta":{"footnotes":""},"categories":[2814],"tags":[17,1111,11,27027,2511,932,1777,674,1011,27,4743,23740,884,12,5242,882,16,25,133],"class_list":{"0":"post-142265","1":"post","2":"type-post","3":"status-publish","4":"format-standard","5":"has-post-thumbnail","7":"category-marseille","8":"tag-17","9":"tag-actu","10":"tag-actualites","11":"tag-boss","12":"tag-cest","13":"tag-est","14":"tag-eu","15":"tag-europe","16":"tag-fr","17":"tag-france","18":"tag-la","19":"tag-lui","20":"tag-marseille","21":"tag-news","22":"tag-passe","23":"tag-provence-alpes-cote-dazur","24":"tag-region","25":"tag-republique-francaise","26":"tag-video"},"share_on_mastodon":{"url":"https:\/\/pubeurope.com\/@fr\/114603876928400420","error":""},"_links":{"self":[{"href":"https:\/\/www.europesays.com\/fr\/wp-json\/wp\/v2\/posts\/142265","targetHints":{"allow":["GET"]}}],"collection":[{"href":"https:\/\/www.europesays.com\/fr\/wp-json\/wp\/v2\/posts"}],"about":[{"href":"https:\/\/www.europesays.com\/fr\/wp-json\/wp\/v2\/types\/post"}],"author":[{"embeddable":true,"href":"https:\/\/www.europesays.com\/fr\/wp-json\/wp\/v2\/users\/2"}],"replies":[{"embeddable":true,"href":"https:\/\/www.europesays.com\/fr\/wp-json\/wp\/v2\/comments?post=142265"}],"version-history":[{"count":0,"href":"https:\/\/www.europesays.com\/fr\/wp-json\/wp\/v2\/posts\/142265\/revisions"}],"wp:featuredmedia":[{"embeddable":true,"href":"https:\/\/www.europesays.com\/fr\/wp-json\/wp\/v2\/media\/142266"}],"wp:attachment":[{"href":"https:\/\/www.europesays.com\/fr\/wp-json\/wp\/v2\/media?parent=142265"}],"wp:term":[{"taxonomy":"category","embeddable":true,"href":"https:\/\/www.europesays.com\/fr\/wp-json\/wp\/v2\/categories?post=142265"},{"taxonomy":"post_tag","embeddable":true,"href":"https:\/\/www.europesays.com\/fr\/wp-json\/wp\/v2\/tags?post=142265"}],"curies":[{"name":"wp","href":"https:\/\/api.w.org\/{rel}","templated":true}]}}