{"id":142269,"date":"2025-05-31T18:33:10","date_gmt":"2025-05-31T18:33:10","guid":{"rendered":"https:\/\/www.europesays.com\/fr\/142269\/"},"modified":"2025-05-31T18:33:10","modified_gmt":"2025-05-31T18:33:10","slug":"une-bande-sattaque-au-magasin-en-plein-centre-de-lyon","status":"publish","type":"post","link":"https:\/\/www.europesays.com\/fr\/142269\/","title":{"rendered":"une bande s\u2019attaque au magasin en plein centre de Lyon"},"content":{"rendered":"<p>Un incident de cette ampleur, la boutique Haribo n\u2019en avait jamais connu. Mercredi, en plein apr\u00e8s-midi, une bande d\u2019adolescents s\u2019est engouffr\u00e9e en rigolant dans le magasin de la rue de la R\u00e9publique, dans le 2 e arrondissement de Lyon et s\u2019est empar\u00e9e de plusieurs sacs de bonbons.<\/p>\n<p>Film\u00e9es et diffus\u00e9es sur TikTok et sur X, les images les montrent ensuite repartir en courant. Puis ils se filment dans le m\u00e9tro sautant de joie.<\/p>\n<p>Ce contenu est bloqu\u00e9 car vous n&rsquo;avez pas accept\u00e9 les cookies et autres traceurs.<\/p>\n<p>En cliquant sur \u00ab J\u2019accepte \u00bb, les cookies et autres traceurs seront d\u00e9pos\u00e9s et vous pourrez visualiser les contenus  (<a href=\"\" class=\"consentModule_policy\" target=\"_blank\" title=\"Consulter la politique de protection des donn\u00e9es du fournisseur\">plus d&rsquo;informations<\/a>).<\/p>\n<p>En cliquant sur \u00ab J\u2019accepte tous les cookies \u00bb, vous autorisez des d\u00e9p\u00f4ts de cookies et autres traceurs pour le stockage de vos donn\u00e9es sur nos sites et applications \u00e0 des fins de personnalisation et de ciblage publicitaire.<\/p>\n<p class=\"consentModule_secondaryText\">Vous gardez la possibilit\u00e9 de retirer votre consentement \u00e0 tout moment en consultant notre <a href=\"https:\/\/www.leprogres.fr\/protection-des-donnees\" target=\"_blank\" title=\"Consulter notre politique de protection des donn\u00e9es\" rel=\"nofollow noopener\">politique de protection des donn\u00e9es<\/a>. <br \/>&#13;<br \/>\n            <a href=\"https:\/\/www.leprogres.fr\/faits-divers-justice\/2025\/05\/31\/javascript:Didomi.notice.show()\" class=\"consentModule_cmp\" rel=\"nofollow noopener\" target=\"_blank\">G\u00e9rer mes choix<\/a>&#13;\n        <\/p>\n<p>&#13;<br \/>\n                        J&rsquo;accepte&#13;<br \/>\n            J&rsquo;accepte tous les cookies&#13;\n        <\/p>\n<p>  Une interpellation<\/p>\n<p>Contact\u00e9e, la boutique Haribo indique avoir re\u00e7u apr\u00e8s ces faits, des consignes de vigilance. Si, comme tous les commerces, ils ont d\u00e9j\u00e0 subi des vols \u00e0 l\u2019\u00e9talage, ils n\u2019avaient jamais connu de vols en bande, \u00e0 visage d\u00e9couvert.<\/p>\n<p>Sur X, le syndicat des cadres de la s\u00e9curit\u00e9 int\u00e9rieure pr\u00e9cise qu\u2019un des individus a \u00e9t\u00e9 interpell\u00e9 par un policier qui patrouillait \u00e0 v\u00e9lo.<\/p>\n","protected":false},"excerpt":{"rendered":"Un incident de cette ampleur, la boutique Haribo n\u2019en avait jamais connu. Mercredi, en plein apr\u00e8s-midi, une bande&hellip;\n","protected":false},"author":2,"featured_media":142270,"comment_status":"","ping_status":"","sticky":false,"template":"","format":"standard","meta":{"footnotes":""},"categories":[1889],"tags":[1111,11,2430,271,272,2757,1777,674,274,107,1011,27,2428,2756,12,25,2429],"class_list":{"0":"post-142269","1":"post","2":"type-post","3":"status-publish","4":"format-standard","5":"has-post-thumbnail","7":"category-lyon","8":"tag-actu","9":"tag-actualites","10":"tag-auvergne-rhone-alpes","11":"tag-crime","12":"tag-delit-et-contravention","13":"tag-edition-lyon-villeurbanne","14":"tag-eu","15":"tag-europe","16":"tag-faits-divers-justice","17":"tag-fil-info","18":"tag-fr","19":"tag-france","20":"tag-lyon","21":"tag-lyon-bassin","22":"tag-news","23":"tag-republique-francaise","24":"tag-rhone"},"share_on_mastodon":{"url":"https:\/\/pubeurope.com\/@fr\/114603884705247519","error":""},"_links":{"self":[{"href":"https:\/\/www.europesays.com\/fr\/wp-json\/wp\/v2\/posts\/142269","targetHints":{"allow":["GET"]}}],"collection":[{"href":"https:\/\/www.europesays.com\/fr\/wp-json\/wp\/v2\/posts"}],"about":[{"href":"https:\/\/www.europesays.com\/fr\/wp-json\/wp\/v2\/types\/post"}],"author":[{"embeddable":true,"href":"https:\/\/www.europesays.com\/fr\/wp-json\/wp\/v2\/users\/2"}],"replies":[{"embeddable":true,"href":"https:\/\/www.europesays.com\/fr\/wp-json\/wp\/v2\/comments?post=142269"}],"version-history":[{"count":0,"href":"https:\/\/www.europesays.com\/fr\/wp-json\/wp\/v2\/posts\/142269\/revisions"}],"wp:featuredmedia":[{"embeddable":true,"href":"https:\/\/www.europesays.com\/fr\/wp-json\/wp\/v2\/media\/142270"}],"wp:attachment":[{"href":"https:\/\/www.europesays.com\/fr\/wp-json\/wp\/v2\/media?parent=142269"}],"wp:term":[{"taxonomy":"category","embeddable":true,"href":"https:\/\/www.europesays.com\/fr\/wp-json\/wp\/v2\/categories?post=142269"},{"taxonomy":"post_tag","embeddable":true,"href":"https:\/\/www.europesays.com\/fr\/wp-json\/wp\/v2\/tags?post=142269"}],"curies":[{"name":"wp","href":"https:\/\/api.w.org\/{rel}","templated":true}]}}