{"id":142273,"date":"2025-05-31T18:37:40","date_gmt":"2025-05-31T18:37:40","guid":{"rendered":"https:\/\/www.europesays.com\/fr\/142273\/"},"modified":"2025-05-31T18:37:40","modified_gmt":"2025-05-31T18:37:40","slug":"arrivee-a-roissy-parade-sur-les-champs-fete-au-parc-voici-le-programme-du-psg-dimanche-en-cas-de-sacre","status":"publish","type":"post","link":"https:\/\/www.europesays.com\/fr\/142273\/","title":{"rendered":"Arriv\u00e9e \u00e0 Roissy, parade sur les Champs, f\u00eate au Parc : voici le programme du PSG dimanche en cas de sacre"},"content":{"rendered":"<p class=\"paragraph text_align_left\">Le programme du jour d\u2019apr\u00e8s se dessine pour les joueurs du PSG. Si l\u2019on savait d\u00e9j\u00e0 qu\u2019en cas de sacre europ\u00e9en samedi soir \u00e0 Munich, les joueurs parisiens d\u00e9fileraient le lendemain apr\u00e8s-midi sur les Champs-\u00c9lys\u00e9es, on en sait un peu plus sur l\u2019organisation de cette journ\u00e9e de c\u00e9l\u00e9brations. <\/p>\n<p class=\"lp-f-ui-06 bet-widget_legal-notices lp-color-text-muted lp-mb-07\">LES JEUX D&rsquo;ARGENT ET DE HASARD PEUVENT \u00caTRE DANGEREUX : PERTES D&rsquo;ARGENT, CONFLITS FAMILIAUX, ADDICTION\u2026 RETROUVEZ NOS CONSEILS SUR <a href=\"https:\/\/joueurs-info-service.fr\/\" class=\"lp-color-text-muted\" rel=\"nofollow noopener\" target=\"_blank\">JOUEURS-INFO-SERVICE.FR<\/a> (09 74 75 13 13 &#8211; APPEL NON SURTAX\u00c9)<\/p>\n<p class=\"paragraph text_align_left\">Selon nos informations, l\u2019\u00e9quipe de la capitale est attendue \u00e0 l\u2019a\u00e9roport de Roissy Charles-de-Gaulle aux alentours de 16h. En cas de succ\u00e8s la veille face \u00e0 l\u2019Inter Milan, direction Paris et ses c\u00e9l\u00e8bres Champs-Elys\u00e9es pour d\u00e9filer, \u00e0 partir de 17h, \u00e0 bord de bus \u00e0 imp\u00e9riale.<\/p>\n<p class=\"paragraph text_align_left\">Cette grande liesse populaire \u00e9tait d\u00e9sir\u00e9e par le club de la capitale, qui en a fait la demande depuis une dizaine de jours. Selon nos informations, le pr\u00e9sident du PSG Nasser Al-Khelaifi a r\u00e9ussi \u00e0 convaincre Emmanuel Macron samedi dernier, dans les tribunes du Stade de France lors de la finale de la Coupe face \u00e0 Reims.<\/p>\n<p class=\"paragraph text_align_left\">Au d\u00e9part, le pr\u00e9sident de la R\u00e9publique, comme la pr\u00e9fecture de police, \u00e9tait plut\u00f4t r\u00e9ticent \u00e0 l\u2019id\u00e9e d\u2019organiser une telle parade, en raison de questions de s\u00e9curit\u00e9. Comme \u00e9voqu\u00e9 mercredi, les autorit\u00e9s se r\u00e9servent d\u2019ailleurs encore le droit d\u2019annuler cette parade en cas de heurts dans la nuit de samedi \u00e0 dimanche \u00e0 Paris.<\/p>\n<p class=\"paragraph text_align_left\">En 2018, les Bleus avaient descendu les Champs en express. Dimanche c\u2019est une remont\u00e9e \u00e0 vitesse hyper r\u00e9duite qui est envisag\u00e9e depuis le rond-point des Champs jusqu\u2019\u00e0 la place de l\u2019Etoile. De source proche de l\u2019organisation, une jauge maximale de 110 000 spectateurs devrait \u00eatre mise en place.<\/p>\n<p class=\"paragraph text_align_left\"><b>Le programme du PSG en cas de sacre dimanche<\/b><\/p>\n<p class=\"paragraph text_align_left\">Vers 16h : arriv\u00e9e \u00e0 Roissy<\/p>\n<p class=\"paragraph text_align_left\">A partir de 17h : parade sur les Champs-Elys\u00e9es \u00e0 bord de bus \u00e0 imp\u00e9riale<\/p>\n<p class=\"paragraph text_align_left\">A partir de 18h : possible r\u00e9ception \u00e0 l\u2019Elys\u00e9e<\/p>\n<p class=\"paragraph text_align_left\">A partir de 21h30 : f\u00eate avec les supporters au Parc des Princes<\/p>\n<p class=\"paragraph text_align_left\">Cette parade ne serait pas la derni\u00e8re \u00e9tape de la f\u00eate parisienne. Une fois les supporters salu\u00e9s, les joueurs pourraient <a href=\"https:\/\/www.leparisien.fr\/sports\/football\/ligue-des-champions\/finale-de-ligue-des-champions-en-cas-de-victoire-les-joueurs-du-psg-pourraient-etre-recus-a-lelysee-dimanche-29-05-2025-PM5BSZT2EVHHFKX5CMRNUBY2DM.php\" target=\"_blank\" rel=\"noreferrer nofollow noopener\">prendre, sans doute autour de 18h, la direction de l\u2019\u00c9lys\u00e9e pour y \u00eatre re\u00e7us par Emmanuel Macron<\/a>, comme r\u00e9v\u00e9l\u00e9 par RTL. \u00ab La pr\u00e9sidence a \u00e9t\u00e9 tr\u00e8s active aupr\u00e8s de la pr\u00e9fecture police de Paris pour que la parade puisse se tenir en cas de victoire. \u00c0 l\u2019issue, ils pourraient \u00eatre re\u00e7us au Palais, oui \u00bb, confirme un proche du chef de l\u2019\u00c9tat au Parisien.<\/p>\n<p class=\"paragraph text_align_left\">Les festivit\u00e9s se poursuivraient ensuite jusqu\u2019en soir\u00e9e <a href=\"https:\/\/www.leparisien.fr\/sports\/football\/ligue-des-champions\/psg-inter-milan-la-finale-de-la-ligue-des-champions-sera-bien-diffusee-au-parc-des-princes-20-05-2025-ZDCY5DD7CRD65EOCRZX6BACHXA.php\" target=\"_blank\" rel=\"noreferrer nofollow noopener\">au Parc des Princes<\/a>, l\u2019antre du Paris Saint-Germain o\u00f9 l\u2019\u00e9quipe de Luis Enrique a empil\u00e9 les succ\u00e8s cette saison. Alors que 48 000 spectateurs y seront d\u00e9j\u00e0 mass\u00e9s samedi soir pour suivre la rencontre sur quatre \u00e9crans g\u00e9ants, le stade du XVIe arrondissement devrait \u00eatre ouvert aux abonn\u00e9s pour une soir\u00e9e magique o\u00f9 les nouveaux champions d\u2019Europe pr\u00e9senteraient le troph\u00e9e \u00e0 leur supporters \u00e0 partir de 21h30.<\/p>\n<p class=\"paragraph text_align_left\">A l\u2019inverse, en cas de d\u00e9faite face \u00e0 l\u2019Inter, le club de la capitale n\u2019envisagerait pour le moment aucune rencontre avec ses supporters. <\/p>\n","protected":false},"excerpt":{"rendered":"Le programme du jour d\u2019apr\u00e8s se dessine pour les joueurs du PSG. Si l\u2019on savait d\u00e9j\u00e0 qu\u2019en cas&hellip;\n","protected":false},"author":2,"featured_media":142274,"comment_status":"","ping_status":"","sticky":false,"template":"","format":"standard","meta":{"footnotes":""},"categories":[1888],"tags":[1111,1928,11,1927,1777,674,63,1011,27,447,12,1926,626,1925,25,60],"class_list":{"0":"post-142273","1":"post","2":"type-post","3":"status-publish","4":"format-standard","5":"has-post-thumbnail","7":"category-paris","8":"tag-actu","9":"tag-actu-paris","10":"tag-actualites","11":"tag-actualites-paris","12":"tag-eu","13":"tag-europe","14":"tag-football","15":"tag-fr","16":"tag-france","17":"tag-ligue-des-champions","18":"tag-news","19":"tag-news-paris","20":"tag-paris","21":"tag-paris-news","22":"tag-republique-francaise","23":"tag-sports"},"share_on_mastodon":{"url":"https:\/\/pubeurope.com\/@fr\/114603900631451491","error":""},"_links":{"self":[{"href":"https:\/\/www.europesays.com\/fr\/wp-json\/wp\/v2\/posts\/142273","targetHints":{"allow":["GET"]}}],"collection":[{"href":"https:\/\/www.europesays.com\/fr\/wp-json\/wp\/v2\/posts"}],"about":[{"href":"https:\/\/www.europesays.com\/fr\/wp-json\/wp\/v2\/types\/post"}],"author":[{"embeddable":true,"href":"https:\/\/www.europesays.com\/fr\/wp-json\/wp\/v2\/users\/2"}],"replies":[{"embeddable":true,"href":"https:\/\/www.europesays.com\/fr\/wp-json\/wp\/v2\/comments?post=142273"}],"version-history":[{"count":0,"href":"https:\/\/www.europesays.com\/fr\/wp-json\/wp\/v2\/posts\/142273\/revisions"}],"wp:featuredmedia":[{"embeddable":true,"href":"https:\/\/www.europesays.com\/fr\/wp-json\/wp\/v2\/media\/142274"}],"wp:attachment":[{"href":"https:\/\/www.europesays.com\/fr\/wp-json\/wp\/v2\/media?parent=142273"}],"wp:term":[{"taxonomy":"category","embeddable":true,"href":"https:\/\/www.europesays.com\/fr\/wp-json\/wp\/v2\/categories?post=142273"},{"taxonomy":"post_tag","embeddable":true,"href":"https:\/\/www.europesays.com\/fr\/wp-json\/wp\/v2\/tags?post=142273"}],"curies":[{"name":"wp","href":"https:\/\/api.w.org\/{rel}","templated":true}]}}