{"id":142285,"date":"2025-05-31T18:43:13","date_gmt":"2025-05-31T18:43:13","guid":{"rendered":"https:\/\/www.europesays.com\/fr\/142285\/"},"modified":"2025-05-31T18:43:13","modified_gmt":"2025-05-31T18:43:13","slug":"amazon-deploie-haul-sa-reponse-a-shein-et-temu-au-royaume-uni-2","status":"publish","type":"post","link":"https:\/\/www.europesays.com\/fr\/142285\/","title":{"rendered":"Amazon d\u00e9ploie Haul, sa r\u00e9ponse \u00e0 Shein et Temu, au Royaume-Uni"},"content":{"rendered":"<p class=\"article-content col-md-8 offset-md-1\">\n                                A l\u2019heure o\u00f9 la France s\u2019appr\u00eate \u00e0 voter la \u00ab\u00a0Loi Fast Fashion\u00a0\u00bb et o\u00f9 l\u2019Union europ\u00e9enne <a href=\"https:\/\/fr.fashionnetwork.com\/news\/Bruxelles-souhaite-des-frais-de-2-euros-sur-les-petits-colis-entrant-dans-l-ue,1732098.html\" rel=\"nofollow noopener\" target=\"_blank\">veut taxer les petits colis de Shein et Temu<\/a>, <a class=\"fnwAddLinks\" href=\"https:\/\/be.fashionnetwork.com\/tags-amazon\" title=\"Amazon\" rel=\"nofollow noopener\" target=\"_blank\">Amazon<\/a> avance ses pions. Le groupe am\u00e9ricain teste outre-Manche son portail Haul,<a href=\"https:\/\/fr.fashionnetwork.com\/news\/Amazon-lance-haul-son-offre-a-bas-prix-pour-affronter-temu-et-shein,1679290.html\" rel=\"nofollow noopener\" target=\"_blank\"> lanc\u00e9 fin 2024 comme une r\u00e9ponse aux sites chinois<\/a>.<\/p>\n<p><img decoding=\"async\" class=\"news-image\" style=\"width:100%;max-width:854px;\" src=\"https:\/\/www.europesays.com\/fr\/wp-content\/uploads\/2025\/05\/d414.jpg\" alt=\"Haul est disponible uniquement sur mobile\" loading=\"lazy\"\/>Haul est disponible uniquement sur mobile &#8211; Haul<\/p>\n<p class=\"col-md-8 offset-md-1 article-content--texte\">Haul propose aux clients britanniques plusieurs dizaines de milliers de produits \u00e0 moins de 20 livres, dont une majorit\u00e9 \u00e0 moins de 10 livres, avec des prix descendant jusqu\u2019\u00e0 une livre. La livraison, fix\u00e9e \u00e0 2,99 livres, est offerte \u00e0 partir de 15 livres de commandes.<\/p>\n<p>C\u00f4t\u00e9 offre, la mode et la beaut\u00e9 sont fortement repr\u00e9sent\u00e9s, repr\u00e9sentant cinq des neufs cat\u00e9gories de produits propos\u00e9es par le portail, uniquement disponible sur mobile. Outre les espaces femme, homme et beaut\u00e9 sont ainsi propos\u00e9s des segments Sports et Accessoires. L&rsquo;offre n\u2019est ainsi pas avare en tops et jupes \u00e0 5 livres, robes \u00e0 7 livres, ou pantalon \u00e0 13 livres.<\/p>\n<p class=\"col-md-8 offset-md-1 article-content--texte\">\u201cC&rsquo;est une nouvelle fa\u00e7on de proposer des prix bas sur une large s\u00e9lection de produits\u201d, explique John Boumphrey, directeur national d&rsquo;Amazon au Royaume-Uni. \u201cAujourd&rsquo;hui plus que jamais, nous savons que nos clients cherchent \u00e0 faire des \u00e9conomies, et nous sommes ravis de leur proposer davantage d&rsquo;options gr\u00e2ce \u00e0 l&rsquo;application d&rsquo;achat qu&rsquo;ils connaissent et appr\u00e9cient d\u00e9j\u00e0.\u201d<\/p>\n<p>Comme <a class=\"fnwAddLinks\" href=\"https:\/\/be.fashionnetwork.com\/tags-shein\" title=\"Shein\" rel=\"nofollow noopener\" target=\"_blank\">Shein<\/a>, qui <a href=\"https:\/\/fr.fashionnetwork.com\/news\/Shein-zoom-sur-une-strategie-d-influence-ciselee-face-aux-pressions-francaises-et-europeennes,1734087.html\" rel=\"nofollow noopener\" target=\"_blank\">met en avant la \u201cd\u00e9mocratisation de la mode<\/a>\u201d, Amazon justifie l\u2019existence de Haul par l&rsquo;accessibilit\u00e9 des produits pour les consommateurs. Les prix sont eux obtenus notamment en faisant appel <a href=\"https:\/\/fr.fashionnetwork.com\/news\/Amazon-prepare-sa-reponse-a-shein-et-temu,1646772.html\" rel=\"nofollow noopener\" target=\"_blank\">\u00e0 des fabricants chinois vendant directement sur la plateforme<\/a>, via des entrep\u00f4ts d\u00e9ploy\u00e9s sur la c\u00f4te est de la Chine par le groupe am\u00e9ricain. <\/p>\n<p>Ce premier pas de Haul en Europe n\u2019est d\u2019ailleurs sans doute pas innocent. Le portail \u00e0 bas prix pourrait p\u00e2tir des nouvelles taxes douani\u00e8res am\u00e9ricaines outre-Atlantique. Un d\u00e9ploiement sur le Vieux Continent permettrait de trouver un d\u00e9bouch\u00e9 alternatif pour ces pi\u00e8ces \u00e0 bas prix.<\/p>\n<p>Amazon a g\u00e9n\u00e9r\u00e9 l\u2019an pass\u00e9 un chiffre d\u2019affaires de 638 milliards de dollars, en progression de 11%, tandis que le b\u00e9n\u00e9fice net a augment\u00e9 de 95% \u00e0 59,2 milliards de dollars. L\u2019Am\u00e9rique du Nord concentrait l\u2019an pass\u00e9 60% de l\u2019activit\u00e9.\u00a0<br \/>\u00a0\n                            <\/p>\n<p>\n                                Tous droits de reproduction et de repr\u00e9sentation r\u00e9serv\u00e9s.<br \/>\u00a9 2025 FashionNetwork.com\n                            <\/p>\n","protected":false},"excerpt":{"rendered":"A l\u2019heure o\u00f9 la France s\u2019appr\u00eate \u00e0 voter la \u00ab\u00a0Loi Fast Fashion\u00a0\u00bb et o\u00f9 l\u2019Union europ\u00e9enne veut taxer&hellip;\n","protected":false},"author":2,"featured_media":138596,"comment_status":"","ping_status":"","sticky":false,"template":"","format":"standard","meta":{"footnotes":""},"categories":[1588],"tags":[11,4239,2424,537,2423,1777,674,2425,985,12,2298,2426,2427,2421,473,1853,1104,1105,2422,1851,1850,1852],"class_list":{"0":"post-142285","1":"post","2":"type-post","3":"status-publish","4":"format-standard","5":"has-post-thumbnail","7":"category-royaume-uni","8":"tag-actualites","9":"tag-amazon","10":"tag-beaute","11":"tag-contact","12":"tag-cosmetiques","13":"tag-eu","14":"tag-europe","15":"tag-luxe","16":"tag-mode","17":"tag-news","18":"tag-parfum","19":"tag-professionnel","20":"tag-professionnels","21":"tag-reseau","22":"tag-royaume-uni","23":"tag-royaume-uni-de-grande-bretagne-et-dirlande-du-nord","24":"tag-shein","25":"tag-temu","26":"tag-textile","27":"tag-uk","28":"tag-united-kingdom","29":"tag-united-kingdom-of-great-britain-and-northern-ireland"},"share_on_mastodon":{"url":"https:\/\/pubeurope.com\/@fr\/114603924134499884","error":""},"_links":{"self":[{"href":"https:\/\/www.europesays.com\/fr\/wp-json\/wp\/v2\/posts\/142285","targetHints":{"allow":["GET"]}}],"collection":[{"href":"https:\/\/www.europesays.com\/fr\/wp-json\/wp\/v2\/posts"}],"about":[{"href":"https:\/\/www.europesays.com\/fr\/wp-json\/wp\/v2\/types\/post"}],"author":[{"embeddable":true,"href":"https:\/\/www.europesays.com\/fr\/wp-json\/wp\/v2\/users\/2"}],"replies":[{"embeddable":true,"href":"https:\/\/www.europesays.com\/fr\/wp-json\/wp\/v2\/comments?post=142285"}],"version-history":[{"count":0,"href":"https:\/\/www.europesays.com\/fr\/wp-json\/wp\/v2\/posts\/142285\/revisions"}],"wp:featuredmedia":[{"embeddable":true,"href":"https:\/\/www.europesays.com\/fr\/wp-json\/wp\/v2\/media\/138596"}],"wp:attachment":[{"href":"https:\/\/www.europesays.com\/fr\/wp-json\/wp\/v2\/media?parent=142285"}],"wp:term":[{"taxonomy":"category","embeddable":true,"href":"https:\/\/www.europesays.com\/fr\/wp-json\/wp\/v2\/categories?post=142285"},{"taxonomy":"post_tag","embeddable":true,"href":"https:\/\/www.europesays.com\/fr\/wp-json\/wp\/v2\/tags?post=142285"}],"curies":[{"name":"wp","href":"https:\/\/api.w.org\/{rel}","templated":true}]}}