{"id":142294,"date":"2025-05-31T18:48:12","date_gmt":"2025-05-31T18:48:12","guid":{"rendered":"https:\/\/www.europesays.com\/fr\/142294\/"},"modified":"2025-05-31T18:48:12","modified_gmt":"2025-05-31T18:48:12","slug":"le-pape-leon-xiv-adresse-une-lettre-aux-eveques-de-france-qui-travaillent-sous-des-vents-contraires-et-hostiles","status":"publish","type":"post","link":"https:\/\/www.europesays.com\/fr\/142294\/","title":{"rendered":"Le pape L\u00e9on XIV adresse une lettre aux \u00e9v\u00eaques de France qui travaillent \u00ab\u00a0sous des vents contraires et hostiles\u00a0\u00bb"},"content":{"rendered":"<p>        <img decoding=\"async\" loading=\"lazy\" src=\"https:\/\/www.europesays.com\/fr\/wp-content\/uploads\/2025\/05\/a9c3562_sirius-fs-upload-1-pwauio2gynjr-1747562458729-000-476l3au.jpg\"  width=\"728\" height=\"410\" alt=\"Le pape L\u00e9on XIV adresse un message aux \u00e9v\u00eaques de France qui pr\u00eachent \u00ab\u00a0sous des vents contraires et hostiles\u00a0\u00bb. (image d\u2019illustration)\"\/>  <\/p>\n<p>FILIPPO MONTEFORTE \/ AFP<\/p>\n<p>Le pape L\u00e9on XIV adresse un message aux \u00e9v\u00eaques de France qui pr\u00eachent \u00ab\u00a0sous des vents contraires et hostiles\u00a0\u00bb. (image d\u2019illustration)<\/p>\n<p class=\"asset asset-text\">RELIGION &#8211; Un appel \u00e0 convertir toujours plus de Fran\u00e7ais au catholicisme. Le pape <a href=\"https:\/\/www.huffingtonpost.fr\/international\/article\/si-le-pape-leon-xiv-a-choisi-ce-nom-c-est-un-peu-a-cause-de-l-ia_249854.html\" target=\"_blank\" rel=\"noopener nofollow\" title=\"Nouvelle fen\u00eatre\">L\u00e9on XIV<\/a> a adress\u00e9 ce samedi 31\u00a0mai une lettre aux \u00e9v\u00eaques de France. Il y appelle les eccl\u00e9siastiques et les croyants fran\u00e7ais \u00e0 redonner \u00ab\u00a0un nouvel \u00e9lan missionnaire\u00a0\u00bb \u00e0 l\u2019Hexagone. Le catholicisme y reste la premi\u00e8re religion selon <a href=\"https:\/\/www.insee.fr\/fr\/statistiques\/6793308?sommaire=6793391\" target=\"_blank\" rel=\"noopener nofollow\" title=\"Nouvelle fen\u00eatre\">l\u2019INSEE<\/a>, mais le nombre de croyants est en chute libre depuis un demi-si\u00e8cle. En 2023, 29\u00a0% des Fran\u00e7ais se d\u00e9claraient <a href=\"https:\/\/www.huffingtonpost.fr\/international\/article\/trump-en-pape-le-president-des-etats-unis-pense-que-les-catholiques-ont-adore-l-image-et-pourtant_249660.html\" target=\"_blank\" rel=\"noopener nofollow\" title=\"Nouvelle fen\u00eatre\">catholiques<\/a> contre 85\u00a0% en 1962.<\/p>\n<p class=\"asset asset-text\">Le souverain pontife a d\u2019ailleurs eu des mots cash sur la situation dans le pays qui se trouve selon lui \u00ab\u00a0sous les vents contraires et parfois hostiles de l\u2019indiff\u00e9rentisme, du mat\u00e9rialisme et de l\u2019individualisme\u00a0\u00bb.<\/p>\n<p class=\"asset asset-text\">L\u00e9on XIV a aussi profit\u00e9 de sa lettre pour adresser un message de soutien fort \u00e0 \u00ab\u00a0tous les pr\u00eatres de France\u00a0\u00bb, ont relev\u00e9 <a href=\"https:\/\/www.lefigaro.fr\/actualite-france\/l-heritage-chretien-impregne-votre-culture-dans-une-lettre-inedite-leon-xiv-appelle-les-catholiques-de-france-a-un-reveil-spirituel-20250531\" target=\"_blank\" rel=\"noopener nofollow\" title=\"Nouvelle fen\u00eatre\">Le Figaro<\/a> et <a href=\"https:\/\/www.vaticannews.va\/fr\/pape\/news\/2025-05\/terre-chretienne-france-pape-leon-xiv-espere-renouveau-mission.html\" target=\"_blank\" rel=\"noopener nofollow\" title=\"Nouvelle fen\u00eatre\">Vatican News<\/a>. Il dit les \u00ab\u00a0remercier du fond du c\u0153ur\u00a0[\u2026] pour leur engagement courageux et pers\u00e9v\u00e9rant\u00a0\u00bb avant de \u00ab\u00a0leur exprimer [sa] paternelle affection\u00a0\u00bb.<\/p>\n<p class=\"asset asset-text\">Pour qu\u2019ils parviennent \u00e0 convertir de nouveaux fid\u00e8les, <a href=\"https:\/\/www.huffingtonpost.fr\/international\/video\/messe-inaugurale-de-leon-xiv-le-pape-sur-une-ligne-que-n-aurait-pas-reniee-francois_250181.html\" rel=\"nofollow noopener\" target=\"_blank\">le pape<\/a> les invite \u00e0 s\u2019appuyer sur le patrimoine catholique fran\u00e7ais et notamment sur de grands saints connus des catholiques du monde entier et venus de l\u2019Hexagone, telle Sainte Th\u00e9r\u00e8se de Lisieux. \u00ab\u00a0Dieu peut, moyennant le secours des saints qu\u2019Il vous a donn\u00e9s et que vous c\u00e9l\u00e9brez, renouveler les merveilles qu\u2019Il a accomplies dans le pass\u00e9\u00a0\u00bb, \u00e9crit L\u00e9on XIV.<\/p>\n<p class=\"asset asset-text\">\u00ab\u00a0Ces trois figures de saintet\u00e9\u00a0\u00bb, dont le centenaire de la canonisation va \u00eatre c\u00e9l\u00e9br\u00e9 (il \u00e9voque \u00e9galement  Saint Jean-Eudes et Saint Jean-Marie Vianney) sont selon lui \u00ab\u00a0pertinentes\u00a0\u00bb pour \u00ab\u00a0faire face\u00a0\u00bb \u00e0 \u00ab\u00a0l\u2019ampleur des d\u00e9fis qui se pr\u00e9sentent\u00a0\u00bb \u00e0 l\u2019\u00c9glise fran\u00e7aise. Mais au-del\u00e0 de ces \u00ab\u00a0mod\u00e8les \u00e0 imiter\u00a0\u00bb, le pape invite les pr\u00eatres \u00e0 s\u2019appuyer sur l\u2019\u00ab\u00a0h\u00e9ritage chr\u00e9tien\u00a0\u00bb qui \u00ab\u00a0impr\u00e8gne profond\u00e9ment\u00a0\u00bb la culture fran\u00e7aise.<\/p>\n","protected":false},"excerpt":{"rendered":"FILIPPO MONTEFORTE \/ AFP Le pape L\u00e9on XIV adresse un message aux \u00e9v\u00eaques de France qui pr\u00eachent \u00ab\u00a0sous&hellip;\n","protected":false},"author":2,"featured_media":142295,"comment_status":"","ping_status":"","sticky":false,"template":"","format":"standard","meta":{"footnotes":""},"categories":[2],"tags":[11,12336,1011,27,14,12,20114,4020,25,4193],"class_list":{"0":"post-142294","1":"post","2":"type-post","3":"status-publish","4":"format-standard","5":"has-post-thumbnail","7":"category-actualites","8":"tag-actualites","9":"tag-eglise","10":"tag-fr","11":"tag-france","12":"tag-international","13":"tag-news","14":"tag-pape-leon-xiv","15":"tag-religion","16":"tag-republique-francaise","17":"tag-vatican"},"share_on_mastodon":{"url":"https:\/\/pubeurope.com\/@fr\/114603943750435336","error":""},"_links":{"self":[{"href":"https:\/\/www.europesays.com\/fr\/wp-json\/wp\/v2\/posts\/142294","targetHints":{"allow":["GET"]}}],"collection":[{"href":"https:\/\/www.europesays.com\/fr\/wp-json\/wp\/v2\/posts"}],"about":[{"href":"https:\/\/www.europesays.com\/fr\/wp-json\/wp\/v2\/types\/post"}],"author":[{"embeddable":true,"href":"https:\/\/www.europesays.com\/fr\/wp-json\/wp\/v2\/users\/2"}],"replies":[{"embeddable":true,"href":"https:\/\/www.europesays.com\/fr\/wp-json\/wp\/v2\/comments?post=142294"}],"version-history":[{"count":0,"href":"https:\/\/www.europesays.com\/fr\/wp-json\/wp\/v2\/posts\/142294\/revisions"}],"wp:featuredmedia":[{"embeddable":true,"href":"https:\/\/www.europesays.com\/fr\/wp-json\/wp\/v2\/media\/142295"}],"wp:attachment":[{"href":"https:\/\/www.europesays.com\/fr\/wp-json\/wp\/v2\/media?parent=142294"}],"wp:term":[{"taxonomy":"category","embeddable":true,"href":"https:\/\/www.europesays.com\/fr\/wp-json\/wp\/v2\/categories?post=142294"},{"taxonomy":"post_tag","embeddable":true,"href":"https:\/\/www.europesays.com\/fr\/wp-json\/wp\/v2\/tags?post=142294"}],"curies":[{"name":"wp","href":"https:\/\/api.w.org\/{rel}","templated":true}]}}