{"id":142304,"date":"2025-05-31T18:56:09","date_gmt":"2025-05-31T18:56:09","guid":{"rendered":"https:\/\/www.europesays.com\/fr\/142304\/"},"modified":"2025-05-31T18:56:09","modified_gmt":"2025-05-31T18:56:09","slug":"verstappen-vise-la-victoire-malgre-la-domination-de-mclaren-a-barcelone","status":"publish","type":"post","link":"https:\/\/www.europesays.com\/fr\/142304\/","title":{"rendered":"Verstappen vise la victoire malgr\u00e9 la domination de McLaren \u00e0 Barcelone"},"content":{"rendered":"<p class=\"p3\">Max Verstappen partira troisi\u00e8me sur la grille du Grand Prix d\u2019Espagne et nourrit de r\u00e9elles ambitions pour la course, malgr\u00e9 la mainmise de McLaren sur la premi\u00e8re ligne.<\/p>\n<p class=\"p3\">Le pilote Red Bull a profit\u00e9 de sa derni\u00e8re tentative en Q3 pour remonter dans la hi\u00e9rarchie, signant un chrono identique \u00e0 celui de George Russell. Toutefois, la troisi\u00e8me place lui a \u00e9t\u00e9 attribu\u00e9e, le N\u00e9erlandais ayant \u00e9tabli ce temps en premier, devant le pilote Mercedes.<\/p>\n<p class=\"p3\">Malgr\u00e9 un \u00e9cart de trois dixi\u00e8mes avec Oscar <a href=\"https:\/\/f1only.fr\/f1-gp-espagne-piastri-pole-mclaren\/\" target=\"_blank\" rel=\"noopener\">Piastri<\/a>, auteur de la pole position, le quadruple champion du monde esp\u00e8re pouvoir d\u00e9fier le duo <a href=\"https:\/\/f1only.fr\/f1-gp-espagne-favoris-pronostics\/\" target=\"_blank\" rel=\"noopener\">McLaren<\/a> dimanche et se m\u00ealer \u00e0 la lutte pour la victoire sur le circuit de Catalogne.<\/p>\n<p>\u00ab Nous avons \u00e9t\u00e9 moins performants qu\u2019eux tout au long du week-end, mais je pense que nous avons bien g\u00e9r\u00e9 les qualifications \u00bb, a d\u00e9clar\u00e9 Verstappen. \u00ab La troisi\u00e8me place correspond plus ou moins \u00e0 notre niveau, m\u00eame si je pense que nous sommes assez proches derri\u00e8re. C\u2019est amusant ici, on peut tirer le maximum de la voiture, l\u2019adh\u00e9rence est toujours assez bonne, m\u00eame avec les temp\u00e9ratures \u00e9lev\u00e9es. Nous verrons demain ce que nous pouvons faire \u00e0 partir de l\u00e0. \u00bb<\/p>\n<p>Le pilote de 27 ans a r\u00e9v\u00e9l\u00e9 qu\u2019il n\u2019avait pas beaucoup modifi\u00e9 sa voiture pendant la nuit, d\u00e9clarant : \u00ab Nous avons pass\u00e9 un vendredi assez correct. Nous avons juste apport\u00e9 quelques modifications finales \u00e0 la voiture. Malheureusement, cela n\u2019a pas suffi pour vraiment pr\u00e9tendre \u00e0 la pole. Je vais faire de mon mieux, mais ils [McLaren] seront difficiles \u00e0 battre. \u00bb<\/p>\n","protected":false},"excerpt":{"rendered":"Max Verstappen partira troisi\u00e8me sur la grille du Grand Prix d\u2019Espagne et nourrit de r\u00e9elles ambitions pour la&hellip;\n","protected":false},"author":2,"featured_media":142305,"comment_status":"","ping_status":"","sticky":false,"template":"","format":"standard","meta":{"footnotes":""},"categories":[1412],"tags":[5080,5081,1451,5083,5084,5085,5086,5087,5088,1452,1453,1454,1455,1011,27,2236,4475,5089,5090,2255,60,5091,3030],"class_list":{"0":"post-142304","1":"post","2":"type-post","3":"status-publish","4":"format-standard","5":"has-post-thumbnail","7":"category-f1","8":"tag-actualites-f1","9":"tag-actuf1","10":"tag-f1","11":"tag-f1-actu","12":"tag-f1-direct","13":"tag-f1-live","14":"tag-f1-news","15":"tag-f1news","16":"tag-fia","17":"tag-formula-1","18":"tag-formula1","19":"tag-formule-1","20":"tag-formule1","21":"tag-fr","22":"tag-france","23":"tag-max-verstappen","24":"tag-mclaren","25":"tag-news-f1","26":"tag-newsf1","27":"tag-red-bull","28":"tag-sports","29":"tag-tip","30":"tag-top"},"share_on_mastodon":{"url":"https:\/\/pubeurope.com\/@fr\/114603975362166825","error":""},"_links":{"self":[{"href":"https:\/\/www.europesays.com\/fr\/wp-json\/wp\/v2\/posts\/142304","targetHints":{"allow":["GET"]}}],"collection":[{"href":"https:\/\/www.europesays.com\/fr\/wp-json\/wp\/v2\/posts"}],"about":[{"href":"https:\/\/www.europesays.com\/fr\/wp-json\/wp\/v2\/types\/post"}],"author":[{"embeddable":true,"href":"https:\/\/www.europesays.com\/fr\/wp-json\/wp\/v2\/users\/2"}],"replies":[{"embeddable":true,"href":"https:\/\/www.europesays.com\/fr\/wp-json\/wp\/v2\/comments?post=142304"}],"version-history":[{"count":0,"href":"https:\/\/www.europesays.com\/fr\/wp-json\/wp\/v2\/posts\/142304\/revisions"}],"wp:featuredmedia":[{"embeddable":true,"href":"https:\/\/www.europesays.com\/fr\/wp-json\/wp\/v2\/media\/142305"}],"wp:attachment":[{"href":"https:\/\/www.europesays.com\/fr\/wp-json\/wp\/v2\/media?parent=142304"}],"wp:term":[{"taxonomy":"category","embeddable":true,"href":"https:\/\/www.europesays.com\/fr\/wp-json\/wp\/v2\/categories?post=142304"},{"taxonomy":"post_tag","embeddable":true,"href":"https:\/\/www.europesays.com\/fr\/wp-json\/wp\/v2\/tags?post=142304"}],"curies":[{"name":"wp","href":"https:\/\/api.w.org\/{rel}","templated":true}]}}