{"id":142310,"date":"2025-05-31T18:59:11","date_gmt":"2025-05-31T18:59:11","guid":{"rendered":"https:\/\/www.europesays.com\/fr\/142310\/"},"modified":"2025-05-31T18:59:11","modified_gmt":"2025-05-31T18:59:11","slug":"veronique-de-villele-revele-pour-la-premiere-fois-la-cause-de-son-changement-physique","status":"publish","type":"post","link":"https:\/\/www.europesays.com\/fr\/142310\/","title":{"rendered":"V\u00e9ronique de Vill\u00e8le r\u00e9v\u00e8le pour la premi\u00e8re fois la cause de son changement physique"},"content":{"rendered":"<p>Invit\u00e9e de Mesdames M\u00e9dia ce vendredi 30 mai, V\u00e9ronique de Vill\u00e8le a r\u00e9v\u00e9l\u00e9 pour la premi\u00e8re fois qu&rsquo;une \u00ab\u00a0horrible\u00a0\u00bb maladie \u00e9tait responsable de sa transformation physique.<\/p>\n<p>V\u00e9ronique de Vill\u00e8le est avec sa complice Davina l&rsquo;une des figures de la t\u00e9l\u00e9 des ann\u00e9es 80. <a href=\"https:\/\/www.programme-tv.net\/news\/tv\/331910-jai-un-scoop-lex-star-de-gym-tonic-veronique-de-villele-annonce-son-grand-retour-a-la-tele-mais-sans-davina\/\" data-api-deeplink=\"teleloisirs:\/\/news\/331910\" target=\"_blank\" rel=\"noopener\">Ensemble, elles ont fait bouger les dimanches matin pendant des ann\u00e9es avec leur \u00e9mission Gym Tonic.<\/a> On se souvient de son g\u00e9n\u00e9rique culte montrant <a href=\"https:\/\/www.programme-tv.net\/news\/tv\/281943-gym-tonic-veronique-nue-avec-davina-sous-la-douche-elle-raconte-les-coulisses-de-la-scene-culte-du-generique-de-lemission\/\" data-api-deeplink=\"teleloisirs:\/\/news\/281943\" target=\"_blank\" rel=\"noopener\">des images des deux femmes en train de prendre leur douche apr\u00e8s leur entra\u00eenement \u00e0 moiti\u00e9 d\u00e9v\u00eatues<\/a>. V\u00e9ronique de Vill\u00e8le \u00e9tait l&rsquo;invit\u00e9e de <a href=\"https:\/\/www.programme-tv.net\/biographie\/204-biraben-maitena\/\" data-link-people=\"a352274e-8a3e-4a1d-89eb-7dbe7b1ae831\" target=\"_blank\" rel=\"noopener\">Ma\u00eftena Biraben<\/a>, ce vendredi 30 mai, dans son \u00e9mission<a href=\"https:\/\/www.youtube.com\/watch?v=a2hjjuFFzcA\" target=\"_blank\" rel=\"noopener\"> Mesdames Media <\/a>sur YouTube. Elle en a profit\u00e9 pour faire une r\u00e9v\u00e9lation sur la maladie qui l&rsquo;a d\u00e9figur\u00e9e.<\/p>\n<p>V\u00e9ronique de Vill\u00e8le se confie sur les terribles attaques dont elle a \u00e9t\u00e9 la cible : \u00ab\u00a0Elle pourrait changer son chirurgien esth\u00e9tique, il lui a bien p\u00e9t\u00e9 la bouche\u00a0\u00bb<\/p>\n<p>Ma\u00eftena Biraben lui a demand\u00e9 quel \u00e9tait le plus gros p\u00e9pin, dont elle se soit relev\u00e9e. \u00ab\u00a0J&rsquo;ai eu un truc, je n&rsquo;en ai jamais parl\u00e9 d&rsquo;ailleurs, parce que \u00e7a m&rsquo;a un peu chagrin\u00e9e de voir les horreurs qui avaient \u00e9t\u00e9 \u00e9crites sur moi, \u00e0 l&rsquo;\u00e9poque j&rsquo;\u00e9tais sur Europe 1<b>. J&rsquo;ai eu un probl\u00e8me lymphatique avec un truc absolument horrible. J&rsquo;avais toutes les extr\u00e9mit\u00e9s, dont la bouche, qui se d\u00e9formaient<\/b><b>\u00ab\u00a0<\/b>, a-t-elle r\u00e9v\u00e9l\u00e9. \u00ab\u00a0<b>J&rsquo;ai \u00e9t\u00e9 op\u00e9r\u00e9e et personne ne l&rsquo;a su dans mes cours. \u00c7a a \u00e9t\u00e9 extr\u00eamement douloureux parce que je voyais mon visage se d\u00e9former et notamment la bouche, les mains, toutes les extr\u00e9mit\u00e9s<\/b><b>\u00ab\u00a0<\/b>, a-t-elle poursuivi. Mais comme l&rsquo;a confi\u00e9 V\u00e9ronique de Vill\u00e8le, ce qui lui a fait \u00ab\u00a0le plus de peine\u00a0\u00bb dans cette \u00e9preuve, ce sont les attaques sur son physique, dont elle a \u00e9t\u00e9 la cible. <b>\u00ab\u00a0Et ben dis donc, elle pourrait changer son chirurgien esth\u00e9tique, il lui a bien p\u00e9t\u00e9 la bouche\u00a0\u00bb<\/b>, a-t-elle cit\u00e9. \u00ab\u00a0Je ne peux pas r\u00e9pondre \u00e0 \u00e7a. Mais comment on peut dire des choses aussi m\u00e9chantes, si on ne sait pas. (&#8230;) Mais \u00e9crire sur des r\u00e9seaux &lsquo;quelle horreur cette femme&rsquo;. C&rsquo;est terrifiant\u00a0\u00bb, a-t-elle d\u00e9plor\u00e9. Avant de nuancer : \u00ab\u00a0Heureusement que tous les autres sont tr\u00e8s bienveillants<\/p>\n<p>                        V\u00e9ronique de Vill\u00e8le a \u00e9t\u00e9 l&rsquo;amie proche d&rsquo;Alain Delon pendant plus de 50 ans<\/p>\n<p>Dans cette interview, V\u00e9ronique de Vill\u00e8le a aussi \u00e9voqu\u00e9 sa longue amiti\u00e9 avec <a href=\"https:\/\/www.programme-tv.net\/biographie\/5120-delon-alain\/\" data-link-people=\"ec5e99fd-3d94-4231-b9b0-a8cc371aa336\" target=\"_blank\" rel=\"noopener\">Alain Delon<\/a> et <a href=\"https:\/\/www.programme-tv.net\/biographie\/5344-darc-mireille\/\" data-link-people=\"7c0c4294-a3a7-489f-87bc-d926c5728892\" target=\"_blank\" rel=\"noopener\">Mireille Darc<\/a>, devenus pour elle de v\u00e9ritables fr\u00e8re et s\u0153ur<a href=\"https:\/\/www.programme-tv.net\/news\/people\/364404-javais-18-ans-au-volant-de-sa-porsche-veronique-de-villele-se-rememore-sa-rencontre-avec-alain-delon\/\" data-api-deeplink=\"teleloisirs:\/\/news\/364404\" target=\"_blank\" rel=\"noopener\">. Elle avait d\u00e9j\u00e0 racont\u00e9 sa rencontre avec le monstre sacr\u00e9 du cin\u00e9ma dans les colonnes du Parisien.<\/a> \u00ab\u00a0Mireille m&rsquo;avait demand\u00e9 de les suivre avec sa voiture, qu&rsquo;elle voulait avoir dans le Midi. J&rsquo;avais 18 ans et, au volant de sa Porsche, je me sentais comme la reine du p\u00e9trole. \u00c0 un moment, on s&rsquo;est arr\u00eat\u00e9s sur une aire d&rsquo;autoroute. Alain m&rsquo;a fix\u00e9e et demand\u00e9 : &lsquo;C&rsquo;est toi, V\u00e9ro ?&rsquo; C&rsquo;est comme \u00e7a qu&rsquo;ont d\u00e9but\u00e9 cinquante-cinq ans d&rsquo;amiti\u00e9 sans faille\u00a0\u00bb, avait-elle racont\u00e9. \u00ab\u00a0J&rsquo;y passais tous mes week-ends, je partais en voyage avec Mimi et Alain\u2026\u00a0J&rsquo;\u00e9tais non-stop avec eux. \u00c0 Paris, Delon m&rsquo;avait install\u00e9 un bureau \u00e0 c\u00f4t\u00e9 du sien dans sa soci\u00e9t\u00e9 de production. D\u00e8s qu&rsquo;il avait besoin de moi, il criait V\u00e9ro !\u00a0\u00bb, avait-elle poursuivi.<\/p>\n","protected":false},"excerpt":{"rendered":"Invit\u00e9e de Mesdames M\u00e9dia ce vendredi 30 mai, V\u00e9ronique de Vill\u00e8le a r\u00e9v\u00e9l\u00e9 pour la premi\u00e8re fois qu&rsquo;une&hellip;\n","protected":false},"author":2,"featured_media":142311,"comment_status":"","ping_status":"","sticky":false,"template":"","format":"standard","meta":{"footnotes":""},"categories":[1359],"tags":[244,58,59,1011,27,226,973,26962,1630],"class_list":{"0":"post-142310","1":"post","2":"type-post","3":"status-publish","4":"format-standard","5":"has-post-thumbnail","7":"category-people","8":"tag-commentaire","9":"tag-divertissement","10":"tag-entertainment","11":"tag-fr","12":"tag-france","13":"tag-maladie","14":"tag-people","15":"tag-vu00e9ronique-de-villu00e8le","16":"tag-zapping"},"share_on_mastodon":{"url":"https:\/\/pubeurope.com\/@fr\/114603987010325835","error":""},"_links":{"self":[{"href":"https:\/\/www.europesays.com\/fr\/wp-json\/wp\/v2\/posts\/142310","targetHints":{"allow":["GET"]}}],"collection":[{"href":"https:\/\/www.europesays.com\/fr\/wp-json\/wp\/v2\/posts"}],"about":[{"href":"https:\/\/www.europesays.com\/fr\/wp-json\/wp\/v2\/types\/post"}],"author":[{"embeddable":true,"href":"https:\/\/www.europesays.com\/fr\/wp-json\/wp\/v2\/users\/2"}],"replies":[{"embeddable":true,"href":"https:\/\/www.europesays.com\/fr\/wp-json\/wp\/v2\/comments?post=142310"}],"version-history":[{"count":0,"href":"https:\/\/www.europesays.com\/fr\/wp-json\/wp\/v2\/posts\/142310\/revisions"}],"wp:featuredmedia":[{"embeddable":true,"href":"https:\/\/www.europesays.com\/fr\/wp-json\/wp\/v2\/media\/142311"}],"wp:attachment":[{"href":"https:\/\/www.europesays.com\/fr\/wp-json\/wp\/v2\/media?parent=142310"}],"wp:term":[{"taxonomy":"category","embeddable":true,"href":"https:\/\/www.europesays.com\/fr\/wp-json\/wp\/v2\/categories?post=142310"},{"taxonomy":"post_tag","embeddable":true,"href":"https:\/\/www.europesays.com\/fr\/wp-json\/wp\/v2\/tags?post=142310"}],"curies":[{"name":"wp","href":"https:\/\/api.w.org\/{rel}","templated":true}]}}