{"id":142314,"date":"2025-05-31T19:01:19","date_gmt":"2025-05-31T19:01:19","guid":{"rendered":"https:\/\/www.europesays.com\/fr\/142314\/"},"modified":"2025-05-31T19:01:19","modified_gmt":"2025-05-31T19:01:19","slug":"dominique-mazel-conservatrice-de-la-bibliotheque-darbaud-une-vie-au-service-des-livres-a-aix-en-provence","status":"publish","type":"post","link":"https:\/\/www.europesays.com\/fr\/142314\/","title":{"rendered":"Dominique Mazel, conservatrice de la biblioth\u00e8que d&rsquo;Arbaud, une vie au service des livres \u00e0 Aix-en-Provence"},"content":{"rendered":"<p>Lorsqu&rsquo;on a rencontr\u00e9 Dominique Mazel, lors d&rsquo;un reportage sur le <a href=\"https:\/\/www.laprovence.com\/article\/region\/18382408632550\/20-000-livres-et-manuscrits-cotes-a-decouvrir-au-musee-arbaud-daix-en-provence\" target=\"_blank\" rel=\"nofollow noopener\">mus\u00e9e-biblioth\u00e8que Arbaud<\/a>, la passion de la conservatrice nous a interpell\u00e9e. L&rsquo;id\u00e9e de se pencher sur le parcours de cette femme, pass\u00e9e par l&rsquo;\u00e9cole d&rsquo;art d&rsquo;Aix et la <a href=\"https:\/\/www.laprovence.com\/article\/region\/1338321000667615\/a-aix-en-provence-la-revolution-architecturale-de-la-bibliotheque-mejanes-est-en-marche\" target=\"_blank\" rel=\"nofollow noopener\">biblioth\u00e8que M\u00e9janes<\/a>, avant de se lancer dans l&rsquo;inventaire des 20 000 livres de Paul Arbaud, a \u00e9merg\u00e9.<\/p>\n<p>Dominique Mazel donne rendez-vous au Grillon, \u00e0 quelques dizaines de m\u00e8tres du mus\u00e9e Arbaud. Assise sur la banquette vert bouteille, elle d\u00e9signe un portrait de <a href=\"https:\/\/www.laprovence.com\/article\/edition-marseille\/3165622\/frederic-mistral-petit-pere-du-provencal.html\" target=\"_blank\" rel=\"nofollow noopener\">Fr\u00e9d\u00e9ric Mistral<\/a> au mur du caf\u00e9. Une \u00ab\u00a0figure tut\u00e9laire\u00a0\u00bb pour cette Arl\u00e9sienne membre, comme le Prix Nobel de litt\u00e9rature 1904, de l&rsquo;Acad\u00e9mie des sciences, agriculture, arts et belles-lettres d&rsquo;Aix.<\/p>\n<p>De l&rsquo;\u00e9cole d&rsquo;art \u00e0 la biblioth\u00e8que M\u00e9janne<\/p>\n<p>Dominique Mazel pose ses valises \u00e0 <a href=\"https:\/\/www.laprovence.com\/bouches-du-rhone\/aix-en-provence-13001\" target=\"_blank\" rel=\"nofollow noopener\">Aix-en-Provence<\/a> en 1977. \u00c0 29 ans, elle quitte la r\u00e9gion parisienne, o\u00f9 elle a suivi des \u00e9tudes de philosophie, avec mari et enfants, pour un poste de documentaliste \u00e0 l&rsquo;\u00e9cole d&rsquo;art.<\/p>\n<p>\u00ab\u00a0J&rsquo;ai pass\u00e9 le concours dans la salle qui allait devenir la biblioth\u00e8que, se souvient-elle. Il n&rsquo;y avait rien \u00e0 part l&rsquo;Encyclopedia universalis, dont il manquait le tome\u00a0I, c&rsquo;est-\u00e0-dire celui o\u00f9 figurent les mots \u00ab\u00a0art\u00a0\u00bb et \u00ab\u00a0artiste\u00a0\u00bb.\u00a0\u00bb<\/p>\n<p>Une vacuit\u00e9 qui en dit long sur la mission. \u00ab\u00a0J&rsquo;ai fait le tour des ateliers d&rsquo;art pour r\u00e9cup\u00e9rer les livres des professeurs, puis j&rsquo;ai mis tout mon petit budget sur des classiques et des abonnements aux revues sur l&rsquo;actualit\u00e9 de l&rsquo;art contemporain.\u00a0\u00bb <\/p>\n","protected":false},"excerpt":{"rendered":"Lorsqu&rsquo;on a rencontr\u00e9 Dominique Mazel, lors d&rsquo;un reportage sur le mus\u00e9e-biblioth\u00e8que Arbaud, la passion de la conservatrice nous&hellip;\n","protected":false},"author":2,"featured_media":142315,"comment_status":"","ping_status":"","sticky":false,"template":"","format":"standard","meta":{"footnotes":""},"categories":[1357],"tags":[17,7702,1379,27029,251,27030,58,7908,59,1011,27,1380,27028,96,4717],"class_list":{"0":"post-142314","1":"post","2":"type-post","3":"status-publish","4":"format-standard","5":"has-post-thumbnail","7":"category-livres","8":"tag-17","9":"tag-bibliotheque","10":"tag-books","11":"tag-conservatrice","12":"tag-culture","13":"tag-darbaud","14":"tag-divertissement","15":"tag-dominique","16":"tag-entertainment","17":"tag-fr","18":"tag-france","19":"tag-livres","20":"tag-mazel","21":"tag-une","22":"tag-vie"},"share_on_mastodon":{"url":"https:\/\/pubeurope.com\/@fr\/114603994910918725","error":""},"_links":{"self":[{"href":"https:\/\/www.europesays.com\/fr\/wp-json\/wp\/v2\/posts\/142314","targetHints":{"allow":["GET"]}}],"collection":[{"href":"https:\/\/www.europesays.com\/fr\/wp-json\/wp\/v2\/posts"}],"about":[{"href":"https:\/\/www.europesays.com\/fr\/wp-json\/wp\/v2\/types\/post"}],"author":[{"embeddable":true,"href":"https:\/\/www.europesays.com\/fr\/wp-json\/wp\/v2\/users\/2"}],"replies":[{"embeddable":true,"href":"https:\/\/www.europesays.com\/fr\/wp-json\/wp\/v2\/comments?post=142314"}],"version-history":[{"count":0,"href":"https:\/\/www.europesays.com\/fr\/wp-json\/wp\/v2\/posts\/142314\/revisions"}],"wp:featuredmedia":[{"embeddable":true,"href":"https:\/\/www.europesays.com\/fr\/wp-json\/wp\/v2\/media\/142315"}],"wp:attachment":[{"href":"https:\/\/www.europesays.com\/fr\/wp-json\/wp\/v2\/media?parent=142314"}],"wp:term":[{"taxonomy":"category","embeddable":true,"href":"https:\/\/www.europesays.com\/fr\/wp-json\/wp\/v2\/categories?post=142314"},{"taxonomy":"post_tag","embeddable":true,"href":"https:\/\/www.europesays.com\/fr\/wp-json\/wp\/v2\/tags?post=142314"}],"curies":[{"name":"wp","href":"https:\/\/api.w.org\/{rel}","templated":true}]}}