{"id":142322,"date":"2025-05-31T19:05:10","date_gmt":"2025-05-31T19:05:10","guid":{"rendered":"https:\/\/www.europesays.com\/fr\/142322\/"},"modified":"2025-05-31T19:05:10","modified_gmt":"2025-05-31T19:05:10","slug":"le-moustique-tigre-de-retour-comment-tenter-de-sen-debarrasser","status":"publish","type":"post","link":"https:\/\/www.europesays.com\/fr\/142322\/","title":{"rendered":"le moustique tigre de retour, comment tenter de s\u2019en d\u00e9barrasser"},"content":{"rendered":"<p>\u00ab\u00a0Un carnage. D\u00e8s qu\u2019on sort on se fait attaquer\u00a0\u00bb, livre J\u00e9r\u00f4me, un habitant de Tassin, en montrant les jambes de Balthazar, le petit dernier, encore marqu\u00e9es par les piq\u00fbres de 2024.<\/p>\n<p>Quelques nouveaux boutons s\u2019y sont d\u00e9j\u00e0 ajout\u00e9s. La saison d\u2019activit\u00e9 du moustique tigre commence. Alors, agac\u00e9 d\u2019\u00eatre chass\u00e9 de son jardin par de si petits insectes, il a fait appel \u00e0 des sp\u00e9cialistes, les agents de <a href=\"https:\/\/www.eid-rhonealpes.com\/stucture-de-l-eid-rhone-alpes-pour-la-demoustication\" target=\"_blank\" rel=\"noopener\">l\u2019Entente interd\u00e9partementale de d\u00e9moustication Rh\u00f4ne-Alpes<\/a> (EIRAD), qui effectuent <a href=\"https:\/\/www.eid-rhonealpes.com\/contact-demande-diagnostic\" target=\"_blank\" rel=\"noopener\">des diagnostics gratuits sur rendez-vous<\/a> chez les particuliers.<\/p>\n<p>\u00ab\u00a0Je suis l\u00e0 pour vous donner des conseils, pas pour vous casser la t\u00eate\u00a0\u00bb<\/p>\n<p>\u00ab\u00a0Je vais faire le tour des habitations, prendre des photos des endroits o\u00f9 les larves de moustiques tigres peuvent se d\u00e9velopper\u00a0\u00bb, explique Cyrille Perrot. Il a \u00e9t\u00e9 envoy\u00e9 de Br\u00e9gnier-Cordon (01) pour&#8230;<\/p>\n","protected":false},"excerpt":{"rendered":"\u00ab\u00a0Un carnage. D\u00e8s qu\u2019on sort on se fait attaquer\u00a0\u00bb, livre J\u00e9r\u00f4me, un habitant de Tassin, en montrant les&hellip;\n","protected":false},"author":2,"featured_media":142323,"comment_status":"","ping_status":"","sticky":false,"template":"","format":"standard","meta":{"footnotes":""},"categories":[10],"tags":[2738,2757,3153,436,107,1011,27,72,2428,2756,5140,2429,71,3151,104,20283,20284],"class_list":{"0":"post-142322","1":"post","2":"type-post","3":"status-publish","4":"format-standard","5":"has-post-thumbnail","7":"category-sante","8":"tag-ain","9":"tag-edition-lyon-villeurbanne","10":"tag-edition-ouest-lyonnais","11":"tag-environnement","12":"tag-fil-info","13":"tag-fr","14":"tag-france","15":"tag-health","16":"tag-lyon","17":"tag-lyon-bassin","18":"tag-rechauffement-climatique","19":"tag-rhone","20":"tag-sante","21":"tag-selection-de-la-redaction-69","22":"tag-societe","23":"tag-tassin-la-demi-lune","24":"tag-tassin-la-demi-lune-bassin"},"share_on_mastodon":{"url":"https:\/\/pubeurope.com\/@fr\/114604010592810747","error":""},"_links":{"self":[{"href":"https:\/\/www.europesays.com\/fr\/wp-json\/wp\/v2\/posts\/142322","targetHints":{"allow":["GET"]}}],"collection":[{"href":"https:\/\/www.europesays.com\/fr\/wp-json\/wp\/v2\/posts"}],"about":[{"href":"https:\/\/www.europesays.com\/fr\/wp-json\/wp\/v2\/types\/post"}],"author":[{"embeddable":true,"href":"https:\/\/www.europesays.com\/fr\/wp-json\/wp\/v2\/users\/2"}],"replies":[{"embeddable":true,"href":"https:\/\/www.europesays.com\/fr\/wp-json\/wp\/v2\/comments?post=142322"}],"version-history":[{"count":0,"href":"https:\/\/www.europesays.com\/fr\/wp-json\/wp\/v2\/posts\/142322\/revisions"}],"wp:featuredmedia":[{"embeddable":true,"href":"https:\/\/www.europesays.com\/fr\/wp-json\/wp\/v2\/media\/142323"}],"wp:attachment":[{"href":"https:\/\/www.europesays.com\/fr\/wp-json\/wp\/v2\/media?parent=142322"}],"wp:term":[{"taxonomy":"category","embeddable":true,"href":"https:\/\/www.europesays.com\/fr\/wp-json\/wp\/v2\/categories?post=142322"},{"taxonomy":"post_tag","embeddable":true,"href":"https:\/\/www.europesays.com\/fr\/wp-json\/wp\/v2\/tags?post=142322"}],"curies":[{"name":"wp","href":"https:\/\/api.w.org\/{rel}","templated":true}]}}