{"id":142324,"date":"2025-05-31T19:06:12","date_gmt":"2025-05-31T19:06:12","guid":{"rendered":"https:\/\/www.europesays.com\/fr\/142324\/"},"modified":"2025-05-31T19:06:12","modified_gmt":"2025-05-31T19:06:12","slug":"pau-encore-en-course-le-racing-92-et-montpellier-elimines-les-enseignements-du-multiplex","status":"publish","type":"post","link":"https:\/\/www.europesays.com\/fr\/142324\/","title":{"rendered":"Pau encore en course, le Racing 92 et Montpellier \u00e9limin\u00e9s&#8230; Les enseignements du multiplex"},"content":{"rendered":"<p>L\u2019avant-derni\u00e8re journ\u00e9e du Top 14 a vu l\u2019\u00e9limination des Franciliens et des H\u00e9raultais. Le choc entre Pau et La Rochelle sera d\u00e9cisif la semaine prochaine.<\/p>\n<p class=\"fig-paragraph\">Un premier \u00e9cr\u00e9mage avant la derni\u00e8re journ\u00e9e du Top 14. \u00c0 l\u2019occasion des quatre matches de ce samedi apr\u00e8s-midi, La Rochelle a fait la bonne op\u00e9ration de\u00a0<a href=\"https:\/\/www.lefigaro.fr\/sports\/rugby\/top-14\/calendrier-resultats?journee=25\" target=\"_blank\" rel=\"noopener\" data-gtm-custom-categorie=\"navigation\" data-gtm-custom-action=\"crossclick\" data-gtm-custom-label=\"Contextuel\" data-gtm-event=\"customEventSPE\">cette 25e journ\u00e9e<\/a>\u00a0en conservant sa place dans le top 6 (6e) gr\u00e2ce \u00e0 sa victoire face \u00e0 Perpignan (38-15). Les Maritimes signent un quatri\u00e8me succ\u00e8s de rang et confirment qu\u2019ils se r\u00e9veillent \u00e0 l\u2019approche des phases finales. Les Catalans, en revanche, sont toujours sous pression en bas de classement (13e) et ne profitent pas de la lourde d\u00e9faite du Stade Fran\u00e7ais (12e) \u00e0 Clermont pour sortir de la zone rouge. L\u2019Usap aura fort \u00e0 faire lors de la derni\u00e8re journ\u00e9e face \u00e0 la r\u00e9ception du leader Toulouse.<\/p>\n<p class=\"fig-paragraph\">Gr\u00e2ce \u00e0 sa large victoire face \u00e0 Bayonne (33-3), le Castres Olympique conserve sa cinqui\u00e8me place au classement. Les Tarnais, avant leur d\u00e9placement sur la pelouse du Stade Fran\u00e7ais Paris, viseront une place de barragiste \u00e0 domicile lors de la derni\u00e8re journ\u00e9e, apr\u00e8s avoir manqu\u00e9 les phases finales lors des deux derni\u00e8res saisons. Malgr\u00e9\u00a0<a href=\"http:\/\/www.lefigaro.fr\/sports\/rugby\/top-14\/top-14-renverse-par-clermont-le-stade-francais-va-trembler-jusqu-au-bout-20250531\" data-fig-type=\"NewsFlash\" data-gtm-custom-categorie=\"navigation\" data-gtm-custom-action=\"crossclick\" data-gtm-custom-label=\"Contextuel\" data-gtm-event=\"customEventSPE\" data-fig-domain=\"LEFIGARO\" target=\"_blank\" rel=\"noopener\">leur succ\u00e8s face aux Parisiens<\/a>, les Auvergnats sont septi\u00e8mes au classement.<\/p>\n<p>Bonus offensif \u00e0 l\u2019aller pour La Rochelle contre Pau<\/p>\n<p class=\"fig-paragraph\">Avec sa d\u00e9faite contre Montpellier (25-27), le Racing 92 (9e, 55 points) est \u00e9limin\u00e9 et ne participera \u00e0 la phase finale du Top 14 pour la premi\u00e8re fois depuis son retour dans l\u2019\u00e9lite en 2009-2010. Les Ciel et Blanc, avec 52 points, ne pourront plus int\u00e9grer le top 6 (La Rochelle, 61 pts). Tout comme le MHR (10e, 56 points), champion de France en 2022. Lyon, qui affronte Toulouse dimanche (17h30), est \u00e9galement \u00e9limin\u00e9 avant de jouer (11e, 50 pts).<\/p>\n<p class=\"fig-paragraph\">Avec sa large victoire bonifi\u00e9e \u00e0 Vannes (26-52), Pau reste en revanche dans la course (8e, 57 points). La semaine prochaine, le match entre Palois et Rochelais, au Hameau, sera d\u00e9cisif. \u00c0 l\u2019aller, les joueurs de Ronan O\u2019Gara s\u2019\u00e9taient impos\u00e9s avec le bonus offensif (49-25).<\/p>\n<p class=\"fig-paragraph\">En bas de classement, seulement cinq points s\u00e9parent les Parisiens, les Catalans et les Vannetais. Tout se jouera lors de la 26e et derni\u00e8re journ\u00e9e pour \u00e9viter la 13e place de barragiste et la 14e synonyme de rel\u00e9gation directe en Pro D2. Mais l\u2019op\u00e9ration maintien de Vannes est bien mal embarqu\u00e9e avant d\u2019aller sur la pelouse de l\u2019UBB championne d\u2019Europe&#8230;<\/p>\n<p class=\"fig-paragraph\"><strong>Programme de la 26e et derni\u00e8re journ\u00e9e\u00a0:<\/strong><br \/>Samedi 7 juin (21h05)\u00a0<\/p>\n<p class=\"fig-paragraph\">Bayonne &#8211; Toulon<br \/>Lyon &#8211; Racing 92<br \/>Montpellier &#8211; Clermont<br \/>Pau &#8211; La Rochelle<br \/>Stade Fran\u00e7ais &#8211; Castres<br \/>Bordeaux-B\u00e8gles &#8211; Vannes<br \/>Perpignan &#8211; Toulouse<\/p>\n","protected":false},"excerpt":{"rendered":"L\u2019avant-derni\u00e8re journ\u00e9e du Top 14 a vu l\u2019\u00e9limination des Franciliens et des H\u00e9raultais. Le choc entre Pau et&hellip;\n","protected":false},"author":2,"featured_media":142325,"comment_status":"","ping_status":"","sticky":false,"template":"","format":"standard","meta":{"footnotes":""},"categories":[9],"tags":[525,4590,1981,2313,814,1011,27,955,14987,4589,2311,5421,1980,479,2259,12098,60,478,2310,2312],"class_list":{"0":"post-142324","1":"post","2":"type-post","3":"status-publish","4":"format-standard","5":"has-post-thumbnail","7":"category-sports","8":"tag-calendrier","9":"tag-championnat-france","10":"tag-classement","11":"tag-clermont","12":"tag-direct","13":"tag-fr","14":"tag-france","15":"tag-match","16":"tag-mhr","17":"tag-phase-finale","18":"tag-racing","19":"tag-racing-92","20":"tag-resultats","21":"tag-rugby","22":"tag-score","23":"tag-section-paloise","24":"tag-sports","25":"tag-top-14","26":"tag-toulon","27":"tag-toulouse"},"share_on_mastodon":{"url":"https:\/\/pubeurope.com\/@fr\/114604014507445832","error":""},"_links":{"self":[{"href":"https:\/\/www.europesays.com\/fr\/wp-json\/wp\/v2\/posts\/142324","targetHints":{"allow":["GET"]}}],"collection":[{"href":"https:\/\/www.europesays.com\/fr\/wp-json\/wp\/v2\/posts"}],"about":[{"href":"https:\/\/www.europesays.com\/fr\/wp-json\/wp\/v2\/types\/post"}],"author":[{"embeddable":true,"href":"https:\/\/www.europesays.com\/fr\/wp-json\/wp\/v2\/users\/2"}],"replies":[{"embeddable":true,"href":"https:\/\/www.europesays.com\/fr\/wp-json\/wp\/v2\/comments?post=142324"}],"version-history":[{"count":0,"href":"https:\/\/www.europesays.com\/fr\/wp-json\/wp\/v2\/posts\/142324\/revisions"}],"wp:featuredmedia":[{"embeddable":true,"href":"https:\/\/www.europesays.com\/fr\/wp-json\/wp\/v2\/media\/142325"}],"wp:attachment":[{"href":"https:\/\/www.europesays.com\/fr\/wp-json\/wp\/v2\/media?parent=142324"}],"wp:term":[{"taxonomy":"category","embeddable":true,"href":"https:\/\/www.europesays.com\/fr\/wp-json\/wp\/v2\/categories?post=142324"},{"taxonomy":"post_tag","embeddable":true,"href":"https:\/\/www.europesays.com\/fr\/wp-json\/wp\/v2\/tags?post=142324"}],"curies":[{"name":"wp","href":"https:\/\/api.w.org\/{rel}","templated":true}]}}