{"id":142334,"date":"2025-05-31T19:11:09","date_gmt":"2025-05-31T19:11:09","guid":{"rendered":"https:\/\/www.europesays.com\/fr\/142334\/"},"modified":"2025-05-31T19:11:09","modified_gmt":"2025-05-31T19:11:09","slug":"dans-une-lettre-inedite-leon-xiv-appelle-les-catholiques-de-france-a-un-reveil-spirituel","status":"publish","type":"post","link":"https:\/\/www.europesays.com\/fr\/142334\/","title":{"rendered":"dans une lettre in\u00e9dite, L\u00e9on XIV appelle les catholiques de France \u00e0 un r\u00e9veil spirituel"},"content":{"rendered":"<p>Le pape, dans une lettre adress\u00e9e ce samedi aux \u00e9v\u00eaques de France, leur demande de s\u2019appuyer sur trois grands saints fran\u00e7ais\u00a0: saint Jean Eudes, saint Jean-Marie Vianney et sainte Th\u00e9r\u00e8se de l\u2019enfant J\u00e9sus, pour redonner \u00abun nouvel \u00e9lan missionnaire\u00bb \u00e0 l\u2019Hexagone.<\/p>\n<p class=\"fig-paragraph\">C\u2019est une missive spirituelle et engag\u00e9e. Elle est sign\u00e9e du\u00a0<a href=\"http:\/\/www.lefigaro.fr\/actualite-france\/leon-xiv-les-premiers-pas-d-un-pontificat-de-concorde-et-d-apaisement-20250523\" data-fig-type=\"Article\" data-gtm-custom-categorie=\"navigation\" data-gtm-custom-action=\"crossclick\" data-gtm-custom-label=\"Contextuel\" data-gtm-event=\"customEventSPE\" data-fig-domain=\"LEFIGARO\" target=\"_blank\" rel=\"noopener\">nouveau pape, L\u00e9on XIV<\/a>. Elle interpelle les catholiques de France, via leurs \u00e9v\u00eaques, pour qu\u2019ils se relancent la \u00abmission\u00bb, c\u2019est-\u00e0-dire l\u2019\u00e9vang\u00e9lisation explicite du pays, en r\u00e9veillant l\u2019h\u00e9ritage mystique de trois saints fran\u00e7ais connus mondialement, Saint Jean Eudes (1601-1680), Saint Jean-Marie Vianney (1786-1859) et Sainte Th\u00e9r\u00e8se de l\u2019Enfant-J\u00e9sus et de la Sainte Face (1873-1897), dont le centenaire de la canonisation est c\u00e9l\u00e9br\u00e9 en 2025.<\/p>\n<p class=\"fig-paragraph\">Pour le pape, il ne s\u2019agit surtout pas de vivre cet anniversaire avec la \u00ab nostalgie un pass\u00e9 qui pourrait sembler r\u00e9volu\u00a0\u00bb mais de \u00ab r\u00e9veiller l\u2019esp\u00e9rance\u00a0\u00bb et susciter, \u00e0 travers leur exemple \u00ab un nouvel \u00e9lan missionnaire\u00a0\u00bb en France. En effet, assure-t-il, \u00ab Dieu peut, moyennant le secours des saints qu\u2019Il vous a donn\u00e9s et que vous c\u00e9l\u00e9brez, renouveler les merveilles qu\u2019Il a accomplies dans le pass\u00e9.\u00a0\u00bb<\/p>\n<p class=\"fig-body-link\">\n            \u00c0 lire aussi<br \/>\n        <a class=\"fig-body-link__link fig-premium-mark\" href=\"http:\/\/www.lefigaro.fr\/actualite-france\/leon-xiv-les-premiers-pas-d-un-pontificat-de-concorde-et-d-apaisement-20250523\" data-fig-type=\"Article\" data-gtm-custom-categorie=\"navigation\" data-gtm-custom-action=\"crossclick\" data-gtm-custom-label=\"Contextuel\" data-gtm-event=\"customEventSPE\" data-fig-domain=\"LEFIGARO\" target=\"_blank\" rel=\"noopener\">L\u00e9on\u00a0XIV\u00a0: les premiers pas d\u2019un pontificat de concorde et d\u2019apaisement<br \/>\n    <\/a>\n<\/p>\n<p><strong>\u00abVents contraires et hostiles\u00bb<\/strong><\/p>\n<p class=\"fig-paragraph\">L\u00e9on XIV n\u2019\u00e9voque pas dans sa lettre, r\u00e9dig\u00e9e en fran\u00e7ais et sign\u00e9e du 28 mai, l\u2019actualit\u00e9 d<a href=\"http:\/\/www.lefigaro.fr\/actualite-france\/la-dignite-et-la-famille-piliers-de-paix-et-vecteurs-de-la-justice-sociale-dans-le-monde-pour-leon-xiv-20250516\" data-fig-type=\"Article\" data-gtm-custom-categorie=\"navigation\" data-gtm-custom-action=\"crossclick\" data-gtm-custom-label=\"Contextuel\" data-gtm-event=\"customEventSPE\" data-fig-domain=\"LEFIGARO\" target=\"_blank\" rel=\"noopener\">e loi sur l\u2019euthanasie<\/a>\u00a0mais il \u00e9crit\u00a0: \u00ab J\u2019invoque l\u2019intercession de Saint Jean Eudes, de Saint Jean-Marie Vianney et de Sainte Th\u00e9r\u00e8se de l\u2019Enfant J\u00e9sus et de la Sainte Face, pour votre pays et pour le Peuple de Dieu qui y p\u00e9r\u00e9grine courageusement, sous les vents contraires et parfois hostiles de l\u2019indiff\u00e9rentisme, du mat\u00e9rialisme et de l\u2019individualisme. Qu\u2019ils redonnent courage \u00e0 ce Peuple, dans la certitude que le Christ est vraiment ressuscit\u00e9, Lui, le Sauveur du monde.\u00a0\u00bb<\/p>\n<p class=\"fig-paragraph\">Il consid\u00e8re que ces trois saints sont \u00ab pertinents\u00a0\u00bb pour affronter \u00ab l\u2019ampleur des d\u00e9fis qui se pr\u00e9sentent, un si\u00e8cle plus tard, \u00e0 l\u2019\u00c9glise de France\u00a0\u00bb avec \u00ab la pertinence toujours tr\u00e8s actuelle de ses trois figures de saintet\u00e9 pour y faire face\u00a0\u00bb.<\/p>\n<p class=\"fig-paragraph\">D\u2019o\u00f9 son \u00abinvitation\u00bb aux \u00e9v\u00eaques de \u00ab donner un relief particulier \u00e0 cet anniversaire.\u00a0\u00bb D\u2019autant que Pie XI, rappelle-t-il, \u00ab souhaitait\u00a0\u00bb en les canonisant \u00ab les pr\u00e9senter au Peuple de Dieu comme des ma\u00eetres \u00e0 \u00e9couter, comme des mod\u00e8les \u00e0 imiter, et comme de puissants soutiens \u00e0 prier et \u00e0 invoquer.\u00a0\u00bb Il ponctue\u00a0: \u00ab ces trois Saints sont assur\u00e9ment des ma\u00eetres dont je vous invite \u00e0 faire sans cesse conna\u00eetre et appr\u00e9cier la vie et la doctrine au Peuple de Dieu.\u00a0\u00bb<\/p>\n<p>\u00abGrandeur et f\u00e9condit\u00e9 du sacerdoce\u00bb<\/p>\n<p class=\"fig-paragraph\">Le pape explique ce que ces saints ont \u00aben commun\u00a0\u00bb selon lui et qui pourrait \u00eatre \u00ab attrayant\u00bb pour les \u00abhommes et aux femmes d\u2019aujourd\u2019hui\u00a0\u00bb. Tout d\u2019abord, \u00ab ils ont aim\u00e9 sans r\u00e9serve J\u00e9sus de mani\u00e8re simple, forte et authentique\u00a0\u00bb. Ensuite, \u00ab ils ont fait l\u2019exp\u00e9rience de sa bont\u00e9 et de sa tendresse dans une particuli\u00e8re proximit\u00e9 quotidienne\u00a0\u00bb. Enfin \u00ab ils en ont t\u00e9moign\u00e9 dans un admirable \u00e9lan missionnaire\u00a0\u00bb.<\/p>\n<p class=\"fig-paragraph\"><a href=\"http:\/\/www.lefigaro.fr\/actualite-france\/leon-xiv-revele-son-programme-et-sa-methode-de-travail-20250510\" data-fig-type=\"Article\" data-gtm-custom-categorie=\"navigation\" data-gtm-custom-action=\"crossclick\" data-gtm-custom-label=\"Contextuel\" data-gtm-event=\"customEventSPE\" data-fig-domain=\"LEFIGARO\" target=\"_blank\" rel=\"noopener\">L\u00e9on XIV\u00a0<\/a>d\u00e9taille ensuite ce que chacun d\u2019entre eux a apport\u00e9\u00a0: \u00ab Saint Jean Eudes n\u2019est-il pas le premier \u00e0 avoir c\u00e9l\u00e9br\u00e9 le culte liturgique des C\u0153urs de J\u00e9sus et de Marie\u00a0? Saint Jean Marie Vianney n\u2019est-il pas ce cur\u00e9 passionn\u00e9ment donn\u00e9 \u00e0 son minist\u00e8re qui affirmait\u00a0: \u201cLe sacerdoce, c\u2019est l\u2019amour du c\u0153ur de J\u00e9sus\u201d.\u00a0\u00bb Par cons\u00e9quent\u00a0: \u00ab Saint Jean-Marie Vianney et Saint Jean Eudes ne sauront-ils pas parler \u00e0 la conscience de nombreux jeunes de la beaut\u00e9, de la grandeur et de la f\u00e9condit\u00e9 du sacerdoce, en susciter le d\u00e9sir enthousiaste, et donner le courage de r\u00e9pondre g\u00e9n\u00e9reusement \u00e0 l\u2019appel, alors que le manque de vocations se fait cruellement sentir dans vos dioc\u00e8ses et que les pr\u00eatres sont de plus en plus lourdement \u00e9prouv\u00e9s\u00a0?\u00a0\u00bb<\/p>\n<p class=\"fig-paragraph\">\u00c0 ce titre, alors que son pr\u00e9d\u00e9cesseur ne l\u2019avait pas fait, pr\u00e9f\u00e9rant critiquer globalement le \u00ab cl\u00e9ricalisme\u00a0\u00bb des pr\u00eatres et que la conf\u00e9rence des \u00e9v\u00eaques de France avait peu encourag\u00e9 les pr\u00eatres &#8211; dont l\u2019immense majorit\u00e9 est pourtant fid\u00e8le \u00e0 ses engagements &#8211; au plus fort de la crise des abus sexuels, le nouveau pape envoie un message de soutien fort et in\u00e9dit aux clercs\u00a0: \u00ab Je profite de l\u2019occasion pour remercier du fond du c\u0153ur tous les pr\u00eatres de France pour leur engagement courageux et pers\u00e9v\u00e9rant et je souhaite leur exprimer ma paternelle affection.\u00a0\u00bb<\/p>\n<p class=\"fig-paragraph\">Quant \u00e0\u00a0<a href=\"http:\/\/www.lefigaro.fr\/actualite-france\/elle-nous-apprend-a-reperer-que-dieu-agit-dans-nos-vies-sur-les-pas-de-therese-la-petite-sainte-de-lisieux-20250517\" data-fig-type=\"Article\" data-gtm-custom-categorie=\"navigation\" data-gtm-custom-action=\"crossclick\" data-gtm-custom-label=\"Contextuel\" data-gtm-event=\"customEventSPE\" data-fig-domain=\"LEFIGARO\" target=\"_blank\" rel=\"noopener\">Sainte Th\u00e9r\u00e8se de l\u2019Enfant J\u00e9sus<\/a>, \u00ab patronne des missions\u00a0\u00bb pour l\u2019\u00c9glise catholique mondiale L\u00e9on XIV, la d\u00e9crit ainsi\u00a0: \u00ab Sainte Th\u00e9r\u00e8se de l\u2019Enfant J\u00e9sus et de la Sainte Face n\u2019est-elle pas le grand Docteur en scientia amoris dont notre monde a besoin, elle qui \u201crespira\u201d \u00e0 chaque instant de sa vie le Nom de J\u00e9sus, avec spontan\u00e9it\u00e9 et fra\u00eecheur, et qui enseigna aux plus petits une voie \u201ctoute facile\u201d pour y acc\u00e9der\u00a0?\u00a0\u00bb. Le pape la propose d\u2019ailleurs comme \u00ab la Patronne des missions dans les contr\u00e9es m\u00eames qui l\u2019ont vu na\u00eetre\u00a0\u00bb, \u00e0 savoir la France.<\/p>\n<p class=\"fig-body-link\">\n            \u00c0 lire aussi<br \/>\n        <a class=\"fig-body-link__link fig-premium-mark\" href=\"http:\/\/www.lefigaro.fr\/histoire\/avant-robert-francis-prevost-la-grande-histoire-des-papes-leon-20250528\" data-fig-type=\"Article\" data-gtm-custom-categorie=\"navigation\" data-gtm-custom-action=\"crossclick\" data-gtm-custom-label=\"Contextuel\" data-gtm-event=\"customEventSPE\" data-fig-domain=\"LEFIGARO\" target=\"_blank\" rel=\"noopener\">Avant Robert Francis Prevost, la grande histoire des papes L\u00e9on<br \/>\n    <\/a>\n<\/p>\n<p>\u00abL\u2019h\u00e9ritage chr\u00e9tien impr\u00e8gne votre culture\u00bb<\/p>\n<p class=\"fig-paragraph\">C\u2019est ainsi que \u00ab c\u00e9l\u00e9brer le centenaire de canonisation de ces trois Saints, c\u2019est d\u2019abord une invitation \u00e0 rendre gr\u00e2ce au Seigneur pour les merveilles qu\u2019il a accomplies en cette terre de France durant de longs si\u00e8cles d\u2019\u00e9vang\u00e9lisation et de vie chr\u00e9tienne.\u00a0\u00bb Mais, continue le pape, c\u2019est raviver un \u00ab h\u00e9ritage\u00a0\u00bb toujours pr\u00e9sent selon lui, dans \u00ab les c\u0153urs\u00a0\u00bb\u00a0: \u00ab Les Saints n\u2019apparaissent pas spontan\u00e9ment mais, par la gr\u00e2ce, surgissent au sein de Communaut\u00e9s chr\u00e9tiennes vivantes qui ont su leur transmettre la foi, allumer dans leur c\u0153ur l\u2019amour de J\u00e9sus et le d\u00e9sir de le suivre. Cet h\u00e9ritage chr\u00e9tien vous appartient encore, il impr\u00e8gne encore profond\u00e9ment votre culture et demeure vivant en bien des c\u0153urs.\u00a0\u00bb<\/p>\n<p class=\"fig-paragraph\">Pour conclure L\u00e9on XIV \u00ab implore sur la France la protection maternelle de sa puissante Patronne, Notre-Dame de l\u2019Assomption\u00a0\u00bb et \u00e9voque son pr\u00e9d\u00e9cesseur, \u00ab le regrett\u00e9 Pape Fran\u00e7ois\u00a0\u00bb qui a laiss\u00e9 \u00ab une belle Encyclique sur le Sacr\u00e9-C\u0153ur\u00a0\u00bb, \u00ab un peu comme un testament\u00a0\u00bb. Il cite ce texte. Le Sacr\u00e9-C\u0153ur est \u00ab un fleuve qui ne s\u2019\u00e9puise pas, qui ne passe pas, qui s\u2019offre toujours de nouveau \u00e0 qui veut aimer, continue de jaillir de la blessure du c\u00f4t\u00e9 du Christ. Seul son amour rendra possible une nouvelle humanit\u00e9\u00a0\u00bb (Dilexit nos, n. 219).<\/p>\n<p class=\"fig-paragraph\">Pour le nouveau pape, \u00ab il ne saurait y avoir de plus beau et de plus simple programme d\u2019\u00e9vang\u00e9lisation et de mission pour votre pays\u00a0: faire d\u00e9couvrir \u00e0 chacun l\u2019amour de tendresse et de pr\u00e9dilection que J\u00e9sus a pour lui, au point d\u2019en transformer la vie.\u00a0\u00bb<\/p>\n","protected":false},"excerpt":{"rendered":"Le pape, dans une lettre adress\u00e9e ce samedi aux \u00e9v\u00eaques de France, leur demande de s\u2019appuyer sur trois&hellip;\n","protected":false},"author":2,"featured_media":142335,"comment_status":"","ping_status":"","sticky":false,"template":"","format":"standard","meta":{"footnotes":""},"categories":[4],"tags":[47,1058,1054,1059,1060,1055,11,1057,8305,118,1011,27,1061,303,19741,12,12672,1062,25,656,104,1056,4193,809],"class_list":{"0":"post-142334","1":"post","2":"type-post","3":"status-publish","4":"format-standard","5":"has-post-thumbnail","7":"category-france","8":"tag-actualite","9":"tag-actualite-education","10":"tag-actualite-france","11":"tag-actualite-justice","12":"tag-actualite-securite","13":"tag-actualite-societe","14":"tag-actualites","15":"tag-education","16":"tag-eglise-catholique","17":"tag-faits-divers","18":"tag-fr","19":"tag-france","20":"tag-immigration","21":"tag-justice","22":"tag-leon-xiv","23":"tag-news","24":"tag-pape","25":"tag-polemique","26":"tag-republique-francaise","27":"tag-securite","28":"tag-societe","29":"tag-societe-francaise","30":"tag-vatican","31":"tag-violence"},"share_on_mastodon":{"url":"https:\/\/pubeurope.com\/@fr\/114604034194402385","error":""},"_links":{"self":[{"href":"https:\/\/www.europesays.com\/fr\/wp-json\/wp\/v2\/posts\/142334","targetHints":{"allow":["GET"]}}],"collection":[{"href":"https:\/\/www.europesays.com\/fr\/wp-json\/wp\/v2\/posts"}],"about":[{"href":"https:\/\/www.europesays.com\/fr\/wp-json\/wp\/v2\/types\/post"}],"author":[{"embeddable":true,"href":"https:\/\/www.europesays.com\/fr\/wp-json\/wp\/v2\/users\/2"}],"replies":[{"embeddable":true,"href":"https:\/\/www.europesays.com\/fr\/wp-json\/wp\/v2\/comments?post=142334"}],"version-history":[{"count":0,"href":"https:\/\/www.europesays.com\/fr\/wp-json\/wp\/v2\/posts\/142334\/revisions"}],"wp:featuredmedia":[{"embeddable":true,"href":"https:\/\/www.europesays.com\/fr\/wp-json\/wp\/v2\/media\/142335"}],"wp:attachment":[{"href":"https:\/\/www.europesays.com\/fr\/wp-json\/wp\/v2\/media?parent=142334"}],"wp:term":[{"taxonomy":"category","embeddable":true,"href":"https:\/\/www.europesays.com\/fr\/wp-json\/wp\/v2\/categories?post=142334"},{"taxonomy":"post_tag","embeddable":true,"href":"https:\/\/www.europesays.com\/fr\/wp-json\/wp\/v2\/tags?post=142334"}],"curies":[{"name":"wp","href":"https:\/\/api.w.org\/{rel}","templated":true}]}}