{"id":142338,"date":"2025-05-31T19:14:10","date_gmt":"2025-05-31T19:14:10","guid":{"rendered":"https:\/\/www.europesays.com\/fr\/142338\/"},"modified":"2025-05-31T19:14:10","modified_gmt":"2025-05-31T19:14:10","slug":"laccuse-a-mis-en-danger-des-usagers-vulnerables-lucas-stassin-est-passe-devant-le-tribunal","status":"publish","type":"post","link":"https:\/\/www.europesays.com\/fr\/142338\/","title":{"rendered":"\u00ab L&rsquo;accus\u00e9 a mis en danger des usagers vuln\u00e9rables \u00bb, Lucas Stassin est pass\u00e9 devant le tribunal"},"content":{"rendered":"<p>Rare satisfaction de la saison de l&rsquo;ASSE rel\u00e9gu\u00e9e en Ligue 2, avec douze buts et cinq passe d\u00e9cisives, <a href=\"https:\/\/www.ledauphine.com\/p\/lucas-stassin\" target=\"_blank\" rel=\"noopener\">Lucas Stassin<\/a> est pass\u00e9 devant le tribunal de police de Hal, en Belgique.<\/p>\n<p>La raison ? Plusieurs infractions au code de la route a rapport\u00e9 le procureur local, Kris Boelens, au <a href=\"https:\/\/www.nieuwsblad.be\/cnt\/dmf20250530_94943321\" target=\"_blank\" rel=\"noopener\">Het Nieuwsblad<\/a>. <\/p>\n<p>\u00ab\u00a0L&rsquo;accus\u00e9 a mis en danger des usagers vuln\u00e9rables de la route et n&rsquo;a pas utilis\u00e9 ou utilis\u00e9 trop tard son clignotant. Il a d\u00e9pass\u00e9 deux autres v\u00e9hicules en m\u00eame temps, incit\u00e9 d&rsquo;autres conducteurs \u00e0 rouler trop vite et n&rsquo;a pas adapt\u00e9 sa vitesse \u00e0 la limitation de vitesse dans une zone trente.\u00a0\u00bb<\/p>\n<p>Absent de l&rsquo;audience, l&rsquo;attaquant des Verts a \u00e9cop\u00e9 d&rsquo;une amende, d&rsquo;une suspension de permis et devra repasser une partie de l&rsquo;examen du permis de conduire.\u00a0<\/p>\n","protected":false},"excerpt":{"rendered":"Rare satisfaction de la saison de l&rsquo;ASSE rel\u00e9gu\u00e9e en Ligue 2, avec douze buts et cinq passe d\u00e9cisives,&hellip;\n","protected":false},"author":2,"featured_media":142339,"comment_status":"","ping_status":"","sticky":false,"template":"","format":"standard","meta":{"footnotes":""},"categories":[9653],"tags":[1111,11,9443,2430,1777,674,274,107,1701,63,1011,27,7020,12636,3367,12,25,4001,517,1947],"class_list":{"0":"post-142338","1":"post","2":"type-post","3":"status-publish","4":"format-standard","5":"has-post-thumbnail","7":"category-saint-etienne","8":"tag-actu","9":"tag-actualites","10":"tag-asse-as-saint-etienne","11":"tag-auvergne-rhone-alpes","12":"tag-eu","13":"tag-europe","14":"tag-faits-divers-justice","15":"tag-fil-info","16":"tag-fil-info-sport","17":"tag-football","18":"tag-fr","19":"tag-france","20":"tag-ligue-1-football","21":"tag-ligue-2-football","22":"tag-loire","23":"tag-news","24":"tag-republique-francaise","25":"tag-saint-etienne","26":"tag-sport","27":"tag-sport-national"},"share_on_mastodon":{"url":"https:\/\/pubeurope.com\/@fr\/114604045943577651","error":""},"_links":{"self":[{"href":"https:\/\/www.europesays.com\/fr\/wp-json\/wp\/v2\/posts\/142338","targetHints":{"allow":["GET"]}}],"collection":[{"href":"https:\/\/www.europesays.com\/fr\/wp-json\/wp\/v2\/posts"}],"about":[{"href":"https:\/\/www.europesays.com\/fr\/wp-json\/wp\/v2\/types\/post"}],"author":[{"embeddable":true,"href":"https:\/\/www.europesays.com\/fr\/wp-json\/wp\/v2\/users\/2"}],"replies":[{"embeddable":true,"href":"https:\/\/www.europesays.com\/fr\/wp-json\/wp\/v2\/comments?post=142338"}],"version-history":[{"count":0,"href":"https:\/\/www.europesays.com\/fr\/wp-json\/wp\/v2\/posts\/142338\/revisions"}],"wp:featuredmedia":[{"embeddable":true,"href":"https:\/\/www.europesays.com\/fr\/wp-json\/wp\/v2\/media\/142339"}],"wp:attachment":[{"href":"https:\/\/www.europesays.com\/fr\/wp-json\/wp\/v2\/media?parent=142338"}],"wp:term":[{"taxonomy":"category","embeddable":true,"href":"https:\/\/www.europesays.com\/fr\/wp-json\/wp\/v2\/categories?post=142338"},{"taxonomy":"post_tag","embeddable":true,"href":"https:\/\/www.europesays.com\/fr\/wp-json\/wp\/v2\/tags?post=142338"}],"curies":[{"name":"wp","href":"https:\/\/api.w.org\/{rel}","templated":true}]}}