{"id":14235,"date":"2025-04-10T05:14:13","date_gmt":"2025-04-10T05:14:13","guid":{"rendered":"https:\/\/www.europesays.com\/fr\/14235\/"},"modified":"2025-04-10T05:14:13","modified_gmt":"2025-04-10T05:14:13","slug":"chez-boris-vallaud-une-equipe-pour-les-rassembler-tous-liberation","status":"publish","type":"post","link":"https:\/\/www.europesays.com\/fr\/14235\/","title":{"rendered":"chez Boris Vallaud, une \u00e9quipe pour les rassembler tous \u2013 Lib\u00e9ration"},"content":{"rendered":"<p class=\"sc-cPiKLX AiZTS text-element\">Une \u00ab\u00e9quipe de porte-parole\u00bb non \u00abpour les m\u00e9dias\u00bb mais \u00abau sein du parti, pour couvrir tout le territoire\u00bb, vant\u00e9e comme \u00abrassemblant de nouveaux visages, venant de tous les territoires, de la France des tours et des bourgs [coucou Fran\u00e7ois Ruffin, ndlr], des villes et des campagnes\u2026 et de toutes les sensibilit\u00e9s du PS\u00bb. C\u2019est ainsi que l\u2019entourage de Boris Vallaud nous pr\u00e9sente l\u2019\u00e9quipe de campagne du chef des d\u00e9put\u00e9s PS, candidat au congr\u00e8s du parti pour remplacer Olivier Faure. Tous les termes du bingo du renouvellement et de la r\u00e9conciliation y sont.<\/p>\n<p class=\"sc-cPiKLX AiZTS text-element\">Car avec sa contribution nomm\u00e9e \u00abUnir\u00bb, le d\u00e9put\u00e9 des Landes veut s\u2019imposer comme le seul \u00e0 m\u00eame de r\u00e9aliser \u00abl\u2019unit\u00e9 des socialistes\u00bb, revendiquant de \u00abpouvoir \u00eatre le lien entre beaucoup\u00bb de ses figures et courants. Son organigramme de campagne, que nous d\u00e9voilons plus bas, se veut donc la personnification du rassemblement. \u00abParmi ces 10 personnalit\u00e9s, 5 sont issues de la majorit\u00e9 actuelle du PS [de Faure], 4 avaient soutenu Nicolas Mayer Rossignol, 1 avait soutenu H\u00e9l\u00e8ne Geoffroy [au dernier congr\u00e8s, \u00e0 Marseille il y a deux ans], vante-t-on chez Vallaud. C\u2019est une nouvelle preuve de sa capacit\u00e9 <\/p>\n","protected":false},"excerpt":{"rendered":"Une \u00ab\u00e9quipe de porte-parole\u00bb non \u00abpour les m\u00e9dias\u00bb mais \u00abau sein du parti, pour couvrir tout le territoire\u00bb,&hellip;\n","protected":false},"author":2,"featured_media":14236,"comment_status":"","ping_status":"","sticky":false,"template":"","format":"standard","meta":{"footnotes":""},"categories":[4],"tags":[11,6219,1011,27,12,25],"class_list":{"0":"post-14235","1":"post","2":"type-post","3":"status-publish","4":"format-standard","5":"has-post-thumbnail","7":"category-france","8":"tag-actualites","9":"tag-boris-vallaud","10":"tag-fr","11":"tag-france","12":"tag-news","13":"tag-republique-francaise"},"share_on_mastodon":{"url":"https:\/\/pubeurope.com\/@fr\/114311965087543249","error":""},"_links":{"self":[{"href":"https:\/\/www.europesays.com\/fr\/wp-json\/wp\/v2\/posts\/14235","targetHints":{"allow":["GET"]}}],"collection":[{"href":"https:\/\/www.europesays.com\/fr\/wp-json\/wp\/v2\/posts"}],"about":[{"href":"https:\/\/www.europesays.com\/fr\/wp-json\/wp\/v2\/types\/post"}],"author":[{"embeddable":true,"href":"https:\/\/www.europesays.com\/fr\/wp-json\/wp\/v2\/users\/2"}],"replies":[{"embeddable":true,"href":"https:\/\/www.europesays.com\/fr\/wp-json\/wp\/v2\/comments?post=14235"}],"version-history":[{"count":0,"href":"https:\/\/www.europesays.com\/fr\/wp-json\/wp\/v2\/posts\/14235\/revisions"}],"wp:featuredmedia":[{"embeddable":true,"href":"https:\/\/www.europesays.com\/fr\/wp-json\/wp\/v2\/media\/14236"}],"wp:attachment":[{"href":"https:\/\/www.europesays.com\/fr\/wp-json\/wp\/v2\/media?parent=14235"}],"wp:term":[{"taxonomy":"category","embeddable":true,"href":"https:\/\/www.europesays.com\/fr\/wp-json\/wp\/v2\/categories?post=14235"},{"taxonomy":"post_tag","embeddable":true,"href":"https:\/\/www.europesays.com\/fr\/wp-json\/wp\/v2\/tags?post=14235"}],"curies":[{"name":"wp","href":"https:\/\/api.w.org\/{rel}","templated":true}]}}