{"id":142356,"date":"2025-05-31T19:26:15","date_gmt":"2025-05-31T19:26:15","guid":{"rendered":"https:\/\/www.europesays.com\/fr\/142356\/"},"modified":"2025-05-31T19:26:15","modified_gmt":"2025-05-31T19:26:15","slug":"une-maison-detruite-par-les-flammes","status":"publish","type":"post","link":"https:\/\/www.europesays.com\/fr\/142356\/","title":{"rendered":"une maison d\u00e9truite par les flammes"},"content":{"rendered":"<p>            Par<br \/>\n        <strong><br \/>\n            <a href=\"https:\/\/actu.fr\/auteur\/matheo-girard\" title=\"Consulter tous les articles de Matheo Girard\" rel=\"nofollow noopener\" target=\"_blank\">Matheo Girard<\/a><br \/>\n        <\/strong><\/p>\n<p>        Publi\u00e9 le<\/p>\n<p>            30 mai 2025 \u00e0 18h30        <\/p>\n<p>Il \u00e9tait peu avant 14\u2009h lorsque les pompiers ont \u00e9t\u00e9 appel\u00e9s pour <b>l\u2019incendie d\u2019une maison, <\/b>ce vendredi 30\u00a0mai 2025, \u00e0 <b>Noyal-sur-Vilaine<\/b> (Ille-et-Vilaine), comme indiqu\u00e9 par nos confr\u00e8res de <a href=\"https:\/\/www.ouest-france.fr\/bretagne\/noyal-sur-vilaine-35530\/a-noyal-sur-vilaine-une-maison-detruite-par-un-incendie-deux-entrepots-epargnes-par-les-flammes-7ada2162-3d61-11f0-a72b-a30f16c34b2f\" rel=\"nofollow noopener\" target=\"_blank\">Ouest-France.<\/a><\/p>\n<p class=\" wall-content\">L\u2019habitation a pris feu pour une raison qui n\u2019a pas fuit\u00e9, lors de cette journ\u00e9e marqu\u00e9e par <b>les fortes chaleurs<\/b>. Elle se situe au lieu-dit La Haute Patonais, \u00e0 la fronti\u00e8re avec Cesson-S\u00e9vign\u00e9.<\/p>\n<p>La maison d\u00e9truite<\/p>\n<p class=\" wall-content\"><b>Quarante soldats du feu<\/b> sont intervenus au moyen de<b> trois lances \u00e0 incendie<\/b>, dont une sur grande \u00e9chelle, explique-t-on du c\u00f4t\u00e9 du Centre op\u00e9rationnel d\u2019incendie et de secours (Codis).<\/p>\n<p class=\" wall-content\"><b>Aucune victime<\/b> n\u2019est \u00e0 d\u00e9plorer puisqu\u2019aucune personne n\u2019\u00e9tait \u00e0 l\u2019int\u00e9rieur de la maison au d\u00e9part du feu.<\/p>\n<p class=\" wall-content\">Les d\u00e9g\u00e2ts sont mat\u00e9riels, puisque la maison d\u2019une surface d\u2019environ <b>150\u00a0m\u00b2<\/b> a \u00e9t\u00e9 d\u00e9truite par les flammes.<\/p>\n<p>Vid\u00e9os : en ce moment sur Actu<\/p>\n<p class=\" wall-content\">L\u2019intervention des pompiers aura toutefois permis d\u2019\u00e9viter la propagation du sinistre aux <b>deux entrep\u00f4ts<\/b> situ\u00e9s \u00e0 proximit\u00e9 de l\u2019habitation.<\/p>\n<p class=\" wall-content\">Suivez toute l\u2019actualit\u00e9 de vos villes et m\u00e9dias favoris en vous inscrivant \u00e0 <a href=\"https:\/\/moncompte.actu.fr\" title=\"D\u00e9couvez Mon Actu\" rel=\"nofollow noopener\" data-trk=\"{&quot;cta&quot;:{&quot;action&quot;:&quot;https:\\\/\\\/moncompte.actu.fr&quot;,&quot;category&quot;:&quot;mon compte&quot;,&quot;from&quot;:&quot;article footer&quot;,&quot;name&quot;:&quot;Mon actu&quot;,&quot;type&quot;:&quot;cta&quot;}}\" target=\"_blank\">Mon Actu<\/a>.<\/p>\n","protected":false},"excerpt":{"rendered":"Par Matheo Girard Publi\u00e9 le 30 mai 2025 \u00e0 18h30 Il \u00e9tait peu avant 14\u2009h lorsque les pompiers&hellip;\n","protected":false},"author":2,"featured_media":142357,"comment_status":"","ping_status":"","sticky":false,"template":"","format":"standard","meta":{"footnotes":""},"categories":[2821],"tags":[1111,11,829,1777,674,118,1011,27,1310,12,584,25],"class_list":{"0":"post-142356","1":"post","2":"type-post","3":"status-publish","4":"format-standard","5":"has-post-thumbnail","7":"category-rennes","8":"tag-actu","9":"tag-actualites","10":"tag-bretagne","11":"tag-eu","12":"tag-europe","13":"tag-faits-divers","14":"tag-fr","15":"tag-france","16":"tag-incendie","17":"tag-news","18":"tag-rennes","19":"tag-republique-francaise"},"share_on_mastodon":{"url":"https:\/\/pubeurope.com\/@fr\/114604093140698679","error":""},"_links":{"self":[{"href":"https:\/\/www.europesays.com\/fr\/wp-json\/wp\/v2\/posts\/142356","targetHints":{"allow":["GET"]}}],"collection":[{"href":"https:\/\/www.europesays.com\/fr\/wp-json\/wp\/v2\/posts"}],"about":[{"href":"https:\/\/www.europesays.com\/fr\/wp-json\/wp\/v2\/types\/post"}],"author":[{"embeddable":true,"href":"https:\/\/www.europesays.com\/fr\/wp-json\/wp\/v2\/users\/2"}],"replies":[{"embeddable":true,"href":"https:\/\/www.europesays.com\/fr\/wp-json\/wp\/v2\/comments?post=142356"}],"version-history":[{"count":0,"href":"https:\/\/www.europesays.com\/fr\/wp-json\/wp\/v2\/posts\/142356\/revisions"}],"wp:featuredmedia":[{"embeddable":true,"href":"https:\/\/www.europesays.com\/fr\/wp-json\/wp\/v2\/media\/142357"}],"wp:attachment":[{"href":"https:\/\/www.europesays.com\/fr\/wp-json\/wp\/v2\/media?parent=142356"}],"wp:term":[{"taxonomy":"category","embeddable":true,"href":"https:\/\/www.europesays.com\/fr\/wp-json\/wp\/v2\/categories?post=142356"},{"taxonomy":"post_tag","embeddable":true,"href":"https:\/\/www.europesays.com\/fr\/wp-json\/wp\/v2\/tags?post=142356"}],"curies":[{"name":"wp","href":"https:\/\/api.w.org\/{rel}","templated":true}]}}