{"id":142358,"date":"2025-05-31T19:27:09","date_gmt":"2025-05-31T19:27:09","guid":{"rendered":"https:\/\/www.europesays.com\/fr\/142358\/"},"modified":"2025-05-31T19:27:09","modified_gmt":"2025-05-31T19:27:09","slug":"mercato-lom-a-la-lutte-pour-un-taulier-de-rennes","status":"publish","type":"post","link":"https:\/\/www.europesays.com\/fr\/142358\/","title":{"rendered":"Mercato, l&rsquo;OM \u00e0 la lutte pour un taulier de Rennes"},"content":{"rendered":"<p data-testid=\"article-teaser\">En qu\u00eate de nouveaux renforts cet \u00e9t\u00e9, l\u2019OM a jet\u00e9 son d\u00e9volu sur un cadre de Rennes. Un dossier qui s\u2019annonce d\u2019ores et d\u00e9j\u00e0 complexe.<\/p>\n<p>L\u2019Olympique de Marseille s\u2019appr\u00eate \u00e0 tourner une page importante sur son flanc gauche. En qu\u00eate de renouveau et d\u2019efficacit\u00e9 en vue de la Ligue des Champions, le club phoc\u00e9en veut frapper fort sur le march\u00e9 des transferts. Et dans ce chantier de grande ampleur, les dirigeants ont une cible pr\u00e9cise en t\u00eate. Un joueur exp\u00e9riment\u00e9 de Ligue 1 \u00e9voluant au Stade Rennais, courtis\u00e9 de toutes parts, pourrait bien \u00eatre la prochaine recrue marseillaise. Mais l\u2019OM devra faire face \u00e0 une concurrence aussi pressante que bien arm\u00e9e.<\/p>\n<p>L&rsquo;article continue ci-dessous<\/p>\n","protected":false},"excerpt":{"rendered":"En qu\u00eate de nouveaux renforts cet \u00e9t\u00e9, l\u2019OM a jet\u00e9 son d\u00e9volu sur un cadre de Rennes. Un&hellip;\n","protected":false},"author":2,"featured_media":142359,"comment_status":"","ping_status":"","sticky":false,"template":"","format":"standard","meta":{"footnotes":""},"categories":[2821],"tags":[27031,1111,11,829,1777,674,1011,27,66,884,1434,12,27032,584,25],"class_list":{"0":"post-142358","1":"post","2":"type-post","3":"status-publish","4":"format-standard","5":"has-post-thumbnail","7":"category-rennes","8":"tag-a-truffert","9":"tag-actu","10":"tag-actualites","11":"tag-bretagne","12":"tag-eu","13":"tag-europe","14":"tag-fr","15":"tag-france","16":"tag-ligue-1","17":"tag-marseille","18":"tag-mercato","19":"tag-news","20":"tag-q-merlin","21":"tag-rennes","22":"tag-republique-francaise"},"share_on_mastodon":{"url":"","error":""},"_links":{"self":[{"href":"https:\/\/www.europesays.com\/fr\/wp-json\/wp\/v2\/posts\/142358","targetHints":{"allow":["GET"]}}],"collection":[{"href":"https:\/\/www.europesays.com\/fr\/wp-json\/wp\/v2\/posts"}],"about":[{"href":"https:\/\/www.europesays.com\/fr\/wp-json\/wp\/v2\/types\/post"}],"author":[{"embeddable":true,"href":"https:\/\/www.europesays.com\/fr\/wp-json\/wp\/v2\/users\/2"}],"replies":[{"embeddable":true,"href":"https:\/\/www.europesays.com\/fr\/wp-json\/wp\/v2\/comments?post=142358"}],"version-history":[{"count":0,"href":"https:\/\/www.europesays.com\/fr\/wp-json\/wp\/v2\/posts\/142358\/revisions"}],"wp:featuredmedia":[{"embeddable":true,"href":"https:\/\/www.europesays.com\/fr\/wp-json\/wp\/v2\/media\/142359"}],"wp:attachment":[{"href":"https:\/\/www.europesays.com\/fr\/wp-json\/wp\/v2\/media?parent=142358"}],"wp:term":[{"taxonomy":"category","embeddable":true,"href":"https:\/\/www.europesays.com\/fr\/wp-json\/wp\/v2\/categories?post=142358"},{"taxonomy":"post_tag","embeddable":true,"href":"https:\/\/www.europesays.com\/fr\/wp-json\/wp\/v2\/tags?post=142358"}],"curies":[{"name":"wp","href":"https:\/\/api.w.org\/{rel}","templated":true}]}}