{"id":142366,"date":"2025-05-31T19:31:10","date_gmt":"2025-05-31T19:31:10","guid":{"rendered":"https:\/\/www.europesays.com\/fr\/142366\/"},"modified":"2025-05-31T19:31:10","modified_gmt":"2025-05-31T19:31:10","slug":"gabriel-tual-echoue-a-80-centiemes-du-record-deurope-du-600-m-ce-samedi-soir-au-meeting-nikaia-de-nice","status":"publish","type":"post","link":"https:\/\/www.europesays.com\/fr\/142366\/","title":{"rendered":"Gabriel Tual \u00e9choue \u00e0 80 centi\u00e8mes du record d&rsquo;Europe du 600 m, ce samedi soir au meeting Nika\u00efa de Nice"},"content":{"rendered":"<p>Il lui avait chip\u00e9 le record de France du 800 m l&rsquo;ann\u00e9e pass\u00e9e \u00e0 Charl\u00e9ty, mais il n&rsquo;a pas refait le coup sur 600 m, ce samedi soir au meeting Nika\u00efa de Nice. Gabriel Tual n&rsquo;a pas ray\u00e9 des tablettes, une nouvelle fois, le retrait\u00e9 Pierre-Ambroise Bosse. Sur la piste du stade Charles-Ehrmann, le Girondin s&rsquo;est cass\u00e9 les dents \u00e0 80 centi\u00e8mes du chrono du Nantais sign\u00e9 en 2016 (1&rsquo;13\u00a0\u00bb21). Plus qu&rsquo;un record de France, la marque de Bosse constitue le record d&rsquo;Europe de la distance.<\/p>\n<p>Emmen\u00e9 par le li\u00e8vre Ludovic Le Meur jusqu&rsquo;aux 350 m, le champion d&rsquo;Europe du 800 m a coup\u00e9 la ligne en 1&rsquo;14\u00a0\u00bb01. Encore dans les temps aux 400 m, sous les 48\u00a0\u00bb00, il a \u00ab\u00a0vraiment craqu\u00e9\u00a0\u00bb dans les 40 derniers m\u00e8tres, sur une distance rarement courue mais sur laquelle il s&rsquo;escrime r\u00e9guli\u00e8rement \u00e0 l&rsquo;entra\u00eenement.<\/p>\n<p>\u00ab\u00a0Il ne me manque pas grand-chose, juste un peu de temps, a souri malgr\u00e9 tout le licenci\u00e9 de l&rsquo;US Talence (27 ans). Mais on est le 31 mai et je ne peux pas \u00eatre au top niveau alors que ce n&rsquo;est que le d\u00e9but de saison. Mine de rien, 1&rsquo;14\u00a0\u00bb01 c&rsquo;est quand m\u00eame bien. Il y a les intentions, l&rsquo;envie et la forme. Je pense que c&rsquo;est le meilleur d\u00e9but de saison de ma carri\u00e8re mais on verra ce que \u00e7a donne sur 800 m parce que \u00e7a reste l&rsquo;objectif sur toute la saison. J&rsquo;ai battu mon record sur 400 m (46\u00a0\u00bb71&prime;), j&rsquo;ai confirm\u00e9 (46\u00a0\u00bb81) et j&rsquo;ai fait un gros record sur 600 m : j&rsquo;esp\u00e8re que \u00e7a va continuer sur cette lanc\u00e9e parce que \u00e7a d\u00e9marre tr\u00e8s bien.\u00a0\u00bb<\/p>\n","protected":false},"excerpt":{"rendered":"Il lui avait chip\u00e9 le record de France du 800 m l&rsquo;ann\u00e9e pass\u00e9e \u00e0 Charl\u00e9ty, mais il n&rsquo;a&hellip;\n","protected":false},"author":2,"featured_media":142367,"comment_status":"","ping_status":"","sticky":false,"template":"","format":"standard","meta":{"footnotes":""},"categories":[2819],"tags":[1111,11,4132,1777,674,1011,27,12,2401,882,25,60],"class_list":{"0":"post-142366","1":"post","2":"type-post","3":"status-publish","4":"format-standard","5":"has-post-thumbnail","7":"category-nice","8":"tag-actu","9":"tag-actualites","10":"tag-athletisme","11":"tag-eu","12":"tag-europe","13":"tag-fr","14":"tag-france","15":"tag-news","16":"tag-nice","17":"tag-provence-alpes-cote-dazur","18":"tag-republique-francaise","19":"tag-sports"},"share_on_mastodon":{"url":"https:\/\/pubeurope.com\/@fr\/114604112841317449","error":""},"_links":{"self":[{"href":"https:\/\/www.europesays.com\/fr\/wp-json\/wp\/v2\/posts\/142366","targetHints":{"allow":["GET"]}}],"collection":[{"href":"https:\/\/www.europesays.com\/fr\/wp-json\/wp\/v2\/posts"}],"about":[{"href":"https:\/\/www.europesays.com\/fr\/wp-json\/wp\/v2\/types\/post"}],"author":[{"embeddable":true,"href":"https:\/\/www.europesays.com\/fr\/wp-json\/wp\/v2\/users\/2"}],"replies":[{"embeddable":true,"href":"https:\/\/www.europesays.com\/fr\/wp-json\/wp\/v2\/comments?post=142366"}],"version-history":[{"count":0,"href":"https:\/\/www.europesays.com\/fr\/wp-json\/wp\/v2\/posts\/142366\/revisions"}],"wp:featuredmedia":[{"embeddable":true,"href":"https:\/\/www.europesays.com\/fr\/wp-json\/wp\/v2\/media\/142367"}],"wp:attachment":[{"href":"https:\/\/www.europesays.com\/fr\/wp-json\/wp\/v2\/media?parent=142366"}],"wp:term":[{"taxonomy":"category","embeddable":true,"href":"https:\/\/www.europesays.com\/fr\/wp-json\/wp\/v2\/categories?post=142366"},{"taxonomy":"post_tag","embeddable":true,"href":"https:\/\/www.europesays.com\/fr\/wp-json\/wp\/v2\/tags?post=142366"}],"curies":[{"name":"wp","href":"https:\/\/api.w.org\/{rel}","templated":true}]}}