{"id":142368,"date":"2025-05-31T19:32:28","date_gmt":"2025-05-31T19:32:28","guid":{"rendered":"https:\/\/www.europesays.com\/fr\/142368\/"},"modified":"2025-05-31T19:32:28","modified_gmt":"2025-05-31T19:32:28","slug":"au-sud-de-nantes-un-feu-de-vegetation-eteint-par-les-sapeurs-pompiers","status":"publish","type":"post","link":"https:\/\/www.europesays.com\/fr\/142368\/","title":{"rendered":"Au sud de Nantes, un feu de v\u00e9g\u00e9tation \u00e9teint par les sapeurs-pompiers"},"content":{"rendered":"<p>C\u2019est un espace vert situ\u00e9 en parall\u00e8le de la rue du Bac, au Pellerin. On l\u2019appelle le site de Bikini, du nom de cette \u00eele n\u00e9e \u00e0 la fin de la Seconde Guerre mondiale apr\u00e8s le sabordage de bateaux. On peut notamment y apercevoir, en se promenant, les vestiges de l\u2019Antarktis, baleinier norv\u00e9gien de 150\u00a0m\u00e8tres de long. Ce vendredi 30\u00a0mai,<a href=\"https:\/\/www.ouest-france.fr\/faits-divers\/incendie\/\" target=\"_blank\" rel=\"noopener\"> les sapeurs-pompiers y ont \u00e9t\u00e9 appel\u00e9s pour un d\u00e9part de feu.<\/a><\/p>\n<p>\t<img decoding=\"async\" src=\"https:\/\/www.europesays.com\/fr\/wp-content\/uploads\/2025\/05\/P35260609D6832105G_px_640_.jpg\" alt=\"photo huit sapeurs-pompiers sont intervenus au pellerin, sur le site du bikini.  \u00a9  ouest-france\" width=\"640\" title=\" Huit sapeurs-pompiers sont intervenus au Pellerin, sur le site du Bikini.   Ouest-France \"\/><\/p>\n<p class=\"elmt-legende\"> Huit sapeurs-pompiers sont intervenus au Pellerin, sur le site du Bikini.   Ouest-France <\/p>\n<p>Il \u00e9tait aux environs de 13\u00a0h\u00a040. Deux engins, des centres de secours de Rez\u00e9 et Bouguenais, y sont intervenus et ont r\u00e9ussi \u00e0 circonscrire l\u2019incendie en une heure environ. Les flammes ont br\u00fbl\u00e9 une surface d\u2019environ 800\u00a0m\u00b2 d\u2019herbes s\u00e8ches. En ce d\u00e9but de saison estivale, c\u2019est l\u2019occasion de rappeler qu\u2019un simple m\u00e9got de cigarette peut occasionner des incendies et qu\u2019il n\u2019est jamais conseill\u00e9 d\u2019allumer un feu en ext\u00e9rieur.<\/p>\n<p>\u00a0<\/p>\n","protected":false},"excerpt":{"rendered":"C\u2019est un espace vert situ\u00e9 en parall\u00e8le de la rue du Bac, au Pellerin. On l\u2019appelle le site&hellip;\n","protected":false},"author":2,"featured_media":142369,"comment_status":"","ping_status":"","sticky":false,"template":"","format":"standard","meta":{"footnotes":""},"categories":[2818],"tags":[1111,11,27034,1777,674,1312,1011,27,766,12,2636,25,5153,7053,27033],"class_list":{"0":"post-142368","1":"post","2":"type-post","3":"status-publish","4":"format-standard","5":"has-post-thumbnail","7":"category-nantes","8":"tag-actu","9":"tag-actualites","10":"tag-eteint","11":"tag-eu","12":"tag-europe","13":"tag-feu","14":"tag-fr","15":"tag-france","16":"tag-nantes","17":"tag-news","18":"tag-pays-de-la-loire","19":"tag-republique-francaise","20":"tag-sapeurs-pompiers","21":"tag-sud","22":"tag-vegetation"},"share_on_mastodon":{"url":"https:\/\/pubeurope.com\/@fr\/114604116793991883","error":""},"_links":{"self":[{"href":"https:\/\/www.europesays.com\/fr\/wp-json\/wp\/v2\/posts\/142368","targetHints":{"allow":["GET"]}}],"collection":[{"href":"https:\/\/www.europesays.com\/fr\/wp-json\/wp\/v2\/posts"}],"about":[{"href":"https:\/\/www.europesays.com\/fr\/wp-json\/wp\/v2\/types\/post"}],"author":[{"embeddable":true,"href":"https:\/\/www.europesays.com\/fr\/wp-json\/wp\/v2\/users\/2"}],"replies":[{"embeddable":true,"href":"https:\/\/www.europesays.com\/fr\/wp-json\/wp\/v2\/comments?post=142368"}],"version-history":[{"count":0,"href":"https:\/\/www.europesays.com\/fr\/wp-json\/wp\/v2\/posts\/142368\/revisions"}],"wp:featuredmedia":[{"embeddable":true,"href":"https:\/\/www.europesays.com\/fr\/wp-json\/wp\/v2\/media\/142369"}],"wp:attachment":[{"href":"https:\/\/www.europesays.com\/fr\/wp-json\/wp\/v2\/media?parent=142368"}],"wp:term":[{"taxonomy":"category","embeddable":true,"href":"https:\/\/www.europesays.com\/fr\/wp-json\/wp\/v2\/categories?post=142368"},{"taxonomy":"post_tag","embeddable":true,"href":"https:\/\/www.europesays.com\/fr\/wp-json\/wp\/v2\/tags?post=142368"}],"curies":[{"name":"wp","href":"https:\/\/api.w.org\/{rel}","templated":true}]}}