{"id":142374,"date":"2025-05-31T19:35:09","date_gmt":"2025-05-31T19:35:09","guid":{"rendered":"https:\/\/www.europesays.com\/fr\/142374\/"},"modified":"2025-05-31T19:35:09","modified_gmt":"2025-05-31T19:35:09","slug":"girondins-jacques-henri-eyraud-oliver-kahn-a-un-merveilleux-projet-pour-bordeaux","status":"publish","type":"post","link":"https:\/\/www.europesays.com\/fr\/142374\/","title":{"rendered":"Girondins. Jacques-Henri Eyraud : \u00ab\u00a0Oliver Kahn a un merveilleux projet pour Bordeaux\u00a0\u00bb"},"content":{"rendered":"<p><img decoding=\"async\" src=\"https:\/\/www.europesays.com\/fr\/wp-content\/uploads\/2025\/05\/671_230817427ac6666bb3960d3df35b1962.jpg\" alt=\"Girondins. Jacques-Henri Eyraud : &quot;Oliver Kahn a un merveilleux projet pour Bordeaux&quot;\" class=\"img-responsive mt-3\"\/><\/p>\n<p class=\"text-center mb-3\" style=\"font-size: 14px\">\u00a9 Iconsport<\/p>\n<p>      <strong>\u00ab\u00a0Oliver Kahn a demand\u00e9 mon aide, et mon aide ne va pas au-del\u00e0 de \u00e7a\u00a0\u00bb<\/strong><\/p>\n<p style=\"text-align: justify;\">\u00a0<\/p>\n<p style=\"text-align: justify;\">Jacques-Henri Eyraud dans <a href=\"https:\/\/www.youtube.com\/watch?v=67Ydpyd10hc\" target=\"_blank\" rel=\"noopener\">Dream Team Podcast<\/a> : \u00ab\u00a0La seule chose qui est sortie dans les m\u00e9dias sur mes activit\u00e9s est le dossier de Bordeaux avec Oliver Kahn et Moritz Mattes (associ\u00e9 de Kahn). Oliver est formidable, rigoureux, combatif. Il ferait beaucoup de bien aux Girondins de Bordeaux. Les Girondins sont en N2, en redressement judiciaire et discute aujourd&rsquo;hui un plan de continuation pour \u00e9taler le montant des dettes du club sur plusieurs ann\u00e9es. Ce plan devra \u00eatre valid\u00e9 par le tribunal de commerce. S&rsquo;il n&rsquo;est pas valid\u00e9 par le tribunal de commerce, des acheteurs pourront proposer un montant pour reprendre les actifs du club et le renoncer. \u00c9videmment, cela pourrait survenir avec des rel\u00e9gations, m\u00eame si, dans la jurisprudence, tu t&rsquo;aper\u00e7ois que certains clubs ont pu \u00eatre rel\u00e9gu\u00e9s d&rsquo;une seule division et pas de 4,5 ou 6 divisions comme j&rsquo;ai pu le lire. Cela d\u00e9pend aussi de la qualit\u00e9 du plan de reprise des actifs et pas des dettes. Le club est dans une situation difficile et vaut beaucoup mieux que la situation dans laquelle il se trouve aujourd&rsquo;hui.<\/p>\n<p style=\"text-align: justify;\">Oliver Kahn a demand\u00e9 mon aide, et mon aide ne va pas au-del\u00e0 de \u00e7a. C&rsquo;est lui qui est le porteur du projet et qui a, je crois, un merveilleux projet pour Bordeaux. On saura plus avant l\u2019\u00e9t\u00e9.<\/p>\n<p style=\"text-align: justify;\">Mon travail consiste \u00e0 travailler sur des projets de reprise et \u00e0 lever des fonds dans le sport, dans les m\u00e9dias, et dans le monde de l&rsquo;entreprise en g\u00e9n\u00e9ral.\u00a0\u00bb<\/p>\n<p style=\"text-align: justify;\">\u00c0 lire aussi &gt;&gt; <strong><a href=\"https:\/\/www.webgirondins.com\/actualite-girondins-girondins-pour-oliver-kahn-c-est-une-course-contre-la-montre-129262\" target=\"_blank\" rel=\"noopener\">Girondins : \u00ab\u00a0Pour Oliver Kahn c&rsquo;est une course contre la montre\u201d<\/a><\/strong><\/p>\n<p style=\"text-align: justify;\">Notre podcast court \u00e0 \u00e9couter :<\/p>\n<p style=\"text-align: justify;\">\u00a0<\/p>\n","protected":false},"excerpt":{"rendered":"\u00a9 Iconsport \u00ab\u00a0Oliver Kahn a demand\u00e9 mon aide, et mon aide ne va pas au-del\u00e0 de \u00e7a\u00a0\u00bb \u00a0&hellip;\n","protected":false},"author":2,"featured_media":142375,"comment_status":"","ping_status":"","sticky":false,"template":"","format":"standard","meta":{"footnotes":""},"categories":[2817],"tags":[1111,11,4255,27037,1997,1777,674,27035,1011,27,1987,6553,19023,4654,2003,17812,27036,12,2219,4653,149,471,4919,1095,25],"class_list":{"0":"post-142374","1":"post","2":"type-post","3":"status-publish","4":"format-standard","5":"has-post-thumbnail","7":"category-bordeaux","8":"tag-actu","9":"tag-actualites","10":"tag-ancien","11":"tag-board","12":"tag-bordeaux","13":"tag-eu","14":"tag-europe","15":"tag-eyraud","16":"tag-fr","17":"tag-france","18":"tag-girondins","19":"tag-henri","20":"tag-jacques","21":"tag-kahn","22":"tag-livre","23":"tag-membre","24":"tag-merveilleux","25":"tag-news","26":"tag-nouvelle-aquitaine","27":"tag-oliver","28":"tag-om","29":"tag-pour","30":"tag-president","31":"tag-projet","32":"tag-republique-francaise"},"share_on_mastodon":{"url":"https:\/\/pubeurope.com\/@fr\/114604128949466233","error":""},"_links":{"self":[{"href":"https:\/\/www.europesays.com\/fr\/wp-json\/wp\/v2\/posts\/142374","targetHints":{"allow":["GET"]}}],"collection":[{"href":"https:\/\/www.europesays.com\/fr\/wp-json\/wp\/v2\/posts"}],"about":[{"href":"https:\/\/www.europesays.com\/fr\/wp-json\/wp\/v2\/types\/post"}],"author":[{"embeddable":true,"href":"https:\/\/www.europesays.com\/fr\/wp-json\/wp\/v2\/users\/2"}],"replies":[{"embeddable":true,"href":"https:\/\/www.europesays.com\/fr\/wp-json\/wp\/v2\/comments?post=142374"}],"version-history":[{"count":0,"href":"https:\/\/www.europesays.com\/fr\/wp-json\/wp\/v2\/posts\/142374\/revisions"}],"wp:featuredmedia":[{"embeddable":true,"href":"https:\/\/www.europesays.com\/fr\/wp-json\/wp\/v2\/media\/142375"}],"wp:attachment":[{"href":"https:\/\/www.europesays.com\/fr\/wp-json\/wp\/v2\/media?parent=142374"}],"wp:term":[{"taxonomy":"category","embeddable":true,"href":"https:\/\/www.europesays.com\/fr\/wp-json\/wp\/v2\/categories?post=142374"},{"taxonomy":"post_tag","embeddable":true,"href":"https:\/\/www.europesays.com\/fr\/wp-json\/wp\/v2\/tags?post=142374"}],"curies":[{"name":"wp","href":"https:\/\/api.w.org\/{rel}","templated":true}]}}