{"id":142382,"date":"2025-05-31T19:40:09","date_gmt":"2025-05-31T19:40:09","guid":{"rendered":"https:\/\/www.europesays.com\/fr\/142382\/"},"modified":"2025-05-31T19:40:09","modified_gmt":"2025-05-31T19:40:09","slug":"des-calanques-a-la-sainte-baume-le-loup-est-de-plus-en-plus-visible-sur-le-territoire","status":"publish","type":"post","link":"https:\/\/www.europesays.com\/fr\/142382\/","title":{"rendered":"Des calanques \u00e0 la Sainte-Baume, le loup est de plus en plus visible sur le territoire"},"content":{"rendered":"<p>Auriol, Aubagne, La Ciotat, Cadolive, Cassis, Saint-Zacharie\u2026 Que ce soit par la pr\u00e9sence d\u2019excr\u00e9ments ou par observation visuelle, le constat fait par <a href=\"https:\/\/www.laprovence.com\/article\/france-monde\/60732840036853\/attaques-par-des-syndicats-agricoles-des-agents-de-lofb-defendent-leurs-missions\" target=\"_blank\" rel=\"noopener\">l\u2019Office fran\u00e7ais de la biodiversit\u00e9<\/a> est sans appel\u00a0: le loup fait bel et bien son retour en Provence.<\/p>\n<p>L\u2019installation d\u2019une meute<\/p>\n<p>Nich\u00e9es au carrefour des massifs de l\u2019\u00c9toile et du Garlaban, du <a href=\"https:\/\/www.laprovence.com\/article\/edition-marseille\/6589001\/parc-des-calanques-quand-cest-flou-il-y-a-deux-loups.html\" target=\"_blank\" rel=\"noopener\">Parc national des calanques<\/a> et de son cousin r\u00e9gional de la Sainte-Baume, nombreuses sont les communes du Pays d\u2019Aubagne et du littoral ciotaden \u00e0 attester de sa pr\u00e9sence au cours des trois derni\u00e8res ann\u00e9es.<\/p>\n","protected":false},"excerpt":{"rendered":"Auriol, Aubagne, La Ciotat, Cadolive, Cassis, Saint-Zacharie\u2026 Que ce soit par la pr\u00e9sence d\u2019excr\u00e9ments ou par observation visuelle,&hellip;\n","protected":false},"author":2,"featured_media":142383,"comment_status":"","ping_status":"","sticky":false,"template":"","format":"standard","meta":{"footnotes":""},"categories":[2814],"tags":[17,1111,11,1182,154,436,932,1777,674,1011,27,9772,884,12,378,882,25,27038],"class_list":{"0":"post-142382","1":"post","2":"type-post","3":"status-publish","4":"format-standard","5":"has-post-thumbnail","7":"category-marseille","8":"tag-17","9":"tag-actu","10":"tag-actualites","11":"tag-calanques","12":"tag-des","13":"tag-environnement","14":"tag-est","15":"tag-eu","16":"tag-europe","17":"tag-fr","18":"tag-france","19":"tag-loup","20":"tag-marseille","21":"tag-news","22":"tag-plus","23":"tag-provence-alpes-cote-dazur","24":"tag-republique-francaise","25":"tag-sainte-baume"},"share_on_mastodon":{"url":"https:\/\/pubeurope.com\/@fr\/114604148428429136","error":""},"_links":{"self":[{"href":"https:\/\/www.europesays.com\/fr\/wp-json\/wp\/v2\/posts\/142382","targetHints":{"allow":["GET"]}}],"collection":[{"href":"https:\/\/www.europesays.com\/fr\/wp-json\/wp\/v2\/posts"}],"about":[{"href":"https:\/\/www.europesays.com\/fr\/wp-json\/wp\/v2\/types\/post"}],"author":[{"embeddable":true,"href":"https:\/\/www.europesays.com\/fr\/wp-json\/wp\/v2\/users\/2"}],"replies":[{"embeddable":true,"href":"https:\/\/www.europesays.com\/fr\/wp-json\/wp\/v2\/comments?post=142382"}],"version-history":[{"count":0,"href":"https:\/\/www.europesays.com\/fr\/wp-json\/wp\/v2\/posts\/142382\/revisions"}],"wp:featuredmedia":[{"embeddable":true,"href":"https:\/\/www.europesays.com\/fr\/wp-json\/wp\/v2\/media\/142383"}],"wp:attachment":[{"href":"https:\/\/www.europesays.com\/fr\/wp-json\/wp\/v2\/media?parent=142382"}],"wp:term":[{"taxonomy":"category","embeddable":true,"href":"https:\/\/www.europesays.com\/fr\/wp-json\/wp\/v2\/categories?post=142382"},{"taxonomy":"post_tag","embeddable":true,"href":"https:\/\/www.europesays.com\/fr\/wp-json\/wp\/v2\/tags?post=142382"}],"curies":[{"name":"wp","href":"https:\/\/api.w.org\/{rel}","templated":true}]}}