{"id":142384,"date":"2025-05-31T19:41:10","date_gmt":"2025-05-31T19:41:10","guid":{"rendered":"https:\/\/www.europesays.com\/fr\/142384\/"},"modified":"2025-05-31T19:41:10","modified_gmt":"2025-05-31T19:41:10","slug":"the-boss-une-energie-intacte","status":"publish","type":"post","link":"https:\/\/www.europesays.com\/fr\/142384\/","title":{"rendered":"\u00ab\u00a0The Boss\u00a0\u00bb, une \u00e9nergie intacte !"},"content":{"rendered":"<p>75 ans, le Boss ? Non, mais vous plaisantez ! <a href=\"https:\/\/www.laprovence.com\/article\/culture-loisirs\/118824130947714\/bruce-springsteen-commence-son-concert-au-velodrome-en-chargeant-donald-trump\" target=\"_blank\" rel=\"noopener\">Bruce Springsteen<\/a> n&rsquo;a pas\u00a0d&rsquo;\u00e2ge, en fait. Ce samedi soir, <a href=\"https:\/\/www.laprovence.com\/article\/culture-loisirs\/72876188578420\/bruce-springsteen-en-concert-a-marseille-l-heure-de-la-revanche-a-l-orange-velodrome\" target=\"_blank\" rel=\"noopener\">au V\u00e9lodrome<\/a>, comme lors de ses pr\u00e9c\u00e9dents concerts \u00e0 Lille ou \u00e0 Manchester, il donne tout avec\u00a0l&rsquo;\u00e9nergie\u00a0qui a toujours \u00e9t\u00e9 la sienne. Le bonhomme est habit\u00e9 par sa foi dans le rock et dans son public.<\/p>\n<p>La premi\u00e8re heure <a href=\"https:\/\/www.laprovence.com\/article\/culture-loisirs\/28830133436790\/bruce-springsteen-a-marseille-il-a-promis-quil-reviendrait-plus-fort-assurent-ces-fans-presents-au-concert-annule-de-2024\" target=\"_blank\" rel=\"noopener\">de son concert<\/a> est pass\u00e9e \u00e0 la vitesse d&rsquo;un tourbillon. Comme il en a l&rsquo;habitude depuis plus d&rsquo;un demi-si\u00e8cle, il encha\u00eene les morceaux sur un rythme \u00e0 couper le souffle. \u00ab\u00a0<a href=\"https:\/\/www.youtube.com\/watch?v=SAMkFVJ-ews&amp;pp=0gcJCdgAo7VqN5tD\" target=\"_blank\" rel=\"noopener\">Lonesome Day<\/a>\u00ab\u00a0, \u00ab\u00a0Glory Days\u00a0\u00bb, \u00ab\u00a0The River\u00a0\u00bb,\u2026 sur la pelouse comme dans les trav\u00e9es du V\u00e9lodrome, les fans sont litt\u00e9ralement transport\u00e9s par une fr\u00e9n\u00e9sie de hits.<\/p>\n<p><img alt=\"Ce samedi soir, au V\u00e9lodrome, comme lors de ses pr\u00e9c\u00e9dents concerts \u00e0 Lille ou \u00e0 Manchester, Bruce Springsteen donne tout avec l'\u00e9nergie qui a toujours \u00e9t\u00e9 la sienne.\" loading=\"lazy\" decoding=\"async\" data-nimg=\"fill\" class=\" TwicCore_img__i9TC1 undefined  undefined\" style=\"position:absolute;height:100%;width:100%;left:0;top:0;right:0;bottom:0;color:transparent;background-size:cover;background-position:50% 50%;background-repeat:no-repeat;background-image:url(&quot;data:image\/svg+xml;charset=utf-8,%3Csvg xmlns='http:\/\/www.w3.org\/2000\/svg' %3E%3Cfilter id='b' color-interpolation-filters='sRGB'%3E%3CfeGaussianBlur stdDeviation='20'\/%3E%3CfeColorMatrix values='1 0 0 0 0 0 1 0 0 0 0 0 1 0 0 0 0 0 100 -1' result='s'\/%3E%3CfeFlood x='0' y='0' width='100%25' height='100%25'\/%3E%3CfeComposite operator='out' in='s'\/%3E%3CfeComposite in2='SourceGraphic'\/%3E%3CfeGaussianBlur stdDeviation='20'\/%3E%3C\/filter%3E%3Cimage width='100%25' height='100%25' x='0' y='0' preserveAspectRatio='none' style='filter: url(%23b);' href='https:\/\/pictures.laprovence.com\/cdn-cgi\/image\/blur=250\/media\/melody\/2025\/05\/31\/concert-de-bruce-springsteen-au-velodrome-310525pln01-1748718061_0dc60d805b386e0d60d805b38c4d60v_.jpg'\/%3E%3C\/svg%3E&quot;)\"   src=\"https:\/\/www.europesays.com\/fr\/wp-content\/uploads\/2025\/05\/concert-de-bruce-springsteen-au-velodrome-310525pln01-1748718061_0dc60d805b386e0d60d805b38c4d60v_.jp.jpeg\"\/>Ce samedi soir, au V\u00e9lodrome, comme lors de ses pr\u00e9c\u00e9dents concerts \u00e0 Lille ou \u00e0 Manchester, Bruce Springsteen donne tout avec l&rsquo;\u00e9nergie qui a toujours \u00e9t\u00e9 la sienne. PHOTO &#8211; PHILIPPE LAURENSON<\/p>\n<p>Entre-temps, \u00ab\u00a0<a href=\"https:\/\/www.youtube.com\/watch?v=E_0pQTEhj8A&amp;pp=0gcJCdgAo7VqN5tD\" target=\"_blank\" rel=\"noopener\">Rainmaker<\/a>\u00ab\u00a0, un morceau tout \u00e0 la fois sombre et lumineux, est venu v\u00e9hiculer un nouveau message d&rsquo;espoir pour \u00ab\u00a0des gens qui ont tellement besoin de croire en quelque chose qu&rsquo;ils engagent un faiseur de pluie\u00a0\u00bb. Un rainmaker.<\/p>\n<p>Puis, <a href=\"https:\/\/www.laprovence.com\/article\/region\/1170523384012314\/video-c-est-lui-il-est-la-le-boss-on-a-passe-une-journee-aupres-des-fans-de-springsteen-a-marseille\" target=\"_blank\" rel=\"noopener\">Springsteen<\/a> et le E Street Band ont invit\u00e9 le public \u00e0 les suivre en direction de \u00ab\u00a0<a href=\"https:\/\/www.youtube.com\/watch?v=tJx0HftF6Vk\" target=\"_blank\" rel=\"noopener\">The Promised Land<\/a>\u00ab\u00a0. Le \u00ab\u00a0Boss\u00a0\u00bb en a, alors, profit\u00e9 pour descendre de la sc\u00e8ne et s&rsquo;approcher de ses fans, dans la fosse, o\u00f9 une fillette, perch\u00e9e sur les \u00e9paules, de son papa, a re\u00e7u en cadeau l&rsquo;harmonica de Springsteen des mains m\u00eames de l&rsquo;int\u00e9ress\u00e9. Inoubliable !<\/p>\n","protected":false},"excerpt":{"rendered":"75 ans, le Boss ? Non, mais vous plaisantez ! Bruce Springsteen n&rsquo;a pas\u00a0d&rsquo;\u00e2ge, en fait. Ce samedi&hellip;\n","protected":false},"author":2,"featured_media":142385,"comment_status":"","ping_status":"","sticky":false,"template":"","format":"standard","meta":{"footnotes":""},"categories":[2814],"tags":[17,1111,11,27027,3684,1697,251,1777,674,1011,27,884,12,882,25,3685,3989,96],"class_list":{"0":"post-142384","1":"post","2":"type-post","3":"status-publish","4":"format-standard","5":"has-post-thumbnail","7":"category-marseille","8":"tag-17","9":"tag-actu","10":"tag-actualites","11":"tag-boss","12":"tag-bruce","13":"tag-concert","14":"tag-culture","15":"tag-eu","16":"tag-europe","17":"tag-fr","18":"tag-france","19":"tag-marseille","20":"tag-news","21":"tag-provence-alpes-cote-dazur","22":"tag-republique-francaise","23":"tag-springsteen","24":"tag-the","25":"tag-une"},"share_on_mastodon":{"url":"https:\/\/pubeurope.com\/@fr\/114604152252829611","error":""},"_links":{"self":[{"href":"https:\/\/www.europesays.com\/fr\/wp-json\/wp\/v2\/posts\/142384","targetHints":{"allow":["GET"]}}],"collection":[{"href":"https:\/\/www.europesays.com\/fr\/wp-json\/wp\/v2\/posts"}],"about":[{"href":"https:\/\/www.europesays.com\/fr\/wp-json\/wp\/v2\/types\/post"}],"author":[{"embeddable":true,"href":"https:\/\/www.europesays.com\/fr\/wp-json\/wp\/v2\/users\/2"}],"replies":[{"embeddable":true,"href":"https:\/\/www.europesays.com\/fr\/wp-json\/wp\/v2\/comments?post=142384"}],"version-history":[{"count":0,"href":"https:\/\/www.europesays.com\/fr\/wp-json\/wp\/v2\/posts\/142384\/revisions"}],"wp:featuredmedia":[{"embeddable":true,"href":"https:\/\/www.europesays.com\/fr\/wp-json\/wp\/v2\/media\/142385"}],"wp:attachment":[{"href":"https:\/\/www.europesays.com\/fr\/wp-json\/wp\/v2\/media?parent=142384"}],"wp:term":[{"taxonomy":"category","embeddable":true,"href":"https:\/\/www.europesays.com\/fr\/wp-json\/wp\/v2\/categories?post=142384"},{"taxonomy":"post_tag","embeddable":true,"href":"https:\/\/www.europesays.com\/fr\/wp-json\/wp\/v2\/tags?post=142384"}],"curies":[{"name":"wp","href":"https:\/\/api.w.org\/{rel}","templated":true}]}}