{"id":142386,"date":"2025-05-31T19:42:09","date_gmt":"2025-05-31T19:42:09","guid":{"rendered":"https:\/\/www.europesays.com\/fr\/142386\/"},"modified":"2025-05-31T19:42:09","modified_gmt":"2025-05-31T19:42:09","slug":"lyon-le-plein-dimpro-a-lamphitheatre-des-trois-gaules-ce-dimanche","status":"publish","type":"post","link":"https:\/\/www.europesays.com\/fr\/142386\/","title":{"rendered":"Lyon. Le plein d\u2019impro \u00e0 l\u2019Amphith\u00e9\u00e2tre des Trois Gaules ce dimanche"},"content":{"rendered":"<p>Plusieurs compagnies lyonnaises investissent l\u2019Amphith\u00e9\u00e2tre des Trois Gaules ce dimanche. Elles organisent un festival baptis\u00e9 L\u2019Impr\u00e9vu qui propose une journ\u00e9e bien remplie de 10 heures, d\u00e9clin\u00e9es autour du <a href=\"https:\/\/www.leprogres.fr\/rhone-69-edition-lyon-metropole\/2019\/02\/25\/impro-nos-bonnes-adresses\" target=\"_blank\" rel=\"nofollow noopener\">th\u00e9\u00e2tre d\u2019improvisation.<\/a> Il y aura des spectacles bien s\u00fbr, \u00e0 partir de 14\u00a0h\u00a030 et avec les prestations de plusieurs troupes, mais aussi des ateliers, des conf\u00e9rences et un forum pour d\u00e9couvrir le travail des acteurs de l\u2019impro \u00e0 Lyon.<\/p>\n<p class=\"note\">Dimanche 1er \u00a0juin de 10\u00a0h \u00e0 20\u00a0h\u00a015 \u00e0 l\u2019Amphith\u00e9\u00e2tre des Trois Gaules, rue Lucien-Sportisse (Lyon 1er ). Entr\u00e9e libre. <a href=\"https:\/\/www.le13emecri.com\" target=\"_blank\" rel=\"nofollow noopener\">www.le13emecri.com<\/a><\/p>\n","protected":false},"excerpt":{"rendered":"Plusieurs compagnies lyonnaises investissent l\u2019Amphith\u00e9\u00e2tre des Trois Gaules ce dimanche. Elles organisent un festival baptis\u00e9 L\u2019Impr\u00e9vu qui propose&hellip;\n","protected":false},"author":2,"featured_media":142387,"comment_status":"","ping_status":"","sticky":false,"template":"","format":"standard","meta":{"footnotes":""},"categories":[1889],"tags":[1111,11,2430,1687,1777,674,1011,27,2428,12,25,3140],"class_list":{"0":"post-142386","1":"post","2":"type-post","3":"status-publish","4":"format-standard","5":"has-post-thumbnail","7":"category-lyon","8":"tag-actu","9":"tag-actualites","10":"tag-auvergne-rhone-alpes","11":"tag-culture-loisirs","12":"tag-eu","13":"tag-europe","14":"tag-fr","15":"tag-france","16":"tag-lyon","17":"tag-news","18":"tag-republique-francaise","19":"tag-spectacle"},"share_on_mastodon":{"url":"https:\/\/pubeurope.com\/@fr\/114604156093269430","error":""},"_links":{"self":[{"href":"https:\/\/www.europesays.com\/fr\/wp-json\/wp\/v2\/posts\/142386","targetHints":{"allow":["GET"]}}],"collection":[{"href":"https:\/\/www.europesays.com\/fr\/wp-json\/wp\/v2\/posts"}],"about":[{"href":"https:\/\/www.europesays.com\/fr\/wp-json\/wp\/v2\/types\/post"}],"author":[{"embeddable":true,"href":"https:\/\/www.europesays.com\/fr\/wp-json\/wp\/v2\/users\/2"}],"replies":[{"embeddable":true,"href":"https:\/\/www.europesays.com\/fr\/wp-json\/wp\/v2\/comments?post=142386"}],"version-history":[{"count":0,"href":"https:\/\/www.europesays.com\/fr\/wp-json\/wp\/v2\/posts\/142386\/revisions"}],"wp:featuredmedia":[{"embeddable":true,"href":"https:\/\/www.europesays.com\/fr\/wp-json\/wp\/v2\/media\/142387"}],"wp:attachment":[{"href":"https:\/\/www.europesays.com\/fr\/wp-json\/wp\/v2\/media?parent=142386"}],"wp:term":[{"taxonomy":"category","embeddable":true,"href":"https:\/\/www.europesays.com\/fr\/wp-json\/wp\/v2\/categories?post=142386"},{"taxonomy":"post_tag","embeddable":true,"href":"https:\/\/www.europesays.com\/fr\/wp-json\/wp\/v2\/tags?post=142386"}],"curies":[{"name":"wp","href":"https:\/\/api.w.org\/{rel}","templated":true}]}}