{"id":142388,"date":"2025-05-31T19:43:10","date_gmt":"2025-05-31T19:43:10","guid":{"rendered":"https:\/\/www.europesays.com\/fr\/142388\/"},"modified":"2025-05-31T19:43:10","modified_gmt":"2025-05-31T19:43:10","slug":"lyon-un-incendie-spectaculaire-se-declare-pres-de-la-basilique-de-fourviere-que-sest-il-passe","status":"publish","type":"post","link":"https:\/\/www.europesays.com\/fr\/142388\/","title":{"rendered":"Lyon. Un incendie spectaculaire se d\u00e9clare pr\u00e8s de la basilique de Fourvi\u00e8re, que s\u2019est-il pass\u00e9\u00a0?"},"content":{"rendered":"<p>D\u00e9cid\u00e9ment, quelle que soit l\u2019heure de la journ\u00e9e ou de la nuit, il se passe toujours quelque chose dans le ciel lyonnais\u2026<\/p>\n<p>Dans la nuit de vendredi \u00e0 samedi, une forte lumi\u00e8re baign\u00e9e dans un imposant panache de fum\u00e9e a embras\u00e9 le firmament, ce qui n\u2019a pas manqu\u00e9 d\u2019intriguer les noctambules. Enqu\u00eate men\u00e9e, il s\u2019agissait d\u2019un incident technique \u00e0 la raffinerie de Feyzin, ayant entra\u00een\u00e9 la mise en action de la torch\u00e8re aux alentours de 4 heures du matin.<\/p>\n<p>  Une voiture et une fourgonnette en feu<\/p>\n<p>Ce samedi en d\u00e9but de soir\u00e9e, c\u2019est du c\u00f4t\u00e9 de Saint-Just qu\u2019il fallait lever le nez\u00a0: une \u00e9paisse fum\u00e9e noir\u00e2tre se d\u00e9ployait sur la colline, non loin La basilique Notre-Dame de Fourvi\u00e8re. D\u2019apr\u00e8s les informations recueillies par Le Progr\u00e8s , les pompiers sont intervenus \u00e0 19\u00a0h\u00a030 pour un feu de v\u00e9hicules, impliquant une voiture et une fourgonnette, qui s\u2019est d\u00e9clar\u00e9 mont\u00e9e du T\u00e9l\u00e9graphe, dans le 5e\u00a0 arrondissement de Lyon.<\/p>\n<p>Deux v\u00e9hicules et huit sapeurs-pompiers ont \u00e9t\u00e9 d\u00e9p\u00each\u00e9s sur les lieux du sinistre, aid\u00e9s d\u2019une cam\u00e9ra thermique afin d\u2019identifier les potentiels \u00ab\u00a0points chauds\u00a0\u00bb, et ainsi enrayer la propagation du feu aux alentours. L\u2019intervention a dur\u00e9 une petite heure, et aucun bless\u00e9 n\u2019est \u00e0 d\u00e9plorer. Les circonstances ayant men\u00e9 \u00e0 cet incident restent pour l\u2019heure inconnues.<\/p>\n<p>Reste la dimension spectaculaire de cet \u00e9pais panache de fum\u00e9e noire, qui a suscit\u00e9 tout \u00e0 la fois <a href=\"https:\/\/www.reddit.com\/r\/Lyon\/comments\/1l02zoa\/quelque_chose_de_grave_esti_arriv%C3%A9\/\" target=\"_blank\" rel=\"nofollow noopener\">curiosit\u00e9 et inqui\u00e9tude<\/a> aupr\u00e8s des Lyonnais.<\/p>\n","protected":false},"excerpt":{"rendered":"D\u00e9cid\u00e9ment, quelle que soit l\u2019heure de la journ\u00e9e ou de la nuit, il se passe toujours quelque chose&hellip;\n","protected":false},"author":2,"featured_media":142389,"comment_status":"","ping_status":"","sticky":false,"template":"","format":"standard","meta":{"footnotes":""},"categories":[1889],"tags":[1111,11,2430,2757,1777,674,274,107,1011,27,1310,2428,2756,12,25,2429],"class_list":{"0":"post-142388","1":"post","2":"type-post","3":"status-publish","4":"format-standard","5":"has-post-thumbnail","7":"category-lyon","8":"tag-actu","9":"tag-actualites","10":"tag-auvergne-rhone-alpes","11":"tag-edition-lyon-villeurbanne","12":"tag-eu","13":"tag-europe","14":"tag-faits-divers-justice","15":"tag-fil-info","16":"tag-fr","17":"tag-france","18":"tag-incendie","19":"tag-lyon","20":"tag-lyon-bassin","21":"tag-news","22":"tag-republique-francaise","23":"tag-rhone"},"share_on_mastodon":{"url":"https:\/\/pubeurope.com\/@fr\/114604159949010371","error":""},"_links":{"self":[{"href":"https:\/\/www.europesays.com\/fr\/wp-json\/wp\/v2\/posts\/142388","targetHints":{"allow":["GET"]}}],"collection":[{"href":"https:\/\/www.europesays.com\/fr\/wp-json\/wp\/v2\/posts"}],"about":[{"href":"https:\/\/www.europesays.com\/fr\/wp-json\/wp\/v2\/types\/post"}],"author":[{"embeddable":true,"href":"https:\/\/www.europesays.com\/fr\/wp-json\/wp\/v2\/users\/2"}],"replies":[{"embeddable":true,"href":"https:\/\/www.europesays.com\/fr\/wp-json\/wp\/v2\/comments?post=142388"}],"version-history":[{"count":0,"href":"https:\/\/www.europesays.com\/fr\/wp-json\/wp\/v2\/posts\/142388\/revisions"}],"wp:featuredmedia":[{"embeddable":true,"href":"https:\/\/www.europesays.com\/fr\/wp-json\/wp\/v2\/media\/142389"}],"wp:attachment":[{"href":"https:\/\/www.europesays.com\/fr\/wp-json\/wp\/v2\/media?parent=142388"}],"wp:term":[{"taxonomy":"category","embeddable":true,"href":"https:\/\/www.europesays.com\/fr\/wp-json\/wp\/v2\/categories?post=142388"},{"taxonomy":"post_tag","embeddable":true,"href":"https:\/\/www.europesays.com\/fr\/wp-json\/wp\/v2\/tags?post=142388"}],"curies":[{"name":"wp","href":"https:\/\/api.w.org\/{rel}","templated":true}]}}