{"id":142398,"date":"2025-05-31T19:50:13","date_gmt":"2025-05-31T19:50:13","guid":{"rendered":"https:\/\/www.europesays.com\/fr\/142398\/"},"modified":"2025-05-31T19:50:13","modified_gmt":"2025-05-31T19:50:13","slug":"guerre-en-ukraine-nouvelles-evacuations-dans-la-region-de-soumy-la-menace-russe-de-plus-en-plus-forte","status":"publish","type":"post","link":"https:\/\/www.europesays.com\/fr\/142398\/","title":{"rendered":"Guerre en Ukraine : nouvelles \u00e9vacuations dans la r\u00e9gion de Soumy, la menace russe de plus en plus forte ?"},"content":{"rendered":"<p>La Russie a revendiqu\u00e9 samedi la prise d&rsquo;un nouveau village dans la r\u00e9gion ukrainienne de Soumy.Depuis plusieurs jours, Kiev craint un assaut d&rsquo;ampleur dans cette zone, tandis que Vladimir Poutine a annonc\u00e9 le lancement d'\u00a0\u00bbune zone tampon de s\u00e9curit\u00e9\u00a0\u00bb le long des fronti\u00e8res russes.Face \u00e0 cette pression croissante, l&rsquo;Ukraine vient d&rsquo;ordonner de nouvelles \u00e9vacuations.<a href=\"https:\/\/www.tf1info.fr\/actualite\/invasion-de-l-ukraine-par-la-russie-une-guerre-qui-dure-12951\/\" rel=\"noopener\" class=\"jsx-3118104007 Link jsx-1428418400 jsx-554215408\" target=\"_blank\"><\/p>\n<p style=\"font-weight:400\" class=\"jsx-1837267516\">Suivez la couverture compl\u00e8te<\/p>\n<p style=\"font-weight:800\" class=\"jsx-1837267516\">Ukraine : 4\u1d49 ann\u00e9e de guerre<\/p>\n<p><\/a><\/p>\n<p data-module=\"article-paragraph\" class=\"jsx-362436225 Paragraph\">De jour en jour, les alertes s&rsquo;accumulent. Les autorit\u00e9s de Soumy, r\u00e9gion du nord-est de l&rsquo;Ukraine frontali\u00e8re de la Russie, ont annonc\u00e9 samedi 31 mai l&rsquo;\u00e9vacuation obligatoire de <a href=\"https:\/\/www.tf1info.fr\/international\/direct-guerre-ukraine-russie-poutine-zelensky-accuse-moscou-de-saborder-negociations-les-informations-aujourdhui-samedi-mai-2025-2374127.html\" target=\"_blank\" rel=\"noopener\">11 villages en raison des \u00ab\u00a0bombardements\u00a0\u00bb (nouvelle fen\u00eatre)<\/a>, tandis que de son c\u00f4t\u00e9, la Russie a revendiqu\u00e9 la prise d&rsquo;un nouveau village dans cette r\u00e9gion. Si l&rsquo;essentiel des combats se concentre dans l&rsquo;est de l&rsquo;Ukraine, Kiev redoute depuis plusieurs jours d\u00e9j\u00e0 une nouvelle offensive russe dans cette zone, tandis que les <a href=\"https:\/\/www.tf1info.fr\/international\/video-guerre-en-ukraine-moscou-propose-des-negociations-tout-en-battant-le-record-du-nombre-de-drones-lances-2373839.html\" target=\"_blank\" rel=\"noopener\">n\u00e9gociations en vue d&rsquo;un cessez-le-feu (nouvelle fen\u00eatre)<\/a> ne semblent pas aboutir pour l&rsquo;heure.<\/p>\n<p data-module=\"article-paragraph\" class=\"jsx-362436225 Paragraph Paragraph__End\">\u00ab\u00a0Compte tenu de la menace constante qui p\u00e8se sur la vie des civils en raison des bombardements des localit\u00e9s frontali\u00e8res\u00a0\u00bb, l&rsquo;administration de Soumy a d\u00e9cid\u00e9 d&rsquo;\u00e9vacuer 11 villages pr\u00e8s de cette fronti\u00e8re, a-t-elle indiqu\u00e9 samedi. Au total, 213 localit\u00e9s de la r\u00e9gion sont d\u00e9j\u00e0 plac\u00e9es sous ordre d&rsquo;\u00e9vacuation. En parall\u00e8le, le commandant en chef de l&rsquo;arm\u00e9e ukrainienne, Oleksandre Syrsky, a affirm\u00e9 que la Russie concentrait ses assauts sur des \u00ab\u00a0parties de la r\u00e9gion de Soumy\u00a0\u00bb.<\/p>\n<p>Une pression qui s&rsquo;accro\u00eet au fil des jours<\/p>\n<p data-module=\"article-paragraph\" class=\"jsx-362436225 Paragraph\">L&rsquo;\u00e9vacuation obligatoire d&rsquo;un village est g\u00e9n\u00e9ralement d\u00e9cid\u00e9e quand les combats s&rsquo;intensifient, mais ne signifie pas forc\u00e9ment que l&rsquo;arm\u00e9e russe s&rsquo;appr\u00eate \u00e0 s&rsquo;en emparer. Mais il est clair que le danger se rapproche : ce samedi, le minist\u00e8re russe de la D\u00e9fense a affirm\u00e9 avoir pris le village de Vodolagy, pr\u00e8s de la fronti\u00e8re. Cette semaine, les forces russes avaient d\u00e9j\u00e0 revendiqu\u00e9 avoir mis la main sur plusieurs autres localit\u00e9s de la r\u00e9gion.<\/p>\n<p data-module=\"article-paragraph\" class=\"jsx-362436225 Paragraph Paragraph__End\">Et les troupes de Moscou semblent poursuivre leur progression : selon le <a href=\"https:\/\/understandingwar.org\/backgrounder\/russian-offensive-campaign-assessment-may-30-2025\" target=\"_blank\" rel=\"nofollow noopener\">dernier rapport (nouvelle fen\u00eatre)<\/a> de l&rsquo;Institute for the Study of War (ISW), publi\u00e9 vendredi, des sources russes ont fait \u00e9tat d&rsquo;avanc\u00e9es notamment pr\u00e8s de quatre localit\u00e9s au nord de la ville de Soumy. \u00ab\u00a0Une source affili\u00e9e au renseignement militaire ukrainien a d\u00e9clar\u00e9 que l&rsquo;offensive russe s&rsquo;intensifiait dans le nord\u00a0\u00bb de la r\u00e9gion, ajoute le document.\u00a0<\/p>\n<ul class=\"jsx-3657663356 ReadMoreArticle__List flex flex-column\">\n<li class=\"jsx-3657663356\"><a href=\"https:\/\/www.tf1info.fr\/international\/guerre-en-ukraine-une-zone-tampon-a-la-frontiere-le-nouvel-objectif-de-la-russie-2372630.html\" rel=\"noopener\" class=\"jsx-4233824444 Link flex\" target=\"_blank\"><img decoding=\"async\" src=\"https:\/\/www.europesays.com\/fr\/wp-content\/uploads\/2025\/05\/soumy-ukraine-avril-2025-9320e7-0@1x.jpeg\" alt=\"Lire aussi\" loading=\"lazy\" importance=\"low\" fetchpriority=\"low\" class=\"\"\/>\n<p class=\"jsx-3657663356 ReadMoreArticle__Title\">Lire aussi<\/p>\n<p class=\"jsx-3657663356\">Ukraine : une \u00ab\u00a0zone tampon\u00a0\u00bb dans la r\u00e9gion de Soumy, le nouvel objectif de la Russie ?<\/p>\n<p><\/a><\/li>\n<\/ul>\n<p data-module=\"article-paragraph\" class=\"jsx-362436225 Paragraph\">Depuis plusieurs jours d\u00e9j\u00e0, Kiev s&rsquo;inqui\u00e8te d&rsquo;une pression accrue des forces russes vers cette r\u00e9gion. De r\u00e9centes d\u00e9clarations de Vladimir Poutine avaient mis le feu aux poudres : le 22 mai dernier, le dirigeant russe annon\u00e7ait avoir approuv\u00e9 la cr\u00e9ation d'\u00a0\u00bbune zone tampon de s\u00e9curit\u00e9\u00a0\u00bb le long des fronti\u00e8res de son pays, lors d&rsquo;une r\u00e9union avec des responsables gouvernementaux. \u00ab\u00a0Nos forces arm\u00e9es travaillent activement \u00e0 l&rsquo;accomplissement de cette t\u00e2che\u00a0\u00bb, avait-il ajout\u00e9, cit\u00e9 par l&rsquo;agence de presse russe Tass.\u00a0<\/p>\n<p data-module=\"article-paragraph\" class=\"jsx-362436225 Paragraph Paragraph__End\">Bien qu&rsquo;il ne citait pas sp\u00e9cifiquement la r\u00e9gion de Soumy, les alertes des autorit\u00e9s ukrainiennes concernant cette zone s&rsquo;encha\u00eenent depuis. Plus t\u00f4t cette semaine, le pr\u00e9sident ukrainien Volodymyr Zelensky a affirm\u00e9 que Moscou massait plus de <a href=\"https:\/\/www.tf1info.fr\/international\/guerre-ukraine-russie-50-000-soldats-russes-masses-pres-de-la-region-ukrainienne-de-soumy-l-alerte-de-volodymyr-zelensky-2373534.html\" target=\"_blank\" rel=\"noopener\">50.000 soldats pr\u00e8s de cet oblast (nouvelle fen\u00eatre)<\/a>, en vue d&rsquo;une possible offensive. \u00ab\u00a0Il s&rsquo;agit d&rsquo;unit\u00e9s de combat entra\u00een\u00e9es &#8211; troupes a\u00e9roport\u00e9es, marines, celles qui ont \u00e9t\u00e9 sp\u00e9cialement transf\u00e9r\u00e9es pour remplacer nos troupes\u00a0\u00bb, a expliqu\u00e9 une source au sein des forces de d\u00e9fense ukrainiennes au journal ukrainien <a href=\"https:\/\/kyivindependent.com\/ukraine-braces-for-potential-russian-offensive-into-sumy-oblast-but-uncertainty-remains\/\" target=\"_blank\" rel=\"nofollow noopener\">The Kyiv Independent (nouvelle fen\u00eatre)<\/a>.<\/p>\n<p>Une \u00ab\u00a0zone tampon\u00a0\u00bb pour emp\u00eacher une nouvelle intrusion ukrainienne ? <\/p>\n<p data-module=\"article-paragraph\" class=\"jsx-362436225 Paragraph\">Le porte-parole du service d&rsquo;\u00c9tat des garde-fronti\u00e8res, Andri\u00ef Demtchenko, a quant \u00e0 lui affirm\u00e9 jeudi \u00e0 la t\u00e9l\u00e9vision ukrainienne que la Russie avait mass\u00e9 assez de forces dans cette zone pour \u00ab\u00a0tenter une attaque\u00a0\u00bb. Selon lui, ce \u00ab\u00a0renforcement\u00a0\u00bb a commenc\u00e9 quand les forces de Moscou luttaient contre les soldats ukrainiens dans la r\u00e9gion russe de Koursk, qui fait face \u00e0 celle de Soumy.\u00a0<\/p>\n<p data-module=\"article-paragraph\" class=\"jsx-362436225 Paragraph\">L&rsquo;arm\u00e9e ukrainienne y avait lanc\u00e9 une offensive surprise en ao\u00fbt dernier, un <a href=\"https:\/\/www.tf1info.fr\/international\/guerre-en-ukraine-incursion-a-koursk-une-humiliation-publique-pour-poutine-estime-l-opposant-russe-vladimir-kara-murza-2318979.html\" target=\"_blank\" rel=\"noopener\">\u00e9pisode embarrassant pour le Kremlin (nouvelle fen\u00eatre)<\/a>. Mais elle a perdu depuis la quasi-totalit\u00e9 du territoire qu&rsquo;elle contr\u00f4lait, et la Russie assure <a href=\"https:\/\/www.tf1info.fr\/international\/guerre-ukraine-russie-vladimir-poutine-en-visite-dans-la-region-russe-de-koursk-recemment-reprise-a-kiev-2372155.html\" target=\"_blank\" rel=\"noopener\">l&rsquo;en avoir chass\u00e9 compl\u00e8tement (nouvelle fen\u00eatre)<\/a>. Moscou pourrait ainsi vouloir cr\u00e9er une zone tampon pour emp\u00eacher de nouvelles incursions sur son territoire.\u00a0<\/p>\n<p data-module=\"article-paragraph\" class=\"jsx-362436225 Paragraph Paragraph__End\">Toute attaque \u00e0 grande \u00e9chelle repr\u00e9senterait un d\u00e9fi important pour l&rsquo;arm\u00e9e ukrainienne, moins bien dot\u00e9e et d\u00e9j\u00e0 en position difficile. Un nouvel assaut d&rsquo;ampleur pourrait mettre \u00e0 mal ses ressources. Pour l&rsquo;heure, Moscou m\u00e8ne des attaques de petite envergure dans la r\u00e9gion de Soumy, avec de petites incursions men\u00e9es par des escadrons d&rsquo;infanterie, mais elle a d\u00e9j\u00e0 \u00e9largi sa \u00ab\u00a0zone d&rsquo;essai\u00a0\u00bb, avec le m\u00eame mode op\u00e9ratoire, a indiqu\u00e9 Andri\u00ef Demtchenko au Kyiv Independent.\u00a0<\/p>\n<ul class=\"jsx-3657663356 ReadMoreArticle__List flex flex-column\">\n<li class=\"jsx-3657663356\"><a href=\"https:\/\/www.tf1info.fr\/international\/guerre-ukraine-deux-offensives-russes-a-venir-2373628.html\" rel=\"noopener\" class=\"jsx-4233824444 Link flex\" target=\"_blank\"><img decoding=\"async\" src=\"https:\/\/www.europesays.com\/fr\/wp-content\/uploads\/2025\/05\/sur-la-route-de-la-mort-entre-la-region-de-koursk-et-l-ukraine-5530e3-0@1x.jpeg\" alt=\"Lire aussi\" loading=\"lazy\" importance=\"low\" fetchpriority=\"low\" class=\"\"\/>\n<p class=\"jsx-3657663356 ReadMoreArticle__Title\">Lire aussi<\/p>\n<p class=\"jsx-3657663356\">\u00c0 l&rsquo;est puis au nord de l&rsquo;Ukraine : deux offensives russes \u00e0 venir ?<\/p>\n<p><\/a><\/li>\n<\/ul>\n<p data-module=\"article-paragraph\" class=\"jsx-362436225 Paragraph\">Selon les m\u00e9dias ukrainiens, les intentions du Kremlin et son projet pr\u00e9cis restent d\u00e9licats \u00e0 d\u00e9chiffrer pour le moment. Mais il est certain que si les Russes parviennent \u00e0 s\u00e9curiser cette fameuse \u00ab\u00a0zone tampon\u00a0\u00bb, \u00ab\u00a0ils iront plus loin\u00a0\u00bb, a assur\u00e9 une source au sein des forces de d\u00e9fense de l&rsquo;Ukraine aupr\u00e8s du journal. \u00a0<\/p>\n<p data-module=\"article-paragraph\" class=\"jsx-362436225 Paragraph Paragraph__End\">En parall\u00e8le, l&rsquo;essentiel des combats se concentre dans l&rsquo;est de l&rsquo;Ukraine, notamment dans la r\u00e9gion de Donetsk. Les soldats combattent aussi dans le sud, sp\u00e9cifiquement dans la r\u00e9gion de Zaporijia o\u00f9 Kiev craint \u00e9galement une offensive, et dans la r\u00e9gion de Kharkiv (nord-est). Tandis que sur le plan diplomatique, les efforts s&rsquo;intensifient, mais sans r\u00e9sultat pour l&rsquo;heure. La Russie a propos\u00e9 \u00e0 l&rsquo;Ukraine de se retrouver pour de nouveaux pourparlers directs lundi \u00e0 Istanbul, mais Kiev demande entre autres \u00e0 recevoir \u00e0 l&rsquo;avance le \u00ab\u00a0m\u00e9morandum\u00a0\u00bb exposant les conditions de Moscou pour une paix durable, ce que le Kremlin a refus\u00e9.<\/p>\n<p>Ma\u00eblane LOA\u00cbC avec AFP<\/p>\n","protected":false},"excerpt":{"rendered":"La Russie a revendiqu\u00e9 samedi la prise d&rsquo;un nouveau village dans la r\u00e9gion ukrainienne de Soumy.Depuis plusieurs jours,&hellip;\n","protected":false},"author":2,"featured_media":142399,"comment_status":"","ping_status":"","sticky":false,"template":"","format":"standard","meta":{"footnotes":""},"categories":[1591],"tags":[1111,11,1921,5925,1887,1918,1922,12,1885,1886,132,220,1917,133,1920],"class_list":{"0":"post-142398","1":"post","2":"type-post","3":"status-publish","4":"format-standard","5":"has-post-thumbnail","7":"category-russie","8":"tag-actu","9":"tag-actualites","10":"tag-article-video","11":"tag-conflits-et-guerre","12":"tag-federation-de-russie","13":"tag-guerre-en-ukraine-une-treve-en-negociation","14":"tag-info","15":"tag-news","16":"tag-russia","17":"tag-russian-federation","18":"tag-russie","19":"tag-ukraine","20":"tag-ukraine-4-annee-de-guerre","21":"tag-video","22":"tag-video-international"},"share_on_mastodon":{"url":"https:\/\/pubeurope.com\/@fr\/114604187708959406","error":""},"_links":{"self":[{"href":"https:\/\/www.europesays.com\/fr\/wp-json\/wp\/v2\/posts\/142398","targetHints":{"allow":["GET"]}}],"collection":[{"href":"https:\/\/www.europesays.com\/fr\/wp-json\/wp\/v2\/posts"}],"about":[{"href":"https:\/\/www.europesays.com\/fr\/wp-json\/wp\/v2\/types\/post"}],"author":[{"embeddable":true,"href":"https:\/\/www.europesays.com\/fr\/wp-json\/wp\/v2\/users\/2"}],"replies":[{"embeddable":true,"href":"https:\/\/www.europesays.com\/fr\/wp-json\/wp\/v2\/comments?post=142398"}],"version-history":[{"count":0,"href":"https:\/\/www.europesays.com\/fr\/wp-json\/wp\/v2\/posts\/142398\/revisions"}],"wp:featuredmedia":[{"embeddable":true,"href":"https:\/\/www.europesays.com\/fr\/wp-json\/wp\/v2\/media\/142399"}],"wp:attachment":[{"href":"https:\/\/www.europesays.com\/fr\/wp-json\/wp\/v2\/media?parent=142398"}],"wp:term":[{"taxonomy":"category","embeddable":true,"href":"https:\/\/www.europesays.com\/fr\/wp-json\/wp\/v2\/categories?post=142398"},{"taxonomy":"post_tag","embeddable":true,"href":"https:\/\/www.europesays.com\/fr\/wp-json\/wp\/v2\/tags?post=142398"}],"curies":[{"name":"wp","href":"https:\/\/api.w.org\/{rel}","templated":true}]}}