{"id":142400,"date":"2025-05-31T19:51:12","date_gmt":"2025-05-31T19:51:12","guid":{"rendered":"https:\/\/www.europesays.com\/fr\/142400\/"},"modified":"2025-05-31T19:51:12","modified_gmt":"2025-05-31T19:51:12","slug":"crainte-dun-coup-de-boutoir-majeur-cote-russe-et-premiere-rencontre-entre-trump-et-lallemagne","status":"publish","type":"post","link":"https:\/\/www.europesays.com\/fr\/142400\/","title":{"rendered":"Crainte d\u2019un coup de boutoir majeur c\u00f4t\u00e9 russe et premi\u00e8re rencontre entre Trump et l\u2019Allemagne"},"content":{"rendered":"<p><strong>r\u00e9cap&rsquo; &#8211; \u00ab 20 Minutes \u00bb fait le point pour vous tous les soirs sur le conflit en Ukraine. Ce samedi, la journ\u00e9e est marqu\u00e9e par la crainte d\u2019une offensive majeure dans la r\u00e9gion frontali\u00e8re de Soumy<\/strong><\/p>\n<p>Vous avez rat\u00e9 les derniers \u00e9v\u00e9nements sur la <a href=\"https:\/\/www.20minutes.fr\/monde\/ukraine\/?at_medium=RSS%20feed&amp;at_campaign=ynews&amp;utm_source=yahoo&amp;utm_medium=rss&amp;utm_campaign=news_feed&amp;utm_content=in_article_link\" rel=\"nofollow noopener\" target=\"_blank\" data-ylk=\"slk:guerre en Ukraine;elm:context_link;itc:0;sec:content-canvas\" class=\"link \">guerre en Ukraine<\/a> ? 20 Minutes fait le point pour vous tous les soirs. Voici l\u2019essentiel de ce samedi 31 mai, 1.193e jour du conflit.<\/p>\n<p>Le fait du jour<\/p>\n<p>Le chancelier allemand <a href=\"https:\/\/www.20minutes.fr\/politique\/friedrich-merz\/?at_medium=RSS%20feed&amp;at_campaign=ynews&amp;utm_source=yahoo&amp;utm_medium=rss&amp;utm_campaign=news_feed&amp;utm_content=in_article_link\" rel=\"nofollow noopener\" target=\"_blank\" data-ylk=\"slk:Friedrich Merz;elm:context_link;itc:0;sec:content-canvas\" class=\"link \">Friedrich Merz<\/a>, qui a pris ses fonctions le 6 mai, rencontrera pour la premi\u00e8re fois jeudi <a href=\"https:\/\/www.20minutes.fr\/dossier\/donald_trump?at_medium=RSS%20feed&amp;at_campaign=ynews&amp;utm_source=yahoo&amp;utm_medium=rss&amp;utm_campaign=news_feed&amp;utm_content=in_article_link\" rel=\"nofollow noopener\" target=\"_blank\" data-ylk=\"slk:Donald Trump;elm:context_link;itc:0;sec:content-canvas\" class=\"link \">Donald Trump<\/a>, qui le recevra \u00e0 la Maison Blanche. Et il y aura assur\u00e9ment de quoi papoter.<\/p>\n<p>Outre le d\u00e9bat \u00e9pineux des droits de <a href=\"https:\/\/www.20minutes.fr\/dossier\/douane?at_medium=RSS%20feed&amp;at_campaign=ynews&amp;utm_source=yahoo&amp;utm_medium=rss&amp;utm_campaign=news_feed&amp;utm_content=in_article_link\" rel=\"nofollow noopener\" target=\"_blank\" data-ylk=\"slk:douane;elm:context_link;itc:0;sec:content-canvas\" class=\"link \">douane<\/a>, les deux chefs d\u2019Etat parleront de la situation au Moyen-Orient, \u00ab la guerre d\u2019agression de la Russie contre l\u2019Ukraine \u00bb, ainsi que les relations entre leurs deux pays, a pr\u00e9cis\u00e9 le porte-parole allemand. Friedrich Merz et Donald Trump ont d\u00e9j\u00e0 eu plusieurs conversations t\u00e9l\u00e9phoniques.<\/p>\n<p>En raison de l\u2019importance des exportations pour son \u00e9conomie, l\u2019Allemagne est particuli\u00e8rement inqui\u00e8te des r\u00e9percussions de la guerre commerciale lanc\u00e9e par Washington.<\/p>\n<p>La d\u00e9claration du jour<\/p>\n<blockquote class=\"caas-blockquote\">\n<p>\u00ab Le gouvernement a adopt\u00e9 un nouveau r\u00e8glement qui renforce le contr\u00f4le des navires \u00e9trangers en exigeant des informations sur leurs assurances \u00bb, a d\u00e9clar\u00e9 le gouvernement finlandais dans un communiqu\u00e9. Il \u00ab vise \u00e0 lutter contre cette flotte fant\u00f4me et, ce faisant, \u00e0 am\u00e9liorer la s\u00e9curit\u00e9 maritime et la protection de l\u2019environnement \u00bb.<\/p>\n<\/blockquote>\n<p>La flotte fant\u00f4me, me demanderiez-vous ? Il s\u2019agit du nom donn\u00e9 \u00e0 la flotte clandestine, sans pavillon (ou difficilement tra\u00e7ables), sans assurance, qu\u2019a constitu\u00e9e la Russie pour exporter son p\u00e9trole ill\u00e9galement, la plupart des sanc(&#8230;)<\/p>\n<p><a href=\"https:\/\/www.20minutes.fr\/monde\/ukraine\/4156250-20250531-guerre-ukraine-crainte-coup-boutoir-majeur-cote-russe-premiere-rencontre-entre-trump-allemagne?at_medium=RSS%20feed&amp;at_campaign=ynews&amp;utm_source=yahoo&amp;utm_medium=rss&amp;utm_campaign=news_feed&amp;utm_content=read_more_link\" rel=\"nofollow noopener\" target=\"_blank\" data-ylk=\"slk:Lire la suite sur 20minutes;elm:context_link;itc:0;sec:content-canvas\" class=\"link \">Lire la suite sur 20minutes<\/a><\/p>\n<p>\u00c0 lire aussi :<br \/><a href=\"https:\/\/www.20minutes.fr\/monde\/ukraine\/4143326-20250313-guerre-ukraine-ukraine-deja-six-presidents-combien-russie-combien-bielorussie?at_medium=RSS%20feed&amp;at_campaign=ynews&amp;utm_source=yahoo&amp;utm_medium=rss&amp;utm_campaign=news_feed&amp;utm_content=related_content_link\" rel=\"nofollow noopener\" target=\"_blank\" data-ylk=\"slk:Guerre en Ukraine : \u00ab L\u2019Ukraine a d\u00e9j\u00e0 eu six pr\u00e9sidents. Combien en Russie ? Combien en Bi\u00e9lorussie ? \u00bb;elm:context_link;itc:0;sec:content-canvas\" class=\"link \">Guerre en Ukraine : \u00ab L\u2019Ukraine a d\u00e9j\u00e0 eu six pr\u00e9sidents. Combien en Russie ? Combien en Bi\u00e9lorussie ? \u00bb<\/a><br \/><a href=\"https:\/\/www.20minutes.fr\/politique\/4142116-20250306-guerre-ukraine-emmanuel-macron-chef-guerre-role-vie?at_medium=RSS%20feed&amp;at_campaign=ynews&amp;utm_source=yahoo&amp;utm_medium=rss&amp;utm_campaign=news_feed&amp;utm_content=related_content_link\" rel=\"nofollow noopener\" target=\"_blank\" data-ylk=\"slk:Guerre en Ukraine : Emmanuel Macron en chef de guerre, le r\u00f4le de sa vie ?;elm:context_link;itc:0;sec:content-canvas\" class=\"link \">Guerre en Ukraine : Emmanuel Macron en chef de guerre, le r\u00f4le de sa vie ?<\/a><\/p>\n","protected":false},"excerpt":{"rendered":"r\u00e9cap&rsquo; &#8211; \u00ab 20 Minutes \u00bb fait le point pour vous tous les soirs sur le conflit en&hellip;\n","protected":false},"author":2,"featured_media":142401,"comment_status":"","ping_status":"","sticky":false,"template":"","format":"standard","meta":{"footnotes":""},"categories":[1590],"tags":[642,11,75,1777,674,4710,12,27039,220],"class_list":{"0":"post-142400","1":"post","2":"type-post","3":"status-publish","4":"format-standard","5":"has-post-thumbnail","7":"category-ukraine","8":"tag-20-minutes","9":"tag-actualites","10":"tag-donald-trump","11":"tag-eu","12":"tag-europe","13":"tag-friedrich-merz","14":"tag-news","15":"tag-region-frontaliere","16":"tag-ukraine"},"share_on_mastodon":{"url":"https:\/\/pubeurope.com\/@fr\/114604191445424037","error":""},"_links":{"self":[{"href":"https:\/\/www.europesays.com\/fr\/wp-json\/wp\/v2\/posts\/142400","targetHints":{"allow":["GET"]}}],"collection":[{"href":"https:\/\/www.europesays.com\/fr\/wp-json\/wp\/v2\/posts"}],"about":[{"href":"https:\/\/www.europesays.com\/fr\/wp-json\/wp\/v2\/types\/post"}],"author":[{"embeddable":true,"href":"https:\/\/www.europesays.com\/fr\/wp-json\/wp\/v2\/users\/2"}],"replies":[{"embeddable":true,"href":"https:\/\/www.europesays.com\/fr\/wp-json\/wp\/v2\/comments?post=142400"}],"version-history":[{"count":0,"href":"https:\/\/www.europesays.com\/fr\/wp-json\/wp\/v2\/posts\/142400\/revisions"}],"wp:featuredmedia":[{"embeddable":true,"href":"https:\/\/www.europesays.com\/fr\/wp-json\/wp\/v2\/media\/142401"}],"wp:attachment":[{"href":"https:\/\/www.europesays.com\/fr\/wp-json\/wp\/v2\/media?parent=142400"}],"wp:term":[{"taxonomy":"category","embeddable":true,"href":"https:\/\/www.europesays.com\/fr\/wp-json\/wp\/v2\/categories?post=142400"},{"taxonomy":"post_tag","embeddable":true,"href":"https:\/\/www.europesays.com\/fr\/wp-json\/wp\/v2\/tags?post=142400"}],"curies":[{"name":"wp","href":"https:\/\/api.w.org\/{rel}","templated":true}]}}