{"id":142428,"date":"2025-05-31T20:09:08","date_gmt":"2025-05-31T20:09:08","guid":{"rendered":"https:\/\/www.europesays.com\/fr\/142428\/"},"modified":"2025-05-31T20:09:08","modified_gmt":"2025-05-31T20:09:08","slug":"miss-monde-2025-triomphe-pour-miss-martinique-aurelie-joachim-sacree-miss-amerique","status":"publish","type":"post","link":"https:\/\/www.europesays.com\/fr\/142428\/","title":{"rendered":"Miss Monde 2025 : triomphe pour Miss Martinique, Aur\u00e9lie Joachim sacr\u00e9e Miss Am\u00e9rique"},"content":{"rendered":"<p>      R\u00e9sum\u00e9<\/p>\n<p>Aur\u00e9lie Joachim, Miss Martinique 2016, a remport\u00e9 le titre Miss World America 2025 et s&rsquo;est class\u00e9e 4e au concours Miss Monde, marquant une performance historique.<\/p>\n<p>        Sommaire<\/p>\n<p>Si Agathe Cauet a subi <a href=\"https:\/\/www.public.fr\/miss-monde-la-france-echoue-completement\" target=\"_blank\" rel=\"noopener\">une lourde d\u00e9sillusion<\/a>, en r\u00e9alisant <strong>l&rsquo;un des plus mauvais scores m\u00e9tropolitains<\/strong> depuis Flora Coquerel en 2014 \u00e0 Miss Monde, heureusement, d&rsquo;autres Fran\u00e7aises nous ont fait briller. La Martinique \u00e9tait repr\u00e9sent\u00e9e par Aur\u00e9lie Joachim, qui avait \u00e9t\u00e9 sacr\u00e9e Miss Martinique 2016. Si elle n&rsquo;a pas \u00e9t\u00e9 class\u00e9e au concours Miss France 2017, <strong>la Martiniquaise a tout rafl\u00e9 au concours Miss Monde<\/strong>, et est parvenue \u00e0 rafler le titre Miss World America.<\/p>\n<p>En effet, <a href=\"https:\/\/www.public.fr\/miss-monde-2025-ou-suivre-la-finale-du-concours-avec-sylvie-tellier\" target=\"_blank\" rel=\"noopener\">l&rsquo;\u00e9v\u00e8nement Miss World<\/a>, organis\u00e9 tous les deux ans, sacre les Miss par continents. La finale oppose ainsi les 4 Miss des super-continents. <strong>Le titre Miss America a \u00e9t\u00e9 remport\u00e9 par Aur\u00e9lie Joachim<\/strong>, tandis que le titre Miss Africa a \u00e9t\u00e9 remport\u00e9 par l&rsquo;\u00c9thiopienne Hasset Dereje. C&rsquo;est la Polonaise Maja Klajda qui s&rsquo;est impos\u00e9e pour le titre Miss Europa, et la Tha\u00eflandaise Opal Suchata a remport\u00e9 le titre Miss Asia &amp; Oceania. Mais qui a rafl\u00e9 le titre Miss Monde 2025 ?<\/p>\n<p>4e \u00e0 Miss Monde, une premi\u00e8re historique pour la Martinique<\/p>\n<p>A l&rsquo;issue de cette super finale, <strong>c&rsquo;est la Tha\u00eflandaise Opal Suchata qui a remport\u00e9 le concours Miss World 2025<\/strong>. Elle succ\u00e8de ainsi \u00e0 la Tch\u00e8que Krystyna Pyszkova\u0301, qui avait remport\u00e9 le concours il y a deux ans. L&rsquo;Ethiopie est arriv\u00e9e en seconde position, suivie de la Pologne. La Martiniquaise a ainsi ferm\u00e9 la marche, et s&rsquo;est donc class\u00e9e 3e dauphine.<\/p>\n<p>Pour Aur\u00e9lie Joachim, il s&rsquo;agit-l\u00e0 d&rsquo;une belle revanche sur le concours Miss France, qui l&rsquo;avait tr\u00e8s rapidement \u00e9limin\u00e9e en 2017. Cette ann\u00e9e-l\u00e0, c&rsquo;est <strong>Alicia Aylies<\/strong> qui avait remport\u00e9 le titre. A noter que <strong>la troisi\u00e8me Fran\u00e7aise<\/strong> en lice, qui repr\u00e9sentait la Guadeloupe, a elle aussi \u00e9chou\u00e9. No\u00e9mie Milne, comme Agathe Cauet, n&rsquo;a pas \u00e9t\u00e9 class\u00e9e. <strong>La France n&rsquo;a plus remport\u00e9 le titre Miss World depuis 1953<\/strong> avec Denise Perrier. Le concours Miss Univers, a \u00e9t\u00e9 remport\u00e9 en 1953 par Christiane Martel, et en 2016 par <a href=\"https:\/\/vsd.fr\/81252-tes-une-poubelle-iris-mittenaere-degomme-lun-de-ses-ex-en-pleine-interview\/\" target=\"_blank\" rel=\"noopener\">Iris Mittenaere<\/a>.<\/p>\n<p>      Mentionn\u00e9s dans cet article<\/p>\n<p>\u00c0 lire aussi<\/p>\n","protected":false},"excerpt":{"rendered":"R\u00e9sum\u00e9 Aur\u00e9lie Joachim, Miss Martinique 2016, a remport\u00e9 le titre Miss World America 2025 et s&rsquo;est class\u00e9e 4e&hellip;\n","protected":false},"author":2,"featured_media":142429,"comment_status":"","ping_status":"","sticky":false,"template":"","format":"standard","meta":{"footnotes":""},"categories":[1359],"tags":[58,11035,59,1011,27,20470,3034,27041,27042,973],"class_list":{"0":"post-142428","1":"post","2":"type-post","3":"status-publish","4":"format-standard","5":"has-post-thumbnail","7":"category-people","8":"tag-divertissement","9":"tag-election","10":"tag-entertainment","11":"tag-fr","12":"tag-france","13":"tag-martinique","14":"tag-miss-france","15":"tag-miss-martinique","16":"tag-miss-monde","17":"tag-people"},"share_on_mastodon":{"url":"https:\/\/pubeurope.com\/@fr\/114604262290782041","error":""},"_links":{"self":[{"href":"https:\/\/www.europesays.com\/fr\/wp-json\/wp\/v2\/posts\/142428","targetHints":{"allow":["GET"]}}],"collection":[{"href":"https:\/\/www.europesays.com\/fr\/wp-json\/wp\/v2\/posts"}],"about":[{"href":"https:\/\/www.europesays.com\/fr\/wp-json\/wp\/v2\/types\/post"}],"author":[{"embeddable":true,"href":"https:\/\/www.europesays.com\/fr\/wp-json\/wp\/v2\/users\/2"}],"replies":[{"embeddable":true,"href":"https:\/\/www.europesays.com\/fr\/wp-json\/wp\/v2\/comments?post=142428"}],"version-history":[{"count":0,"href":"https:\/\/www.europesays.com\/fr\/wp-json\/wp\/v2\/posts\/142428\/revisions"}],"wp:featuredmedia":[{"embeddable":true,"href":"https:\/\/www.europesays.com\/fr\/wp-json\/wp\/v2\/media\/142429"}],"wp:attachment":[{"href":"https:\/\/www.europesays.com\/fr\/wp-json\/wp\/v2\/media?parent=142428"}],"wp:term":[{"taxonomy":"category","embeddable":true,"href":"https:\/\/www.europesays.com\/fr\/wp-json\/wp\/v2\/categories?post=142428"},{"taxonomy":"post_tag","embeddable":true,"href":"https:\/\/www.europesays.com\/fr\/wp-json\/wp\/v2\/tags?post=142428"}],"curies":[{"name":"wp","href":"https:\/\/api.w.org\/{rel}","templated":true}]}}